{"id":13665,"date":"2021-11-20T02:13:36","date_gmt":"2021-11-20T05:13:36","guid":{"rendered":"https:\/\/revistaepocadigital.com.ar\/?p=13665"},"modified":"2021-11-20T02:23:16","modified_gmt":"2021-11-20T05:23:16","slug":"numeros-de-las-elecciones-en-exaltacion-de-la-cruz","status":"publish","type":"post","link":"https:\/\/revistaepocadigital.com.ar\/?p=13665","title":{"rendered":"N\u00fameros de las elecciones en Exaltaci\u00f3n de la Cruz. \u00bfQUIEN VA A PRESIDIR EL CONCEJO?"},"content":{"rendered":"<p><strong>\u00bfCOMO QUED\u00d3 EL MAPA POL\u00cdTICO EM EL DISTRITO?<\/strong><\/p>\n<p><!--more--><\/p>\n<p>Al Concejo Deliberante ingresan 4 concejales por Juntos, y 3 por el Frente de Todos. Con lo cual, se han de desempe\u00f1ar 7 concejales por cada bloque, lo que implica una total paridad a diferencia del per\u00edodo actual dominado el HCD por el oficialismo.<\/p>\n<p>Y otro dato de suma relevancia, el nuevo presidente del HCD provendr\u00e1 de Juntos, ganadores de la elecci\u00f3n, quien desempatar\u00e1 ante votaciones igualadas.<\/p>\n<p>\u00bfRa\u00fal Sancho o Patricio Diez?.<\/p>\n<p>&nbsp;<\/p>\n<p><img loading=\"lazy\" decoding=\"async\" class=\"aligncenter size-large wp-image-13667\" src=\"https:\/\/revistaepocadigital.com.ar\/wp-content\/uploads\/2021\/11\/elecc21-resul-1-1200x569.jpg\" alt=\"\" width=\"696\" height=\"330\" srcset=\"https:\/\/revistaepocadigital.com.ar\/wp-content\/uploads\/2021\/11\/elecc21-resul-1-1200x569.jpg 1200w, https:\/\/revistaepocadigital.com.ar\/wp-content\/uploads\/2021\/11\/elecc21-resul-1-300x142.jpg 300w, https:\/\/revistaepocadigital.com.ar\/wp-content\/uploads\/2021\/11\/elecc21-resul-1-768x364.jpg 768w, https:\/\/revistaepocadigital.com.ar\/wp-content\/uploads\/2021\/11\/elecc21-resul-1-696x330.jpg 696w, https:\/\/revistaepocadigital.com.ar\/wp-content\/uploads\/2021\/11\/elecc21-resul-1-1068x506.jpg 1068w, https:\/\/revistaepocadigital.com.ar\/wp-content\/uploads\/2021\/11\/elecc21-resul-1-886x420.jpg 886w, https:\/\/revistaepocadigital.com.ar\/wp-content\/uploads\/2021\/11\/elecc21-resul-1.jpg 1242w\" sizes=\"auto, (max-width: 696px) 100vw, 696px\" \/><\/p>\n","protected":false},"excerpt":{"rendered":"<p>\u00bfCOMO QUED\u00d3 EL MAPA POL\u00cdTICO EM EL DISTRITO?<\/p>\n","protected":false},"author":3,"featured_media":13666,"comment_status":"open","ping_status":"open","sticky":false,"template":"","format":"standard","meta":{"footnotes":"","jetpack_publicize_message":"","jetpack_publicize_feature_enabled":true,"jetpack_social_post_already_shared":false,"jetpack_social_options":{"image_generator_settings":{"template":"highway","default_image_id":0,"font":"","enabled":false},"version":2}},"categories":[17],"tags":[851],"class_list":["post-13665","post","type-post","status-publish","format-standard","has-post-thumbnail","hentry","category-politica","tag-elecciones-2021"],"jetpack_publicize_connections":[],"jetpack_featured_media_url":"https:\/\/revistaepocadigital.com.ar\/wp-content\/uploads\/2021\/11\/elecc21-resul.jpg","jetpack_likes_enabled":true,"_links":{"self":[{"href":"https:\/\/revistaepocadigital.com.ar\/index.php?rest_route=\/wp\/v2\/posts\/13665","targetHints":{"allow":["GET"]}}],"collection":[{"href":"https:\/\/revistaepocadigital.com.ar\/index.php?rest_route=\/wp\/v2\/posts"}],"about":[{"href":"https:\/\/revistaepocadigital.com.ar\/index.php?rest_route=\/wp\/v2\/types\/post"}],"author":[{"embeddable":true,"href":"https:\/\/revistaepocadigital.com.ar\/index.php?rest_route=\/wp\/v2\/users\/3"}],"replies":[{"embeddable":true,"href":"https:\/\/revistaepocadigital.com.ar\/index.php?rest_route=%2Fwp%2Fv2%2Fcomments&post=13665"}],"version-history":[{"count":0,"href":"https:\/\/revistaepocadigital.com.ar\/index.php?rest_route=\/wp\/v2\/posts\/13665\/revisions"}],"wp:featuredmedia":[{"embeddable":true,"href":"https:\/\/revistaepocadigital.com.ar\/index.php?rest_route=\/wp\/v2\/media\/13666"}],"wp:attachment":[{"href":"https:\/\/revistaepocadigital.com.ar\/index.php?rest_route=%2Fwp%2Fv2%2Fmedia&parent=13665"}],"wp:term":[{"taxonomy":"category","embeddable":true,"href":"https:\/\/revistaepocadigital.com.ar\/index.php?rest_route=%2Fwp%2Fv2%2Fcategories&post=13665"},{"taxonomy":"post_tag","embeddable":true,"href":"https:\/\/revistaepocadigital.com.ar\/index.php?rest_route=%2Fwp%2Fv2%2Ftags&post=13665"}],"curies":[{"name":"wp","href":"https:\/\/api.w.org\/{rel}","templated":true}]}}