{"id":13669,"date":"2021-11-17T01:06:16","date_gmt":"2021-11-17T04:06:16","guid":{"rendered":"https:\/\/revistaepocadigital.com.ar\/?p=13669"},"modified":"2021-11-22T18:46:33","modified_gmt":"2021-11-22T21:46:33","slug":"los-comercios-ante-los-feriados-del-finde-largo","status":"publish","type":"post","link":"https:\/\/revistaepocadigital.com.ar\/?p=13669","title":{"rendered":"Los comercios ante los feriados del finde largo"},"content":{"rendered":"<p><strong>INFO \u00daTIL.<\/strong><\/p>\n<p>La difundida por el Sindicato de Empleados de Comercio, filial Z\u00e1rate, que abarca a Exaltaci\u00f3n de la Cruz.<\/p>\n<p>&nbsp;<\/p>\n<p><img loading=\"lazy\" decoding=\"async\" class=\"aligncenter size-full wp-image-13670\" src=\"https:\/\/revistaepocadigital.com.ar\/wp-content\/uploads\/2021\/11\/SIN.jpg\" alt=\"\" width=\"649\" height=\"569\" srcset=\"https:\/\/revistaepocadigital.com.ar\/wp-content\/uploads\/2021\/11\/SIN.jpg 649w, https:\/\/revistaepocadigital.com.ar\/wp-content\/uploads\/2021\/11\/SIN-300x263.jpg 300w, https:\/\/revistaepocadigital.com.ar\/wp-content\/uploads\/2021\/11\/SIN-479x420.jpg 479w\" sizes=\"auto, (max-width: 649px) 100vw, 649px\" \/><\/p>\n","protected":false},"excerpt":{"rendered":"<p>INFO \u00daTIL. La difundida por el Sindicato de Empleados de Comercio, filial Z\u00e1rate, que abarca a Exaltaci\u00f3n de la Cruz. &nbsp;<\/p>\n","protected":false},"author":3,"featured_media":13670,"comment_status":"open","ping_status":"open","sticky":false,"template":"","format":"standard","meta":{"footnotes":"","jetpack_publicize_message":"","jetpack_publicize_feature_enabled":true,"jetpack_social_post_already_shared":false,"jetpack_social_options":{"image_generator_settings":{"template":"highway","default_image_id":0,"font":"","enabled":false},"version":2}},"categories":[151,13],"tags":[1673,1050],"class_list":["post-13669","post","type-post","status-publish","format-standard","has-post-thumbnail","hentry","category-empleados-de-comercio","category-interes-general","tag-feriados","tag-sindicato"],"jetpack_publicize_connections":[],"jetpack_featured_media_url":"https:\/\/revistaepocadigital.com.ar\/wp-content\/uploads\/2021\/11\/SIN.jpg","jetpack_likes_enabled":true,"_links":{"self":[{"href":"https:\/\/revistaepocadigital.com.ar\/index.php?rest_route=\/wp\/v2\/posts\/13669","targetHints":{"allow":["GET"]}}],"collection":[{"href":"https:\/\/revistaepocadigital.com.ar\/index.php?rest_route=\/wp\/v2\/posts"}],"about":[{"href":"https:\/\/revistaepocadigital.com.ar\/index.php?rest_route=\/wp\/v2\/types\/post"}],"author":[{"embeddable":true,"href":"https:\/\/revistaepocadigital.com.ar\/index.php?rest_route=\/wp\/v2\/users\/3"}],"replies":[{"embeddable":true,"href":"https:\/\/revistaepocadigital.com.ar\/index.php?rest_route=%2Fwp%2Fv2%2Fcomments&post=13669"}],"version-history":[{"count":0,"href":"https:\/\/revistaepocadigital.com.ar\/index.php?rest_route=\/wp\/v2\/posts\/13669\/revisions"}],"wp:featuredmedia":[{"embeddable":true,"href":"https:\/\/revistaepocadigital.com.ar\/index.php?rest_route=\/wp\/v2\/media\/13670"}],"wp:attachment":[{"href":"https:\/\/revistaepocadigital.com.ar\/index.php?rest_route=%2Fwp%2Fv2%2Fmedia&parent=13669"}],"wp:term":[{"taxonomy":"category","embeddable":true,"href":"https:\/\/revistaepocadigital.com.ar\/index.php?rest_route=%2Fwp%2Fv2%2Fcategories&post=13669"},{"taxonomy":"post_tag","embeddable":true,"href":"https:\/\/revistaepocadigital.com.ar\/index.php?rest_route=%2Fwp%2Fv2%2Ftags&post=13669"}],"curies":[{"name":"wp","href":"https:\/\/api.w.org\/{rel}","templated":true}]}}