{"id":13695,"date":"2021-11-21T16:22:06","date_gmt":"2021-11-21T19:22:06","guid":{"rendered":"https:\/\/revistaepocadigital.com.ar\/?p=13695"},"modified":"2021-11-21T16:25:20","modified_gmt":"2021-11-21T19:25:20","slug":"la-muerte-del-conductor-de-un-auto-que-ocurrio","status":"publish","type":"post","link":"https:\/\/revistaepocadigital.com.ar\/?p=13695","title":{"rendered":"LA MUERTE DEL CONDUCTOR DE UN AUTO, \u00bfQUE OCURRI\u00d3?"},"content":{"rendered":"<div class=\"\" dir=\"auto\">\n<div id=\"jsc_c_zm\" class=\"ecm0bbzt hv4rvrfc ihqw7lf3 dati1w0a\" data-ad-comet-preview=\"message\" data-ad-preview=\"message\">\n<div class=\"j83agx80 cbu4d94t ew0dbk1b irj2b8pg\">\n<div class=\"qzhwtbm6 knvmm38d\">\n<div class=\"kvgmc6g5 cxmmr5t8 oygrvhab hcukyx3x c1et5uql ii04i59q\">\n<div dir=\"auto\"><strong>OCURRIO SOBRE LA AUTOV\u00cdA 8.<!--more--><\/strong><\/div>\n<div dir=\"auto\"><\/div>\n<div dir=\"auto\">El hombre que conduc\u00eda su auto, en las inmediaciones de Capilla del Se\u00f1or, recibi\u00f3 el impacto de un objeto de atraves\u00f3 el parabrisas y le ocasion\u00f3 la muerte.<\/div>\n<div dir=\"auto\">En un principio, se hab\u00eda descartado que se hubiera tratado de un ataque intencional, el sucedido (19\/11).<\/div>\n<div dir=\"auto\"><\/div>\n<div dir=\"auto\">El hecho ocurri\u00f3 en la ma\u00f1ana del viernes, a la altura del kil\u00f3metro 81,500. Tal como inform\u00f3 la radio FM Studio, la v\u00edctima viajaba a bordo de un Peugeot 307 cuando, por circunstancias que se investigaban, un objeto impact\u00f3 contra el parabrisas, lo atraves\u00f3 e impact\u00f3 en su cabeza, provoc\u00e1ndole la muerte.<\/div>\n<div dir=\"auto\"><\/div>\n<div dir=\"auto\">Las hip\u00f3tesis indicaban que se habr\u00eda tratado de un elemento despedido por un cami\u00f3n, o una m\u00e1quina desmalezadora que en ese momento trabajaba sobre laa banquina. Exist\u00edan dos versiones, que se hubiera tratado de una piedra, o bien de parte de una cuchilla de la desmalezadora, que se habr\u00eda roto en el momento en el que pasaba el parabrisas del coche.<\/div>\n<\/div>\n<\/div>\n<\/div>\n<\/div>\n<\/div>\n<p>&nbsp;<\/p>\n<p>Foto: gentileza E. Marchese.<\/p>\n","protected":false},"excerpt":{"rendered":"<p>OCURRIO SOBRE LA AUTOV\u00cdA 8.<\/p>\n","protected":false},"author":3,"featured_media":13696,"comment_status":"open","ping_status":"open","sticky":false,"template":"","format":"standard","meta":{"footnotes":"","jetpack_publicize_message":"","jetpack_publicize_feature_enabled":true,"jetpack_social_post_already_shared":false,"jetpack_social_options":{"image_generator_settings":{"template":"highway","default_image_id":0,"font":"","enabled":false},"version":2}},"categories":[13],"tags":[1674],"class_list":["post-13695","post","type-post","status-publish","format-standard","has-post-thumbnail","hentry","category-interes-general","tag-muerte-conductor"],"jetpack_publicize_connections":[],"jetpack_featured_media_url":"https:\/\/revistaepocadigital.com.ar\/wp-content\/uploads\/2021\/11\/mur.jpg","jetpack_likes_enabled":true,"_links":{"self":[{"href":"https:\/\/revistaepocadigital.com.ar\/index.php?rest_route=\/wp\/v2\/posts\/13695","targetHints":{"allow":["GET"]}}],"collection":[{"href":"https:\/\/revistaepocadigital.com.ar\/index.php?rest_route=\/wp\/v2\/posts"}],"about":[{"href":"https:\/\/revistaepocadigital.com.ar\/index.php?rest_route=\/wp\/v2\/types\/post"}],"author":[{"embeddable":true,"href":"https:\/\/revistaepocadigital.com.ar\/index.php?rest_route=\/wp\/v2\/users\/3"}],"replies":[{"embeddable":true,"href":"https:\/\/revistaepocadigital.com.ar\/index.php?rest_route=%2Fwp%2Fv2%2Fcomments&post=13695"}],"version-history":[{"count":0,"href":"https:\/\/revistaepocadigital.com.ar\/index.php?rest_route=\/wp\/v2\/posts\/13695\/revisions"}],"wp:featuredmedia":[{"embeddable":true,"href":"https:\/\/revistaepocadigital.com.ar\/index.php?rest_route=\/wp\/v2\/media\/13696"}],"wp:attachment":[{"href":"https:\/\/revistaepocadigital.com.ar\/index.php?rest_route=%2Fwp%2Fv2%2Fmedia&parent=13695"}],"wp:term":[{"taxonomy":"category","embeddable":true,"href":"https:\/\/revistaepocadigital.com.ar\/index.php?rest_route=%2Fwp%2Fv2%2Fcategories&post=13695"},{"taxonomy":"post_tag","embeddable":true,"href":"https:\/\/revistaepocadigital.com.ar\/index.php?rest_route=%2Fwp%2Fv2%2Ftags&post=13695"}],"curies":[{"name":"wp","href":"https:\/\/api.w.org\/{rel}","templated":true}]}}