{"id":13716,"date":"2021-11-22T18:44:21","date_gmt":"2021-11-22T21:44:21","guid":{"rendered":"https:\/\/revistaepocadigital.com.ar\/?p=13716"},"modified":"2021-12-11T11:24:28","modified_gmt":"2021-12-11T14:24:28","slug":"marcela-portesi-no-vive-en-capilla-hace-anos-igual-lleva-al-pueblo-en-el-corazon","status":"publish","type":"post","link":"https:\/\/revistaepocadigital.com.ar\/?p=13716","title":{"rendered":"MARCELA PORTESI, NO VIVE EN CAPILLA HACE A\u00d1OS, IGUAL LLEVA AL PUEBLO EN EL CORAZ\u00d3N"},"content":{"rendered":"<p><strong style=\"font-size: 15px; color: #222222;\">EN \u00c9POCA, TE VENIMOS CONTANDO HISTORIAS DE MUJERES Y HOMBRES DE NUESTRO LUGAR, QUE HICIERON SUS VIDAS EN OTROS LUGARES DEL PA\u00cdS Y EL MUNDO<\/strong><span style=\"font-size: 15px; color: #222222;\">.<\/span><!--more--><\/p>\n<p><strong>Marcela Portesi,<\/strong> 54 a\u00f1os, naci\u00f3 y vivi\u00f3 junto a su conocida familia en Capilla del Se\u00f1or. Es contadora p\u00fablica, casada con Pablo hace 19 a\u00f1os y mam\u00e1 de Franco de 16 a\u00f1os. En 1986, enfil\u00f3 hacia Buenos Aires para estudiar en la universidad. \u00a0\u201c<em>Soy Contadora P\u00fablica (1992), y dir\u00eda que \u201cvivir vivir\u201d en Buenos Aires lo siento m\u00e1s, desde que comenc\u00e9 a trabajar en 1991. Hasta ese momento ten\u00eda dependencia absoluta a \u201cfull\u201d, de los fines de semana en Capilla!\u201d,<\/em> le dice a EPOCA.<\/p>\n<p>Enseguida recuerda con alegr\u00eda y algo de nostalgia, su infancia en Capilla, <em>\u201casist\u00ed al jard\u00edn de infantes en la Escuela n\u00ba 1 en la sala verde, comenc\u00e9 con el per\u00edodo escolar iniciado (1972). Guardo hermosos recuerdos de ese corto y hermoso comienzo de mi escolaridad. \u00a1Por suerte, con muchos de mis compa\u00f1eros compartimos la escuela primaria y la secundaria!\u201d<\/em><\/p>\n<p><em>\u201cEn 1973 comenc\u00e9 la primaria en la bicentenaria Escuela 1 \u00a0Bernardino Rivadavia. Ah!, fueron a\u00f1os \u00fanicos, fu\u00ed aprendiendo y formando a la persona que soy. Y compart\u00ed con un hermoso grupo de egresados en 1979, con quienes pudimos reencontrarnos en el festejo hace poco por el bicentenario el 3 de octubre pasado. No nos hab\u00edamos reunido nunca en \u00a0grupo, pero lo hicimos para el festejo y \u00a1ahora nadie nos detiene!.\u00a0 Cada 3 de octubre la escuela se vest\u00eda de fiesta, para festejar su cumplea\u00f1os, y homenajear a Bernardino Rivadavia. Llev\u00e1bamos ramos de flores, preferentemente calas blancas, que nos hab\u00edan contado eran las favoritas de Rivadavia. En mi casa hab\u00eda muchas plantas y hac\u00edamos un gran ramo con mucha alegr\u00eda con mi hermano y mi mam\u00e1\u201d, UN<\/em><em> a\u00f1o me acuerdo, lustramos el busto de Rivadavia con manteca!, \u00a1s\u00ed con manteca! \u00a1c\u00f3mo nos divert\u00edamos, homenaje\u00e1bamos y tambi\u00e9n un poco, nos ensuci\u00e1bamos, fueron muy lindas muchas vivencias!\u201d, <\/em>recuerda Marcela.<\/p>\n<figure id=\"attachment_13723\" aria-describedby=\"caption-attachment-13723\" style=\"width: 530px\" class=\"wp-caption aligncenter\"><img loading=\"lazy\" decoding=\"async\" class=\"size-full wp-image-13723\" src=\"https:\/\/revistaepocadigital.com.ar\/wp-content\/uploads\/2021\/11\/PORTE1971-los-4-en-Fatica.jpg\" alt=\"\" width=\"530\" height=\"583\" srcset=\"https:\/\/revistaepocadigital.com.ar\/wp-content\/uploads\/2021\/11\/PORTE1971-los-4-en-Fatica.jpg 530w, https:\/\/revistaepocadigital.com.ar\/wp-content\/uploads\/2021\/11\/PORTE1971-los-4-en-Fatica-273x300.jpg 273w, https:\/\/revistaepocadigital.com.ar\/wp-content\/uploads\/2021\/11\/PORTE1971-los-4-en-Fatica-382x420.jpg 382w\" sizes=\"auto, (max-width: 530px) 100vw, 530px\" \/><figcaption id=\"caption-attachment-13723\" class=\"wp-caption-text\">Pap\u00e1 Tet\u00e9 Portesi, mam\u00e1 &#8220;Tili&#8221; L\u00e1zzaro, Carlitos el hermano y Marcela en los a\u00f1os de la infancia.<\/figcaption><\/figure>\n<p>La familia Portesi ha sido una de las m\u00e1s arraigadas a Capilla, \u201c<em>tuve una infancia feliz, mi mam\u00e1 y mi pap\u00e1 hac\u00edan malabares en el d\u00eda a d\u00eda. Viv\u00edamos en la casa de mi abuela materna, una casa siempre llena de chicos que ven\u00edan a jugar y pasar las tardes enteras divirti\u00e9ndonos. Quiz\u00e1s no era el hogar con m\u00e1s confort, pero estoy segura, que uno de los m\u00e1s visitados. Las reuniones familiares con t\u00edos y primos tambi\u00e9n las recuerdo entre las m\u00e1s preciadas\u201d.<\/em><\/p>\n<p>A Marcela le gusta evocar recuerdos de su infancia y adolescencia en Capilla, <em>\u201cs\u00edi, como me voy a olvidar de las salidas, de las caminatas en la Plaza San Mart\u00edn, des helados en lo de Cornejo!, tambi\u00e9n ir a la Plaza de la \u201cEstaci\u00f3n\u201d y cruzar a comprar golosinas al Bar de Herrera!, el Club Honor y Patria donde hac\u00edamos actividad f\u00edsica, el \u201cRemolino\u201d, sobre el Arroyo, donde est\u00e1 la pileta municipal del complejo Andr\u00e9s Salgado, ver alguna pel\u00edcula en el cine en la \u201cCasa de la Cultura\u201d, en la actualidad el Sal\u00f3n Roma de los jubilados, estudiar ingl\u00e9s despu\u00e9s del colegio (\u00a1yo ten\u00eda el privilegio de tener a mi t\u00eda como profesora!; los carnavales y jugar con las bombitas, \u00a1no hab\u00eda edad!. Disfrazarnos y ser \u201cmascaritas\u201d, hermosas costumbres que se fueron perdiendo con el tiempo, hoy nada posibles por la inseguridad y desconfianza\u201d.<\/em><\/p>\n<p>Como los vecinos de nuestro pueblo, aquellos que continuaron sus vidas en otros lugares de la Argentina o pa\u00edses en distintos puntos del mundo, Marcela no se olvida de los 14 de septiembre, d\u00eda de los festejos patronales, <em>\u201csiempre \u00fanicos, el primer helado, la salida a la plaza, la vuelta en el trencito que recorr\u00eda el pueblo, los copos de algod\u00f3n de az\u00facar, no creo que haya capillenses que no vivan en el pueblo, y puedan olvidarse de los 14 de septiembre!, y por otro lado, entre otras cosas, el Coro Cantarines del Se\u00f1or, \u00a1las iniciales coincid\u00edan con Capilla del Se\u00f1or! Y la Campana de Cristal que han seguido organizando el Club de Leones, dichosa de haber sido parte!\u201d.<\/em><\/p>\n<figure id=\"attachment_13725\" aria-describedby=\"caption-attachment-13725\" style=\"width: 448px\" class=\"wp-caption aligncenter\"><img loading=\"lazy\" decoding=\"async\" class=\"size-full wp-image-13725\" src=\"https:\/\/revistaepocadigital.com.ar\/wp-content\/uploads\/2021\/11\/PORTEcorazones-capilleros.jpg\" alt=\"\" width=\"448\" height=\"318\" srcset=\"https:\/\/revistaepocadigital.com.ar\/wp-content\/uploads\/2021\/11\/PORTEcorazones-capilleros.jpg 448w, https:\/\/revistaepocadigital.com.ar\/wp-content\/uploads\/2021\/11\/PORTEcorazones-capilleros-300x213.jpg 300w, https:\/\/revistaepocadigital.com.ar\/wp-content\/uploads\/2021\/11\/PORTEcorazones-capilleros-100x70.jpg 100w\" sizes=\"auto, (max-width: 448px) 100vw, 448px\" \/><figcaption id=\"caption-attachment-13725\" class=\"wp-caption-text\">Con amigas capillenses, hace a\u00f1os.<\/figcaption><\/figure>\n<p>Otro evento muy arraigado en la vida de\u00a0 los exaltacrucenses, los Carnavales; la mujer oriunda de Capilla los menciona como parte de su vida, <em>\u201clos de los a\u00f1os 90, hab\u00eda dos personas disfrazadas de monjas que paseaban cada noche y nadie sab\u00eda qui\u00e9nes eran. Una era due\u00f1a de un negocio al que hab\u00eddo \u00a0esa tarde misma, y disfrazado me dijo \u201c\u00bften\u00e9s que hacer algo esta noche?\u201d, yo asombrada le digo \u201cnada puntual, salir con mis amigas\u201d. Y ah\u00ed me cuenta que era una de las Sores y que una no pod\u00eda salir esa noche\u2026Conclusi\u00f3n voy al corso esa noche disfrazada de una de las Sores. Mis ojos se ve\u00edan, y algunos me dec\u00edan que no era la de siempre. \u00a1Pero nadie pod\u00eda adivinar qui\u00e9n era!. Un amigo de la infancia me miraba y me dec\u00eda \u201cyo te conozco, quien sos?\u201d, y yo me re\u00eda, porque si hablaba, \u00a1listo me conoc\u00edan!. \u00a1\u00a1Fue una noche divina!!\u201d<\/em><\/p>\n<p>Entre 1979 y 1984, la capillense curs\u00f3 sus estudios secundarios en la Instituto Jos\u00e9 Manuel Estrada. <em>\u201c\u00a1una \u00e9poca maravillosa de mi vida!. El temor de las 13-14 materias, el uniforme, los nuevos compa\u00f1eros de otros lugares, la \u00e9poca de las primeras libertades comenzando a andar m\u00e1s solos, los primeros \u00a0\u201dasaltos\u201d, aquellas reuniones en casas donde hac\u00edamos los primeros bailes, el retorno de la democracia, \u00a0las Matin\u00e9e en \u00a0Mon Cheri, donde mi hermano era uno de los due\u00f1os, despu\u00e9s \u00a0Arkadias, Horizonte, Momentos, Marr\u00f3n Caf\u00e9, La Fusta\u2026, todo grabado en nuestras memorias; la misa a la tarde, s\u00e1bados o domingos done \u00a1rez\u00e1bamos y tambi\u00e9n mir\u00e1bamos a\u00a0 chicos\u00a0 que ven\u00edan de fin de semana!. Despu\u00e9s, la etapa del Club Leo y la formaci\u00f3n, la experiencia y oportunidad de ayudar y ser solidarios, con acciones en el \u00a0Asilo de Ancianos a cantar y llevar tortas, las loter\u00edas en las escuelas del distrito, las colectas de alimentos, y tantas cosas m\u00e1s. Tambi\u00e9n interactuar y hacer amigos que no eran del colegio, sal\u00edamos todos juntos y los chicos nos acompa\u00f1aban a casa!!!\u201d.<\/em><\/p>\n<figure id=\"attachment_13727\" aria-describedby=\"caption-attachment-13727\" style=\"width: 533px\" class=\"wp-caption aligncenter\"><img loading=\"lazy\" decoding=\"async\" class=\"size-full wp-image-13727\" src=\"https:\/\/revistaepocadigital.com.ar\/wp-content\/uploads\/2021\/11\/PORTE-3-de-octubre-egresados-1979.jpeg\" alt=\"\" width=\"533\" height=\"405\" srcset=\"https:\/\/revistaepocadigital.com.ar\/wp-content\/uploads\/2021\/11\/PORTE-3-de-octubre-egresados-1979.jpeg 533w, https:\/\/revistaepocadigital.com.ar\/wp-content\/uploads\/2021\/11\/PORTE-3-de-octubre-egresados-1979-300x228.jpeg 300w, https:\/\/revistaepocadigital.com.ar\/wp-content\/uploads\/2021\/11\/PORTE-3-de-octubre-egresados-1979-80x60.jpeg 80w\" sizes=\"auto, (max-width: 533px) 100vw, 533px\" \/><figcaption id=\"caption-attachment-13727\" class=\"wp-caption-text\">En ocasi\u00f3n del bicentenario reciente de la Escuela 1, c on entra\u00f1ables ex compa\u00f1eros y amigos.<\/figcaption><\/figure>\n<p>A medida\u00a0 que recorre, la memoria de <strong>Marcela Portesi<\/strong> fluye, <em>\u201cy s\u00ed tantas vivencias que vistas a la distancia generan una sonrisa y a la vez algo de nostalgia, tiempos muy valiosos y hechos como digo, que no se olvidan, como el viaje de egresados!, o las primeras veces que \u00edbamos solas a San Isidro a comprar ropa con mis amigas, a\u00f1os que valieron la pena vivirlos.<\/em> <em>Era una aventura salir solas de Capilla, temprano a la ma\u00f1ana y volver\u00e9 a la tarde; as\u00ed comenzamos a manejarnos para viajar, conocer, estudiar. En esos a\u00f1os no exist\u00edan los celulares y hab\u00eda pocos tel\u00e9fonos fijos en las casas. Yo llevaba los s\u00e1ndwiches porque mi pap\u00e1 ten\u00eda almac\u00e9n y mis amigas compraban las bebidas, almorz\u00e1bamos en la Plaza de Tribunales&#8221;.<\/em><\/p>\n<p>Como queda dicho, Portesi valora mucho el valor de los afectos, y si se trata de amigos y ex compa\u00f1eros de promoci\u00f3n en el Instituto Estrada, enfatiza,<em> \u201cmi adorada promoci\u00f3n 1984 con quienes estamos en continuo contacto y hacemos encuentros seguidos, que nos sirven para vivir momentos muy lindos; una de las chicas me comentaba hace poco cuando en el\u00a0 a\u00f1o \u00b480 en primer a\u00f1o, tuve el honor y privilegio de obtener una medalla de oro del Rotary Club, dentro del Premio Dr. Roberto Berm\u00fadez, como mejor promedio del colegio. Fue muy emocionante para mi familia y a\u00fan m\u00e1s para mi mam\u00e1, ya que el Dr. Berm\u00fadez \u00a0era muy amigo de mi abuelo materno\u201d.<\/em><\/p>\n<p>En\u00a01985 comenz\u00f3 el \u00a0CBC (Ciclo b\u00e1sico Com\u00fan, para el ingreso a la UBA). \u201c<em>en el inicio del gobierno democr\u00e1tico. Una amiga y yo segu\u00edamos la misma carrera, contador p\u00fablico, y al anotarnos no pudimos cursar juntas para viajar los mismos d\u00edas a\u00a0 la Sede Luis Mar\u00eda Drago, fue horrible!. En ese comienzo, el fin de semana anterior al inicio de clases, fu\u00edmos con mi mam\u00e1 a Buenos Aires para conocer el lugar donde iba a estudiar y as\u00ed aprender ar a viajar yo sola para arrancar, incre\u00edble si lo pienso hoy, ja!\u201d.<\/em><\/p>\n<figure id=\"attachment_13729\" aria-describedby=\"caption-attachment-13729\" style=\"width: 518px\" class=\"wp-caption aligncenter\"><img loading=\"lazy\" decoding=\"async\" class=\"size-full wp-image-13729\" src=\"https:\/\/revistaepocadigital.com.ar\/wp-content\/uploads\/2021\/11\/PORTE-con-mi-hermano.jpg\" alt=\"\" width=\"518\" height=\"409\" srcset=\"https:\/\/revistaepocadigital.com.ar\/wp-content\/uploads\/2021\/11\/PORTE-con-mi-hermano.jpg 518w, https:\/\/revistaepocadigital.com.ar\/wp-content\/uploads\/2021\/11\/PORTE-con-mi-hermano-300x237.jpg 300w\" sizes=\"auto, (max-width: 518px) 100vw, 518px\" \/><figcaption id=\"caption-attachment-13729\" class=\"wp-caption-text\">Con su hermano Carlos en una visita a Capilla.<\/figcaption><\/figure>\n<p>\u201c<em>Estos<\/em> \u2013apunta- <em>fueron cambios que marcaron a fuego, la responsabilidad de viajar sola, de estar atentos a los robos, a la gran ciudad. Adem\u00e1s, los s\u00e1bados de ese a\u00f1o 1985, regresaba a mi casa en Capilla alrededor de las 10 de la noche; d\u00edas agotadores y m\u00e1s a\u00fan para m\u00ed, pensando en el contexto de haber tenido el secundario a dos cuadras y no tomar tren ni colectivo para nada. Al regreso estaban siempre mis amigas en casa haci\u00e9ndome el aguante para salir, \u00a1sin ellas no lo hubiese hecho!. Cada viaje era con mucho esfuerzo de mis padres, el dinero era escaso siendo austera en gastos, y tambi\u00e9n tuve el \u00a0apoyo de mis t\u00edas y t\u00edos\u201d.<\/em><\/p>\n<p>El repaso contin\u00faa, \u201c<em>conoc\u00ed nuevas gentes, y hice lazos de amistad, esas amistades que se construyeron con cartas y recibiendo llamadas en el tel\u00e9fono de una de mis vecinas (no hab\u00eda tel\u00e9fono en casa!). Hoy una de esas amistades sigue a pleno y soy madrina de su primer hijo abogado. Ya empiezo a ser la chica de Capilla para muchos, ja!\u201d.\u00a0 \u201cLuego de muchos pedidos y reclamos (\u00e9ramos dos agujas en un pajal) con mi amiga de Capilla, logramos que el \u00faltimo trimestre pudi\u00e9ramos cursar juntas las \u00faltimas dos materias del CBC! Y as\u00ed viajar y estudiar juntas\u201d<\/em><\/p>\n<p>\u201c<em>En el 86 arrancamos ambas en la Facultad de Ciencias Econ\u00f3micas,\u00a0 clases todos los d\u00edas!. Imposible viajar, no nos quedaba tiempo para estudiar. Conseguimos un departamento de una persona de Capilla, que nos lo prest\u00f3, \u00a1s\u00ed nos lo prest\u00f3!, hab\u00eda un grado de parentesco con mi amiga y no nos cobr\u00f3a!; actitudes, gestos que nunca se olvidan y que hicieron posible que yo pudiera estudiar. As\u00ed fu\u00ed avanzando en ese crecimiento de vivir sola, estudiar, responsabilidad de una vivienda, viajar, y siempre en un contexto de austeridad. Viv\u00edamos en un mono ambiente (\u00a1en Belgrano!), y compart\u00edamos a diario la aventura de las compras, buscar precios, estudiar, ir a la facultad, viajar en el 60 (donde por supuesto una vez me robaron la billetera!), dormir poco por estudiar, y siempre pensando en volver a Capilla el fin de semana. Mi mam\u00e1 ven\u00eda a vernos cuando pod\u00eda entre semana\u201d.<\/em><\/p>\n<p><em>\u201cMi mam\u00e1 se enferm\u00f3 a fines de 1986 y si bien parec\u00eda que hab\u00eda combatido el c\u00e1ncer, no fue as\u00ed y en 1987 falleci\u00f3. Fue el golpe m\u00e1s dif\u00edcil que tuve que vivir, yo ten\u00eda 20 a\u00f1os. 20 a\u00f1os de esa \u00e9poca, era muy dependiente a pesar de estar estudiando en Buenos Aies, la dependencia con mi familia y Capilla era total. Y bueno, no me qued\u00f3 otra que seguir adelante, mis logros de esa \u00e9poca fueron no abandonar la facultad, conversar con profesores para que me tomaran ex\u00e1menes en otras fechas, y superar esa adversidad con el apoyo de mi pap\u00e1, hermano, amigos, vecinos, pensando siempre en seguir por m\u00ed y por el deseo de mi mam\u00e1 para que yo estudiara. Tambi\u00e9n comenc\u00e9 a organizar tareas en mi casa de Capilla, para alivianar el d\u00eda a d\u00eda a mi pap\u00e1 y mi hermano, con ayuda de una persona que venia algunas horas a trabajar a\u00a0 casa y que nos mim\u00f3 como si fu\u00e9ramos sus hijos. Un momento lindo dentro de la tristeza por la partida de mam\u00e1, fue el nacimiento de mi segundo ahijado, hoy profesor de educaci\u00f3n f\u00edsica&#8221;.<\/em><\/p>\n<p>Vivir fuera de Capilla, estudiar, para la capillense pas\u00f3 a ser un desaf\u00edo constante para esos tiempos. Entre 1987 y 1990, sigii\u00f3 conectada a full con Capilla. \u201c<em>Fu\u00ed madrina de casamiento de mi hermano y en 1990 naci\u00f3 mi primer sobrina y tercera ahijada. En tanto, continu\u00e9 intensamente en la facultad y con trabajos temporales. La relaci\u00f3n con mi pap\u00e1 se hizo cada vez m\u00e1s intensa , al igual que con mi hermano y su familia. Hice nuevas amistades en la facultad y ah\u00ed naci\u00f3 la amistad con quien fue mi esposo a\u00f1os m\u00e1s tarde\u201d. \u201cEn 1991, \u00a0mi amiga de Capilla se hab\u00eda recibido y regres\u00f3, me empez\u00f3 a no ir tan bien en la facultad y decido comenzar a trabajar\u201d.<\/em><\/p>\n<p>\u201c<em>Me mud\u00e9\u00a0 a otro departamento de otra se\u00f1ora de Capilla, lo compart\u00ed con otra\u00a0 chica \u00a0capillera, quien iba Buenos Aires los fines de semana, o sea nos cruz\u00e1bamos. \u00a0Busco trabajo, por un lado, por la bolsa de empleo de la facultad y por otro lado, en una gran firma de Auditor\u00eda por la proximidad de un vecino de Capilla, su hijo trabajaba all\u00ed. Pas\u00e9 las entrevistas y me decid\u00ed por el Estudio de Auditor\u00eda. Comenc\u00e9 mi trabajo de verdad, aprend\u00ed desde c\u00f3mo manejarme telef\u00f3nicamente a interactuar con clientes, jefes, pares, as\u00ed como tambi\u00e9n los primeros conocimientos en computaci\u00f3n. \u00c9n ese momento alcanc\u00e9 mi independencia econ\u00f3mica\u201d..<\/em><\/p>\n<p>\u201c<em>Mientras tanto, naci\u00f3 mi segundo sobrino y la conexi\u00f3n con Capilla sigui\u00f3 \u00a0intensa y no hab\u00eda fin de semana sin que fuera, disfrutando de salidas, amigos y familia. Mi pap\u00e1 hab\u00eda formalizado con una vecina de Capilla, familia con quienes a\u00fan mantengo contacto y con quienes compart\u00ed momentos muy lindos y fruct\u00edferos. 1992 es un a\u00f1o de muchos cambios y experiencias. Con empe\u00f1o, viviendo sola, trabajando y cursando de noche, \u00a1doy mi \u00faltima materia y me recib\u00ed!\u201d<\/em>.<\/p>\n<p>\u201c<em>Unos a\u00f1os despu\u00e9s, otro golpe duro, falleci\u00f3 una gran amiga de Capilla quien estaba viviendo en Buenos Aires con sus t\u00edos, otra p\u00e9rdida que marc\u00f3 mi camino. En 1996<strong>,<\/strong> tengo la posibilidad de un trabajo en Capilla, voy pasando las entrevistas y al tener la \u00faltima con quien ser\u00eda mi jefe directo, luego de una gran charla, decido bajarme de la b\u00fasqueda. No me anim\u00e9 a volver sola al pueblo, a tener la mirada m\u00e1s cercana de quienes me conoc\u00edan. Mis amigas estaban casi todas en pareja con su vida ya armada, y yo sent\u00ed que mi vida aunque estaba sola, la estaba armando en Buenos Aires. Mi padre apoy\u00f3 mi decisi\u00f3n sin ning\u00fan cuestionamiento\u201d.<\/em><\/p>\n<p><em>\u201cYa con muchas amistades del estudio donde trabajaba, se fueron forjando relaciones con amigas que siguen actualmente muy fuerte. Con una de ellas muy cercana y compartiendo maternidad casi juntas, y tambi\u00e9n alg\u00fan trabajo m\u00e1s all\u00e1 del Estudio. Amistades con quienes comenc\u00e9 a salir en Buenos Aires, y trabajando los tiempos eran otros. Muchos s\u00e1bados sal\u00eda y al regresar me cambiaba, me tomaba el \u201c57\u201d y el \u201cSan Jos\u00e9\u201d, llegaba a Capilla desayunaba y almorzaba con mi pap\u00e1 y familia y volv\u00eda temprano a Buenos Aires, a descansar para arrancar la semana. \u00a1Cu\u00e1nta juventud, jaja! Otros fines de semana no iba pues viajaba a trabajar a Mendoza, C\u00f3rdoba, Santa Fe, y \u00a1lograba que mi papi viniera con mi hermano y familia a verme a Buenos Aires!. Esos viajes de trabajo me favorec\u00edan, ahorraba pesitos, ja!\u201d.<\/em><\/p>\n<figure id=\"attachment_13730\" aria-describedby=\"caption-attachment-13730\" style=\"width: 544px\" class=\"wp-caption aligncenter\"><img loading=\"lazy\" decoding=\"async\" class=\"size-full wp-image-13730\" src=\"https:\/\/revistaepocadigital.com.ar\/wp-content\/uploads\/2021\/11\/PORTE2002-2-casamiento.jpg\" alt=\"\" width=\"544\" height=\"363\" srcset=\"https:\/\/revistaepocadigital.com.ar\/wp-content\/uploads\/2021\/11\/PORTE2002-2-casamiento.jpg 544w, https:\/\/revistaepocadigital.com.ar\/wp-content\/uploads\/2021\/11\/PORTE2002-2-casamiento-300x200.jpg 300w\" sizes=\"auto, (max-width: 544px) 100vw, 544px\" \/><figcaption id=\"caption-attachment-13730\" class=\"wp-caption-text\">El casamiento, junto a amigos y familares<\/figcaption><\/figure>\n<p>Marcela enfoca la mirada a los tiempos del \u201c1 a 1\u201d en la Argentina,<em> \u201cempec\u00e9 a viajar al exterior por vacaciones!, me abrieron la cabeza, sacar el pasaporte, impensado para mi unos a\u00f1os atr\u00e1s!. Por el trabajo de auditor\u00eda los veranos eran y son intensos, por lo que las vacaciones quedaban para m\u00e1s adelante. Pod\u00eda planificarlas por estar sola y coincidir esos viajes con amigas compa\u00f1eras de trabajo. Tom\u00e9 aviones, cruceros y recorr\u00ed playas por Aruba, Saint Martin, Barbados, Punta Cana, Acapulco, Distrito Federal, Madrid, Torremolinos, Marruecos, Gran Canaria, ib\u00e1rbaro!\u201d.<\/em><\/p>\n<p>A la capillense, le toc\u00f3 atravesar otro momento muy dif\u00edcil, ante el fallecimiento <em>\u201cde mi pap\u00e1 en 1997, un dur\u00edsimo golpe; l Lo vi un domingo y falleci\u00f3 un martes. En lo personal encar\u00e9\u00b4unl nuevo duelo, no fue f\u00e1cil sentirme sola de pap\u00e1s, a pesar de tener 30 a\u00f1os. La conexi\u00f3n con mi padre luego de la partida de mi mam\u00e1 fue absoluta. Y pas\u00f3 a ser mi hermano mi referente principal junto con su familia, me acompa\u00f1aron fuertemente a encarar esta p\u00e9rdida, como mis amigos de Capilla y Buenos Aires\u201d.<\/em><\/p>\n<p><em>\u201cLa vida tiene esas cosas, \u00bfno?, en 2000\u00a0 conoc\u00ed a Pablo quien es mi marido, arquitecto, curioso, gustoso de la fotograf\u00eda y la vida al aire libre., \u00a1ah y muy inteligente tambi\u00e9n!. En 2001 compro el departamento donde hoy vivimos. \u00a1cumpl\u00ed el sue\u00f1o de la casa propia!. Fue un a\u00f1o de inestabilidades y crisis, con esfuerzo y recortes de gastos segu\u00ed. Conoc\u00ed a mi gran vecina de Buenos Aires, lo seguimos siendo, solidaria, presente, discreta, amiga, madre y hermana, y su hijos pasaron a ser \u201clos sobrinos de al lado\u201d. En 2002 nos casamos, y soportando otro momento de duelo, d\u00edas antes de casarnos falleci\u00f3 \u00a0una de las hermanas de Pablo. A\u00fan hoy que no entiendo c\u00f3mo mi suegra pudo estar parada en el altar\u2026 El casamiento fue en Capilla, me acuerdo en lo previo, en la primera visita a la iglesia, hablamos con el sacerdote y me dijo, \u201cpero usted no es de Capilla, no vive en Capilla\u201d d\u00e1ndome a entender que no pod\u00eda casarme. \u00a1Fue tremendo que me dijera eso, yo no lo pod\u00eda creer! porque yo siempre me sent\u00ed y me siento de Capilla!\u201d. ubo una red de apoyo de mis amigas de Capilla y hablando con \u00e9l se pudo organizar excelentemente la ceremonia&#8221;.<\/em><\/p>\n<p><em>\u201cAh\u00ed fusion\u00e9 familia, amigos de ac\u00e1 y de all\u00e1, de Capilla, del CBC, de la facultad y del trabajo, \u00a1todos!. Mi hermano fue el padrino. Una amiga de Capilla toc\u00f3 el piano y el cantante fue el padrino de Pablo quien cantaba en el coro polif\u00f3nico nacional. Hicimos s\u00f3lo un brindis que dur\u00f3 horas, y que fue hecho con ayuda y much\u00edsima colaboraci\u00f3n de familia y amigos\u201d.<\/em><\/p>\n<p>\u201c<em>En 2004 sufr\u00ed otra p\u00e9rdida, luego de transitar la misma enfermedad que mi mam\u00e1, falleci\u00f3 la esposa de mi hermano, tremendo.Con Pablo acompa\u00f1amos y sentimos a mi hermano y sobrinos m\u00e1s cerca que nunca. Dec\u00eda que la vida tiene esas cosas, en 2005 naci\u00f3 nuestro \u00a0hijo. El mejor regalo que pudo darme la vida. Franco, as\u00ed es, c\u00f3mo su nombre. Ttiene 16 a\u00f1os, un sol en nuestras vidas, todo por \u00e9l y aprend\u00ed todo de cero, intentando replicar algunas vivencias de mi infancia y poniendo foco en los valores. Y mientras los a\u00f1os transcurrieron, entre 1991 y 2007 desarroll\u00e9 mi carrera profesional en el Estudio de Auditor\u00eda.\u00a0 Disfrutaba mi trabajo a pesar de la carga horaria, con pasi\u00f3n, llegu\u00e9 a ser senior manager de auditor\u00eda<\/em> (categor\u00eda m\u00e1xima de gerente) <em>pero a partir del nacimiento de mi hijo, la pasi\u00f3n por el trabajo en ese lugar empez\u00f3 a bajar y en 2007 tome la decisi\u00f3n de dejar la firma, busqu\u00e9 un a\u00f1o sab\u00e1tico y una reinserci\u00f3n. Ah\u00ed surgi\u00f3 un proyecto de arquitectura para mi marido en Montevideo Uruguay, el nuevo Aeropuerto de Carrasco por un a\u00f1o y medio, y decidimos aceptar y nos fuimos\u00a0 a vivir a Uruguay en d<strong>i<\/strong>ciembre de 2007 nos mudamos, Franco 2 a\u00f1os y medio y nosotros 40. Viniendo de un trabajo intenso, en los comienzos, me inserto en esta nueva geograf\u00eda, sin trabajar, sin nadie de soporte, solos los tres. Apuntal\u00e9 a mi marido tomando decisiones tanto en el \u00e1rea escolar, salud, encaminar una nueva vida. Todo comenz\u00f3 a hacerse m\u00e1s f\u00e1cil cuando mi vecina del apartamento de al lado toc\u00f3 la puerta y nos conocimos, \u00fanica, resolutiva,\u00a0 mam\u00e1, hermana, t\u00eda, amiga, \u00a1\u00eddola!\u201d.<\/em><\/p>\n<p><em>\u201cDe a poco nos fuimos insertando, padres del jard\u00edn de infantes, nuevos conocidos, mas tarde amigos, la directora inolvidable del jard\u00edn, cerca de 80 a\u00f1os, \u00fanica, los mejores recuerdos. \u00a0Yo no trabaj\u00e9 por un tiempo, y aprovech\u00e9 momentos preciados para compartir con mi hijo. Comprob\u00e9 que no hay edad para hacerse amigos, y en nuestro caso fueron y son familia por adopci\u00f3n. Nuestro \u00faltimo viaje pre-pandemia fue a Montevideo, donde quedaron tantos hermosos momentos y gente querida\u201d. \u201cNo conoc\u00ed mucho de la historia de Uruguay, pero viv\u00ed una muy particular an\u00e9cdota all\u00e1. Una ma\u00f1ana salgo del apartamento para hacer mandados, \u00a0y veo que hab\u00eda mucha gente en la calle. Era un acto de inauguraci\u00f3n del nombre a la calle justo donde yo viv\u00eda que era una calle corta y nueva. Me qued\u00e9, hab\u00eda gente, pero no un amontonamiento masivo. Se estaban acomodando micr\u00f3fonos, para el acto, miro para el costado y estaba Jorge Battle, lo mir\u00e9 y le dije que me atrev\u00eda a saludarlo, que para m\u00ed no era com\u00fan estar al lado de un ex presidente. Nos pusimos a hablar de igual a igual, ah\u00ed no hab\u00eda custodios ni ning\u00fan despliegue, me cont\u00f3 que su mam\u00e1 era argentina y a pesar de una frase muy cr\u00edtica que \u00e9l tuvo hacia los argentinos, sent\u00eda un gran aprecio. Me pregunt\u00f3 por qu\u00e9 raz\u00f3n estaba viviendo en Montevideo, y le coment\u00e9 que mi esposo trabajaba en el equipo de arquitectos que desarrollaban el Aeropuerto de Carrasco, a lo que me empez\u00f3 a contar que \u00e9l hab\u00eda comenzado en su gobierno con ese proyecto. Ah\u00ed no termin\u00f3 todo, al lado de \u00e9l estaba Julio Mar\u00eda Sanguinetti, otro ex presidente, lo llam\u00f3 y me lo present\u00f3. Fue un momento incre\u00edble charlando con ambos, y luego Sanguinetti me present\u00f3 a quien era el presidente del partido Frente Amplio, Jorge Brobetto. La amabilidad y \u00a0respeto, sin importar el color pol\u00edtico fue incre\u00edble, una \u00a0gran experiencia, ojal\u00e1 aprendamos todos a ser m\u00e1s humildes siempre\u201d.<\/em><\/p>\n<p><em>\u201cEn Montevideo, entre 2008 y 2012, afront\u00e9 desaf\u00edos de trabajar free lance para un proyecto de auditor\u00eda de compra de una bodega, tambi\u00e9n una suplencia en una gerencia administrativa en una agencia de medios, integro grupo contable de un laboratorio de sanidad animal, soporte administrativo en una financiera con base en la Argentina, entre otros. Las referencias sobre m\u00ed, me ayudaron. Ah!, \u00a0en Montevideo nunca me llamaron por cada CV que mand\u00e9, importaban m\u00e1s las referencias de gente que me conoc\u00eda&#8221;.<\/em><\/p>\n<p><em>En 2008 naci\u00f3 mi cuarto sobrino en Capilla. Las visitas a Capilla que eran casi mensuales, luego fueron casi trimestrales. Fue un per\u00edodo de puentes cortados por el tema de las papeleras, por lo que no viajaba nadie por auto. Todo esto limit\u00f3 a que pocos amigos nos fueran a visitar, \u00a1\u00a1era glorioso recibirlos!!. En 2010 el proyecto original por el que fuimos lleg\u00f3 a su fin y decidimos quedarnos, ya no como expatriados, sino como localistas, o sea pagar alquiler, uso de autos, etc. Ya ten\u00edamos residencia provisoria, tr\u00e1mite que nos llev\u00f3 mucho tiempo y requisitos, nada estaba digitalizado, muchos tr\u00e1mites y presentaciones (volvimos en 2012 con la \u201cresidencia en tr\u00e1mite\u201d, incre\u00edble\u2026siendo profesionales independientes y Mercosur). Pablo se insert\u00f3 en un estudio local y tambi\u00e9n cont\u00f3 con de clientes propios, y obtuvo muy buenos logros. \u00a0En 2011 comenzamos a evaluar un regreso por cuestiones econ\u00f3micas. Franco terminaba el jard\u00edn de infantes, momento para decidir si segu\u00edamos apostando a Montevideo o volv\u00edamos a Buenos Aires. Ese a\u00f1o me enferm\u00e9 de neumon\u00eda, y estuve internada, dur\u00edsimo, sola todo el d\u00eda, un mes me llev\u00f3 la recuperaci\u00f3n sin poder trabajar. \u00a1Pero sal\u00ed adelante!. En mi post neumon\u00eda me contact\u00f3 un ex jefe desde Buenos Aires para ofrecerme un trabajo de tres d\u00edas en Buenos Aires. Tom\u00e9 ese desaf\u00edo, ven\u00eda en avi\u00f3n de Montevideo a Buenos Aires los martes temprano y volv\u00eda los jueves a la noche. Fue una previa al regreso definitivo\u201d<\/em>.<\/p>\n<figure id=\"attachment_13731\" aria-describedby=\"caption-attachment-13731\" style=\"width: 480px\" class=\"wp-caption aligncenter\"><img loading=\"lazy\" decoding=\"async\" class=\"size-full wp-image-13731\" src=\"https:\/\/revistaepocadigital.com.ar\/wp-content\/uploads\/2021\/11\/PORTE-1995-Barbados.jpeg\" alt=\"\" width=\"480\" height=\"455\" srcset=\"https:\/\/revistaepocadigital.com.ar\/wp-content\/uploads\/2021\/11\/PORTE-1995-Barbados.jpeg 480w, https:\/\/revistaepocadigital.com.ar\/wp-content\/uploads\/2021\/11\/PORTE-1995-Barbados-300x284.jpeg 300w, https:\/\/revistaepocadigital.com.ar\/wp-content\/uploads\/2021\/11\/PORTE-1995-Barbados-443x420.jpeg 443w\" sizes=\"auto, (max-width: 480px) 100vw, 480px\" \/><figcaption id=\"caption-attachment-13731\" class=\"wp-caption-text\">En Barbados.<\/figcaption><\/figure>\n<p>\u201c<em>En febrero de 2012 volvimos de Montevideo, el puente ya estaba abierto luego del conflicto por las papeleras, mudamos libros, juguetes, ropa, \u00a0cosas juntadas en esos 4 a\u00f1os, todo a pulm\u00f3n con el auto de mi hermano que nos prest\u00f3 y la ayuda de la madrina de Franco, y regresamos. Una vez en Buenos Aires, Franco comenz\u00f3 primer grado, yo continu\u00e9 con el proyecto de los tres d\u00edas semanales y en abril de ese a\u00f1o Pablo ya estuvo trabajando. Ambos con 44 a\u00f1os, nos reinsertamos sin dificultad y vivimos en nuestro departamento que nunca lo hab\u00edamos alquilado. Nosotros volvimos, pero Franco sint\u00ed\u00f3 que part\u00eda de un lugar, hab\u00eda vivido m\u00e1s en Montevideo que en Buenos Aires, pero pudo encarar ese proceso sin problemas\u201d.<\/em><\/p>\n<p>\u201cP<em>or mi parte continu\u00e9 trabajando con la modalidad freelance en forma independiente. La eleg\u00ed para poder manejar horarios y dedicar m\u00e1s tiempo a mi hijo. Invertimos en colegio pero hicimos malabares para atender a Franco en el contexto Buenos Aires\u201d. \u201cDesde 2012 hago tareas no gerenciales, pero me siento c\u00f3moda, trabajo con ex gerentes compa\u00f1eros del Estudio de Auditor\u00eda y\/o estudios referidos por conocidos, me sigo capacitando en el Consejo de Contadores y con amistades compartimos clases y talleres. En tanto, en 2013 hicimos un viaje familiar a Italia, a Forl\u00ed, donde vive mi cu\u00f1ado, hermano de Pablo y disfrutamos de su familia\u201d.<\/em><\/p>\n<figure id=\"attachment_13733\" aria-describedby=\"caption-attachment-13733\" style=\"width: 577px\" class=\"wp-caption aligncenter\"><img loading=\"lazy\" decoding=\"async\" class=\"size-full wp-image-13733\" src=\"https:\/\/revistaepocadigital.com.ar\/wp-content\/uploads\/2021\/11\/PORTE1984-IJME.jpg\" alt=\"\" width=\"577\" height=\"328\" srcset=\"https:\/\/revistaepocadigital.com.ar\/wp-content\/uploads\/2021\/11\/PORTE1984-IJME.jpg 577w, https:\/\/revistaepocadigital.com.ar\/wp-content\/uploads\/2021\/11\/PORTE1984-IJME-300x171.jpg 300w\" sizes=\"auto, (max-width: 577px) 100vw, 577px\" \/><figcaption id=\"caption-attachment-13733\" class=\"wp-caption-text\">\u00a1Egresados del Instituto Jos\u00e9 M. Estrada!<\/figcaption><\/figure>\n<p>\u201c<em>Soy mam\u00e1 de Franco, \u00a0tengo cuatro sobrinos y dos sobrinos nietos en Capilla y un sobrino en Italia, tres ahijados y una ahijada y sobrina, soy t\u00eda abuela desde hace unos meses, que puedo decir, me siento \u00a1feliz!. Eso s\u00ed, la independencia laboral tiene la adversidad de la no continuidad de trabajos, pero permite estar cerca de nuestro hijo y de la familia. \u00a0Con 54 a\u00f1os no me arrepiento de nada de lo hecho, salvo el poder haber anticipado un poco mi maternidad y formar as\u00ed una familia m\u00e1s grande\u201d<\/em>.<\/p>\n<p><em>\u201cY mi conexi\u00f3n con Capilla es a la distancia, pero muy activa, las redes sociales me ayudan a ver mi pueblo con fotos, recuerdos, an\u00e9cdotas y vivencias. Voy poco, pero es intenso cuando lo hago, no\u00a0 salgo mucho, vida 100% en familia por lo general y m\u00e1s a\u00fan en la pandemia que fuimos muy muy poco y con millones de cuidados. Eso s\u00ed, me encanta verme con mis amigas! Y desde ya \u00a0familiares de Capilla, est\u00e1 la ventaja de las distancias cortas y las muchas manos cerca que te pueden ayudar. Les veo la cara feliz con color a sol, si a sol que se toma haciendo cosas, no \u201clagarteando\u201d jaja!. Eso es la vida con aire puro , casas bajas y buena gente. A lo largo de mi vida muchas emociones he pasado, el cuerpo las siente, pero el coraz\u00f3n sigue firme siempre intentando no bajar los brazos y disfrutar de mi familia y amigos,lo m\u00e1s importante que tengo, siempre pidiendo buena salud para todos. \u00a1Y si se puede, d\u00f3nde sea, hacer alg\u00fan viajecito siempre!&#8221;<\/em>.<\/p>\n","protected":false},"excerpt":{"rendered":"<p>EN \u00c9POCA, TE VENIMOS CONTANDO HISTORIAS DE MUJERES Y HOMBRES DE NUESTRO LUGAR, QUE HICIERON SUS VIDAS EN OTROS LUGARES DEL PA\u00cdS Y EL MUNDO.<\/p>\n","protected":false},"author":4,"featured_media":13721,"comment_status":"open","ping_status":"open","sticky":false,"template":"","format":"standard","meta":{"footnotes":"","jetpack_publicize_message":"","jetpack_publicize_feature_enabled":true,"jetpack_social_post_already_shared":false,"jetpack_social_options":{"image_generator_settings":{"template":"highway","default_image_id":0,"font":"","enabled":false},"version":2}},"categories":[10],"tags":[712,1679],"class_list":["post-13716","post","type-post","status-publish","format-standard","has-post-thumbnail","hentry","category-editorial","tag-historia-de-vida","tag-portesi"],"jetpack_publicize_connections":[],"jetpack_featured_media_url":"https:\/\/revistaepocadigital.com.ar\/wp-content\/uploads\/2021\/11\/PORTEPablo-Franco-y-yo.jpeg","jetpack_likes_enabled":true,"_links":{"self":[{"href":"https:\/\/revistaepocadigital.com.ar\/index.php?rest_route=\/wp\/v2\/posts\/13716","targetHints":{"allow":["GET"]}}],"collection":[{"href":"https:\/\/revistaepocadigital.com.ar\/index.php?rest_route=\/wp\/v2\/posts"}],"about":[{"href":"https:\/\/revistaepocadigital.com.ar\/index.php?rest_route=\/wp\/v2\/types\/post"}],"author":[{"embeddable":true,"href":"https:\/\/revistaepocadigital.com.ar\/index.php?rest_route=\/wp\/v2\/users\/4"}],"replies":[{"embeddable":true,"href":"https:\/\/revistaepocadigital.com.ar\/index.php?rest_route=%2Fwp%2Fv2%2Fcomments&post=13716"}],"version-history":[{"count":0,"href":"https:\/\/revistaepocadigital.com.ar\/index.php?rest_route=\/wp\/v2\/posts\/13716\/revisions"}],"wp:featuredmedia":[{"embeddable":true,"href":"https:\/\/revistaepocadigital.com.ar\/index.php?rest_route=\/wp\/v2\/media\/13721"}],"wp:attachment":[{"href":"https:\/\/revistaepocadigital.com.ar\/index.php?rest_route=%2Fwp%2Fv2%2Fmedia&parent=13716"}],"wp:term":[{"taxonomy":"category","embeddable":true,"href":"https:\/\/revistaepocadigital.com.ar\/index.php?rest_route=%2Fwp%2Fv2%2Fcategories&post=13716"},{"taxonomy":"post_tag","embeddable":true,"href":"https:\/\/revistaepocadigital.com.ar\/index.php?rest_route=%2Fwp%2Fv2%2Ftags&post=13716"}],"curies":[{"name":"wp","href":"https:\/\/api.w.org\/{rel}","templated":true}]}}