{"id":1386,"date":"2019-01-24T16:46:31","date_gmt":"2019-01-24T19:46:31","guid":{"rendered":"https:\/\/revistaepocadigital.com.ar\/?p=1386"},"modified":"2019-01-24T16:48:29","modified_gmt":"2019-01-24T19:48:29","slug":"5-noches-de-carnavales-en-capilla","status":"publish","type":"post","link":"https:\/\/revistaepocadigital.com.ar\/?p=1386","title":{"rendered":"5 noches de Carnavales en Capilla"},"content":{"rendered":"<p><strong>LA APUESTA DE LA COMISION ORGANIZADORA HA SIDO FUERTE.<\/strong><!--more--><\/p>\n<p>Los <strong>corsos en Capilla del Se\u00f1or<\/strong>, tienen lugar los d\u00edas 2, 9, 16 y 23 de febrero, y el 2 de marzo. El lugar?, luego de varias posturas, vuelve a ser el cl\u00e1sico, el m\u00e1s convocante: la<strong> Plaza San Mart\u00edn<\/strong><\/p>\n<p>Desfilar\u00e1n comparsas, murgas, bater\u00edas, batucadas y habr\u00e1 espect\u00e1culos de m\u00fasica en vivo.<\/p>\n<p>La <strong>entrada<\/strong> cuesta 50 pesos, los menores de 12 a\u00f1os ingresan gratis.<\/p>\n","protected":false},"excerpt":{"rendered":"<p>LA APUESTA DE LA COMISION ORGANIZADORA HA SIDO FUERTE.<\/p>\n","protected":false},"author":3,"featured_media":1389,"comment_status":"open","ping_status":"open","sticky":false,"template":"","format":"standard","meta":{"footnotes":"","jetpack_publicize_message":"","jetpack_publicize_feature_enabled":true,"jetpack_social_post_already_shared":false,"jetpack_social_options":{"image_generator_settings":{"template":"highway","default_image_id":0,"font":"","enabled":false},"version":2}},"categories":[13],"tags":[173,37],"class_list":["post-1386","post","type-post","status-publish","format-standard","has-post-thumbnail","hentry","category-interes-general","tag-carnavales","tag-destacada"],"jetpack_publicize_connections":[],"jetpack_featured_media_url":"https:\/\/revistaepocadigital.com.ar\/wp-content\/uploads\/2019\/01\/CARNAVALES-2019-1.jpg","jetpack_likes_enabled":true,"_links":{"self":[{"href":"https:\/\/revistaepocadigital.com.ar\/index.php?rest_route=\/wp\/v2\/posts\/1386","targetHints":{"allow":["GET"]}}],"collection":[{"href":"https:\/\/revistaepocadigital.com.ar\/index.php?rest_route=\/wp\/v2\/posts"}],"about":[{"href":"https:\/\/revistaepocadigital.com.ar\/index.php?rest_route=\/wp\/v2\/types\/post"}],"author":[{"embeddable":true,"href":"https:\/\/revistaepocadigital.com.ar\/index.php?rest_route=\/wp\/v2\/users\/3"}],"replies":[{"embeddable":true,"href":"https:\/\/revistaepocadigital.com.ar\/index.php?rest_route=%2Fwp%2Fv2%2Fcomments&post=1386"}],"version-history":[{"count":0,"href":"https:\/\/revistaepocadigital.com.ar\/index.php?rest_route=\/wp\/v2\/posts\/1386\/revisions"}],"wp:featuredmedia":[{"embeddable":true,"href":"https:\/\/revistaepocadigital.com.ar\/index.php?rest_route=\/wp\/v2\/media\/1389"}],"wp:attachment":[{"href":"https:\/\/revistaepocadigital.com.ar\/index.php?rest_route=%2Fwp%2Fv2%2Fmedia&parent=1386"}],"wp:term":[{"taxonomy":"category","embeddable":true,"href":"https:\/\/revistaepocadigital.com.ar\/index.php?rest_route=%2Fwp%2Fv2%2Fcategories&post=1386"},{"taxonomy":"post_tag","embeddable":true,"href":"https:\/\/revistaepocadigital.com.ar\/index.php?rest_route=%2Fwp%2Fv2%2Ftags&post=1386"}],"curies":[{"name":"wp","href":"https:\/\/api.w.org\/{rel}","templated":true}]}}