{"id":13882,"date":"2021-12-02T19:38:31","date_gmt":"2021-12-02T22:38:31","guid":{"rendered":"https:\/\/revistaepocadigital.com.ar\/?p=13882"},"modified":"2021-12-02T19:39:56","modified_gmt":"2021-12-02T22:39:56","slug":"nevos-protocolos-sanitarios-ante-los-ingresos-de-residentes-y-migrantes","status":"publish","type":"post","link":"https:\/\/revistaepocadigital.com.ar\/?p=13882","title":{"rendered":"Nuevos protocolos sanitarios ante los ingresos de residentes y migrantes."},"content":{"rendered":"<div class=\"itemLinks\">\n<div class=\"itemBody\">\n<div class=\"itemIntroText\">\n<p style=\"text-align: left;\"><strong>INFORM\u00d3 EL GOBIERNO DE LA PROVINCIA DE BUENOS AIRES.<\/strong><\/p>\n<div class=\"itemLinks\">\n<div class=\"clr\"><\/div>\n<\/div>\n<p><!--more--><\/p>\n<p style=\"text-align: right;\">\n<\/div>\n<div class=\"itemFullText\">\n<p>Ante la proliferaci\u00f3n mundial de la cepa \u00d3micron de COVID-19, desde el Gobierno de la Provincia de Buenos Aires se public\u00f3 una Resoluci\u00f3n de firma conjunta N\u00ba 441\/2021 con las r\u00fabricas el jefe de Gabinete, Mart\u00edn Isaurralde, y el de Salud, Nicol\u00e1s Kreplak, en donde se comunicaron los nuevos protocolos sanitarios y las adaptaciones distritales a las normas nacionales.<\/p>\n<p>En efecto, en el Art\u00edculo 1\u00ba, se estableci\u00f3 \u201cque aquellas personas que tengan domicilio o residencia permanente o transitoria en el territorio de la Provincia de Buenos Aires, as\u00ed como aquellas personas extranjeras no residentes que ingresen al territorio de la Provincia a trav\u00e9s de los corredores seguros autorizados, y que no cumplan los requisitos sanitarios establecidos en el Art\u00edculo 1\u00b0 inciso 4 de la Decisi\u00f3n Administrativa N\u00b0 951\/2021 de Jefatura de Gabinete de Ministros de la Naci\u00f3n, y su modificatoria N\u00b0 1064\/2021, deber\u00e1n realizar la cuarentena prevista en el art\u00edculo 7\u00b0, inciso d) del Decreto N\u00b0 260\/20 y sus normas modificatorias y complementarias, en el domicilio que declarasen a tal efecto\u201d.<\/p>\n<p>Es decir, para el caso de los protocolos sanitarios explicitados desde el Gabinete de la Provincia, quienes no hayan completado el esquema de vacunaci\u00f3n por lo menos 14 d\u00edas antes de su ingreso al pa\u00eds; para el caso de los argentinos o las argentinas que hubieran residido en el exterior durante al menos el \u00faltimo a\u00f1o, se entender\u00e1 por esquema de vacunaci\u00f3n completo al definido por las autoridades sanitarias del pa\u00eds de residencia; o no cuenten con una prueba PCR negativa realizada en el pa\u00eds de origen dentro de las 72 horas previas al inicio del viaje, deber\u00e1n permanecer aisladas durante 14 d\u00edas o por el plazo que en el futuro determine la autoridad de aplicaci\u00f3n seg\u00fan la evoluci\u00f3n epidemiol\u00f3gica.<\/p>\n<p>\u201cAdicionalmente, deber\u00e1n hacerse un test de PCR al s\u00e9ptimo d\u00eda de su arribo al pa\u00eds, cuyo resultado deber\u00e1 ser negativo como condici\u00f3n de finalizaci\u00f3n del aislamiento obligatorio. El costo del test al que se hace referencia quedar\u00e1 a cargo de la persona que ingrese al pa\u00eds\u201d, rez\u00f3, tambi\u00e9n, el primer apartado de la Resoluci\u00f3n de firma conjunta entre los titulares del Ministerio de Jefatura de Gabinete de Ministros y del Ministerio de Salud.<\/p>\n<p>En el Art\u00edculo 2\u00ba, en consecuci\u00f3n con los protocolos sanitarios expuestos desde el Gabinete de la Provincia, se precis\u00f3 que \u201crespecto de los y las menores de edad que ingresen al territorio de la provincia que no hayan completado el esquema de vacunaci\u00f3n, en los t\u00e9rminos del Art\u00edculo 1\u00b0 Inciso 4 de la Decisi\u00f3n Administrativa N\u00b0 951\/2021 de Jefatura de Gabinete de Ministros de la Naci\u00f3n, y su modificatoria N\u00b0 1064\/2021, se mantiene la recomendaci\u00f3n de no realizar actividades grupales ni concurrir a eventos grupales o masivos durante los primeros siete (7) d\u00edas contados desde su arribo al pa\u00eds\u201d.<\/p>\n<p>Por su parte, en cuanto a c\u00f3mo se regular\u00e1n los protocolos sanitarios en la Provincia, en el Art\u00edculo 3\u00ba se estipul\u00f3 que, \u201ca partir de la entrada en vigencia de la presente resoluci\u00f3n, ante el incumplimiento de las normas de cuidado y aislamiento preventivo dispuestas por las autoridades nacionales y provinciales en el marco de la emergencia sanitaria, las personas que arriben al pa\u00eds desde el exterior que no cumplan el aislamiento, en los t\u00e9rminos indicados en el art\u00edculo 1\u00b0 de la presente resoluci\u00f3n, ser\u00e1n pasibles de las sanciones previstas en el Decreto Ley N\u00b0 8841\/77, conforme el procedimiento establecido en los Decretos N\u00b0 3707\/98 y N\u00b0 1\/21\u201d.<\/p>\n<p>\u201cAdem\u00e1s, cuando se constate la existencia de infracci\u00f3n al cumplimiento de las medidas establecidas en la presente se formular\u00e1n las pertinentes denuncias penales, en funci\u00f3n de lo dispuesto por los art\u00edculos 205, 239 y concordantes del C\u00f3digo Penal\u201d, concluy\u00f3 la Resoluci\u00f3n de firma conjunta publicada en el Bolet\u00edn Oficial e Provincia.<\/p>\n<p>Fuente infobonaerense<\/p>\n<\/div>\n<\/div>\n<\/div>\n<div class=\"itemBackToTop\">Foto portada: gentileza La Naci\u00f3n<\/div>\n","protected":false},"excerpt":{"rendered":"<p>INFORM\u00d3 EL GOBIERNO DE LA PROVINCIA DE BUENOS AIRES.<\/p>\n","protected":false},"author":3,"featured_media":13883,"comment_status":"open","ping_status":"open","sticky":false,"template":"","format":"standard","meta":{"footnotes":"","jetpack_publicize_message":"","jetpack_publicize_feature_enabled":true,"jetpack_social_post_already_shared":false,"jetpack_social_options":{"image_generator_settings":{"template":"highway","default_image_id":0,"font":"","enabled":false},"version":2}},"categories":[13],"tags":[1689],"class_list":["post-13882","post","type-post","status-publish","format-standard","has-post-thumbnail","hentry","category-interes-general","tag-protocolos-nuevos"],"jetpack_publicize_connections":[],"jetpack_featured_media_url":"https:\/\/revistaepocadigital.com.ar\/wp-content\/uploads\/2021\/12\/UA6DHKU5PBFJ7M5E37LJIHU3JU.jpg","jetpack_likes_enabled":true,"_links":{"self":[{"href":"https:\/\/revistaepocadigital.com.ar\/index.php?rest_route=\/wp\/v2\/posts\/13882","targetHints":{"allow":["GET"]}}],"collection":[{"href":"https:\/\/revistaepocadigital.com.ar\/index.php?rest_route=\/wp\/v2\/posts"}],"about":[{"href":"https:\/\/revistaepocadigital.com.ar\/index.php?rest_route=\/wp\/v2\/types\/post"}],"author":[{"embeddable":true,"href":"https:\/\/revistaepocadigital.com.ar\/index.php?rest_route=\/wp\/v2\/users\/3"}],"replies":[{"embeddable":true,"href":"https:\/\/revistaepocadigital.com.ar\/index.php?rest_route=%2Fwp%2Fv2%2Fcomments&post=13882"}],"version-history":[{"count":0,"href":"https:\/\/revistaepocadigital.com.ar\/index.php?rest_route=\/wp\/v2\/posts\/13882\/revisions"}],"wp:featuredmedia":[{"embeddable":true,"href":"https:\/\/revistaepocadigital.com.ar\/index.php?rest_route=\/wp\/v2\/media\/13883"}],"wp:attachment":[{"href":"https:\/\/revistaepocadigital.com.ar\/index.php?rest_route=%2Fwp%2Fv2%2Fmedia&parent=13882"}],"wp:term":[{"taxonomy":"category","embeddable":true,"href":"https:\/\/revistaepocadigital.com.ar\/index.php?rest_route=%2Fwp%2Fv2%2Fcategories&post=13882"},{"taxonomy":"post_tag","embeddable":true,"href":"https:\/\/revistaepocadigital.com.ar\/index.php?rest_route=%2Fwp%2Fv2%2Ftags&post=13882"}],"curies":[{"name":"wp","href":"https:\/\/api.w.org\/{rel}","templated":true}]}}