{"id":13886,"date":"2021-12-03T08:58:46","date_gmt":"2021-12-03T11:58:46","guid":{"rendered":"https:\/\/revistaepocadigital.com.ar\/?p=13886"},"modified":"2021-12-03T08:59:20","modified_gmt":"2021-12-03T11:59:20","slug":"la-clase-media-al-paraiso","status":"publish","type":"post","link":"https:\/\/revistaepocadigital.com.ar\/?p=13886","title":{"rendered":"LA CLASE MEDIA AL PARA\u00cdSO  \u00a0"},"content":{"rendered":"<p><strong>LA TORTUOSA DIN\u00c1MICA DEL PA\u00cdS.<\/strong><!--more--><\/p>\n<p><strong>Se prolonga desde hace muchos, demasiados, a\u00f1os y avanza conduciendo a la Argentina hacia horizontes emparentados con la decadencia y la pobreza, no s\u00f3lo econ\u00f3mica, social, educativa, tambi\u00e9n cultural.<\/strong><\/p>\n<p><strong>\u00a0<\/strong><strong>Gobiernos tras gobiernos, sin distinci\u00f3n de ideolog\u00edas, no han conseguido enderezar un barco cargado de posibilidades y riquezas genu\u00ednas con un capital humano en su inmensa mayor\u00eda, excepcional.<\/strong><\/p>\n<p><strong>\u00a0<\/strong><strong>Mientras tanto, el pa\u00eds, la gente, el pueblo que trabaja sin distinci\u00f3n de clases sociales, que sue\u00f1a, anhela, cree, sigue apuntado desde hace tanto tiempo, por medidas que lo empobrecen y frustran y, lo m\u00e1s grave, restrigen seriamente sus libertades individuales sagradas en cualquier sociedad moderna.<\/strong><\/p>\n<p><strong>\u00a0<\/strong><strong>Vaya como ejemplo m\u00e1s reciente, la medida del gobierno nacional de, directamente de un d\u00eda para otro, prohibirle a millones de argentinos continuar comprando pasajes en avi\u00f3n y paquetes tur\u00edsticos en cuotas. Medida que supone varias lecturas profundas \u00a0m\u00e1s all\u00e1 de la falta de d\u00f3lares que padece el Banco Central y que mortifica a la econom\u00eda argentina hist\u00f3ricamente.<\/strong><\/p>\n<p><strong>\u00a0<\/strong><strong>La clase media, verdadero pulm\u00f3n de la econom\u00eda del pa\u00eds, verdadero gestor de trabajo y de expansi\u00f3n, ha sido apuntada. Otra vez, como tantas veces ha ocurrido. La clase media es la variable de ajuste a la que invariablemente recurren los gobiernos argentinos para reunirse con esos fondos que las fallidas administraciones no logran encauzar y dilapidan tantas veces.<\/strong><\/p>\n<p><strong>\u00a0<\/strong><strong>El turismo, viajar, encontrarse, conocer el pa\u00eds y el mundo, entender hacia adonde avanza con el v\u00e1lido enriquecimiento intelectual y personal que depara resulta un derecho, permite una calidad de vida mejor y sin requerir fondos de nadie, s\u00f3lo sustentados en el esfuerzo acaso de a\u00f1os que luego redundar\u00e1 bien aplicado, en un aporte a la sociedad misma.<\/strong><\/p>\n<p><strong>\u00a0<\/strong><strong>Pero no, a tantos argentinos que hacen el pa\u00eds d\u00eda a d\u00eda, se les ha puesto un nuevo cepo que da de lleno en la libertad de cada uno de elegir lo que quiere hacer con su vida. Y tambi\u00e9n, ha vuelto a poner en riesgo a fuentes de trabajo genu\u00ednas.<\/strong><\/p>\n<p><strong>\u00a0<\/strong><strong>Vale la pena mencionar en cuanto a la problem\u00e1tica, lo expuesto por el <\/strong><strong>Foro Argentino de Consultores y Empresas de Viajes (FACVE), luego de la reuni\u00f3n mantenida con autoridades del Banco Central:<\/strong><\/p>\n<p><strong>\u00a0<\/strong><strong>\u00a0<\/strong><\/p>\n<p><strong>SIN RESPUESTAS Y CON PREOCUPACI\u00d3N FRENTE A UN PANORAMA INCIERTO.<\/strong><\/p>\n<p><em>Luego de la reuni\u00f3n en el BCRA, FACVE expresa su preocupaci\u00f3n y alerta ante un\u00a0<\/em><em>panorama de incertidumbre.<\/em><\/p>\n<p>Buenos Aires, 1ero de diciembre.<\/p>\n<p>Luego de una reuni\u00f3n llevada a cabo este mi\u00e9rcoles, 1ero de diciembre, con autoridades del Banco Central (BCRA) y del Ministerio de Turismo, junto a otras instituciones y empresas de viajes, desde FACVE -Foro Argentino de Consultores y Empresas de Viajes- expresamos nuestro malestar y preocupaci\u00f3n, dado que no hubo registro del estado cr\u00edtico del sector,\u00a0respuestas ni certezas sobre la duraci\u00f3n de la medida que proh\u00edbe la compra en cuotas de los viajes al exterior.<\/p>\n<p>La Comunicaci\u00f3n A7404 emitida por el BCRA el pasado jueves 25 de noviembre que\u00a0proh\u00edbe el financiamiento en cuotas de pasajes y alojamiento en el exterior es una medida\u00a0que afecta a toda la industria tur\u00edstica y resulta en un escenario de escasez y de menos\u00a0alternativas para todos los argentinos. Ning\u00fan pa\u00eds soporta flujos de pasajeros en un s\u00f3lo\u00a0sentido. Y la merma de salida de argentinos da\u00f1a el sistema aerocomercial, limitando la\u00a0oferta de vuelos y provocando p\u00e9rdida de conectividad del pa\u00eds, lo cual atenta en forma\u00a0directa contra el ingreso de divisas que tanto aportan los turistas extranjeros.<\/p>\n<p>Medidas de este tipo a\u00edslan a la Argentina, afectando la libertad de las personas de elegir\u00a0c\u00f3mo viajar.<\/p>\n<p>Asimismo, el sector tur\u00edstico es el 4to sector productivo en el pa\u00eds, representa un 10% del\u00a0PBI y realiza un aporte fundamental a la econom\u00eda generando miles de empleos directos e indirectos. Es por ello, que nuestro pa\u00eds necesita de este y otros sectores para crecer y\u00a0reactivar nuestra econom\u00eda.<\/p>\n<p>En este sentido, le pedimos encarecidamente al gobierno y a la dirigencia en general que\u00a0tomen conciencia del sentido de urgencia que tiene establecer todas las medidas necesarias para que Argentina pueda transitar hacia un modelo donde las empresas\u00a0radicadas en nuestro pa\u00eds, podamos acceder eficientemente a las divisas necesarias para\u00a0desarrollar plenamente nuestra actividad; y que no sean necesarias este tipo de medidas\u00a0que adem\u00e1s de arbitrarias y restrictivas resultan totalmente ineficaces para el crecimiento\u00a0de nuestra industria y de la Argentina.<\/p>\n<p>&nbsp;<\/p>\n<p>Foto portada: gentileza La Naci\u00f3n.<\/p>\n","protected":false},"excerpt":{"rendered":"<p>LA TORTUOSA DIN\u00c1MICA DEL PA\u00cdS.<\/p>\n","protected":false},"author":4,"featured_media":13888,"comment_status":"open","ping_status":"open","sticky":false,"template":"","format":"standard","meta":{"footnotes":"","jetpack_publicize_message":"","jetpack_publicize_feature_enabled":true,"jetpack_social_post_already_shared":false,"jetpack_social_options":{"image_generator_settings":{"template":"highway","default_image_id":0,"font":"","enabled":false},"version":2}},"categories":[13],"tags":[1690,1691],"class_list":["post-13886","post","type-post","status-publish","format-standard","has-post-thumbnail","hentry","category-interes-general","tag-cuotas","tag-viajes"],"jetpack_publicize_connections":[],"jetpack_featured_media_url":"https:\/\/revistaepocadigital.com.ar\/wp-content\/uploads\/2021\/12\/viaaje.jpg","jetpack_likes_enabled":true,"_links":{"self":[{"href":"https:\/\/revistaepocadigital.com.ar\/index.php?rest_route=\/wp\/v2\/posts\/13886","targetHints":{"allow":["GET"]}}],"collection":[{"href":"https:\/\/revistaepocadigital.com.ar\/index.php?rest_route=\/wp\/v2\/posts"}],"about":[{"href":"https:\/\/revistaepocadigital.com.ar\/index.php?rest_route=\/wp\/v2\/types\/post"}],"author":[{"embeddable":true,"href":"https:\/\/revistaepocadigital.com.ar\/index.php?rest_route=\/wp\/v2\/users\/4"}],"replies":[{"embeddable":true,"href":"https:\/\/revistaepocadigital.com.ar\/index.php?rest_route=%2Fwp%2Fv2%2Fcomments&post=13886"}],"version-history":[{"count":0,"href":"https:\/\/revistaepocadigital.com.ar\/index.php?rest_route=\/wp\/v2\/posts\/13886\/revisions"}],"wp:featuredmedia":[{"embeddable":true,"href":"https:\/\/revistaepocadigital.com.ar\/index.php?rest_route=\/wp\/v2\/media\/13888"}],"wp:attachment":[{"href":"https:\/\/revistaepocadigital.com.ar\/index.php?rest_route=%2Fwp%2Fv2%2Fmedia&parent=13886"}],"wp:term":[{"taxonomy":"category","embeddable":true,"href":"https:\/\/revistaepocadigital.com.ar\/index.php?rest_route=%2Fwp%2Fv2%2Fcategories&post=13886"},{"taxonomy":"post_tag","embeddable":true,"href":"https:\/\/revistaepocadigital.com.ar\/index.php?rest_route=%2Fwp%2Fv2%2Ftags&post=13886"}],"curies":[{"name":"wp","href":"https:\/\/api.w.org\/{rel}","templated":true}]}}