{"id":13920,"date":"2021-12-06T23:08:01","date_gmt":"2021-12-07T02:08:01","guid":{"rendered":"https:\/\/revistaepocadigital.com.ar\/?p=13920"},"modified":"2021-12-06T23:08:01","modified_gmt":"2021-12-07T02:08:01","slug":"eden-lanza-whatsapp-como-nuevo-canal-de-gestion-para-los-usuarios","status":"publish","type":"post","link":"https:\/\/revistaepocadigital.com.ar\/?p=13920","title":{"rendered":"EDEN lanza WhatsApp como nuevo canal de gesti\u00f3n para los usuarios"},"content":{"rendered":"<p><strong>LA EMPRESA.<\/strong><!--more--><\/p>\n<p dir=\"ltr\">Contin\u00faando con el desarrollo de canales de gesti\u00f3n de tr\u00e1mites, consultas y comunicaci\u00f3n con sus usuarios, EDEN lanza WhatsApp, una herramienta \u00e1gil, simple y accesible, que se suma a la App EDEN M\u00f3vil y Sucursal Virtual.<\/p>\n<p dir=\"ltr\">Para poder comunicarse con el WhatsApp EDEN, los usuarios deben agendar el n\u00famero +54 9 336 452-6944 y el Asistente Virtual ir\u00e1 gui\u00e1ndolos en las opciones disponibles.<\/p>\n<p dir=\"ltr\">Mediante WhatsApp, los usuarios podr\u00e1n realizar tr\u00e1mites y consultas como:<\/p>\n<ul>\n<li dir=\"ltr\">\n<p dir=\"ltr\">Pago de facturas<\/p>\n<\/li>\n<li dir=\"ltr\">\n<p dir=\"ltr\">Consulta de Saldo<\/p>\n<\/li>\n<li dir=\"ltr\">\n<p dir=\"ltr\">Reclamos T\u00e9cnicos<\/p>\n<\/li>\n<li dir=\"ltr\">\n<p dir=\"ltr\">Descarga de Factura y Cup\u00f3n de Pago<\/p>\n<\/li>\n<li dir=\"ltr\">\n<p dir=\"ltr\">Alta, baja y cambio de titularidad de suministro<\/p>\n<\/li>\n<li dir=\"ltr\">\n<p dir=\"ltr\">Consultas sobre Tarifa Social<\/p>\n<\/li>\n<li dir=\"ltr\">\n<p dir=\"ltr\">Consultas Electrodependiente<\/p>\n<\/li>\n<li dir=\"ltr\">\n<p dir=\"ltr\">Lugares de pago<\/p>\n<\/li>\n<li dir=\"ltr\">\n<p dir=\"ltr\">Obras en tu barrio<\/p>\n<\/li>\n<li dir=\"ltr\">\n<p dir=\"ltr\">Canales de atenci\u00f3n<\/p>\n<\/li>\n<li dir=\"ltr\">\n<p dir=\"ltr\">Denuncia de conexiones clandestinas<\/p>\n<\/li>\n<\/ul>\n<p dir=\"ltr\">La empresa contin\u00faa sumando herramientas para estar m\u00e1s cerca de sus usuarios, haciendo m\u00e1s \u00e1gil y f\u00e1cil la respuesta a sus consultas y operaciones habituales.<\/p>\n<p dir=\"ltr\">\n","protected":false},"excerpt":{"rendered":"<p>LA EMPRESA.<\/p>\n","protected":false},"author":3,"featured_media":13922,"comment_status":"open","ping_status":"open","sticky":false,"template":"","format":"standard","meta":{"footnotes":"","jetpack_publicize_message":"","jetpack_publicize_feature_enabled":true,"jetpack_social_post_already_shared":false,"jetpack_social_options":{"image_generator_settings":{"template":"highway","default_image_id":0,"font":"","enabled":false},"version":2}},"categories":[14],"tags":[],"class_list":["post-13920","post","type-post","status-publish","format-standard","has-post-thumbnail","hentry","category-la-gente"],"jetpack_publicize_connections":[],"jetpack_featured_media_url":"https:\/\/revistaepocadigital.com.ar\/wp-content\/uploads\/2021\/12\/EDEN-Lanzamiento-Whatsapp.jpg","jetpack_likes_enabled":true,"_links":{"self":[{"href":"https:\/\/revistaepocadigital.com.ar\/index.php?rest_route=\/wp\/v2\/posts\/13920","targetHints":{"allow":["GET"]}}],"collection":[{"href":"https:\/\/revistaepocadigital.com.ar\/index.php?rest_route=\/wp\/v2\/posts"}],"about":[{"href":"https:\/\/revistaepocadigital.com.ar\/index.php?rest_route=\/wp\/v2\/types\/post"}],"author":[{"embeddable":true,"href":"https:\/\/revistaepocadigital.com.ar\/index.php?rest_route=\/wp\/v2\/users\/3"}],"replies":[{"embeddable":true,"href":"https:\/\/revistaepocadigital.com.ar\/index.php?rest_route=%2Fwp%2Fv2%2Fcomments&post=13920"}],"version-history":[{"count":0,"href":"https:\/\/revistaepocadigital.com.ar\/index.php?rest_route=\/wp\/v2\/posts\/13920\/revisions"}],"wp:featuredmedia":[{"embeddable":true,"href":"https:\/\/revistaepocadigital.com.ar\/index.php?rest_route=\/wp\/v2\/media\/13922"}],"wp:attachment":[{"href":"https:\/\/revistaepocadigital.com.ar\/index.php?rest_route=%2Fwp%2Fv2%2Fmedia&parent=13920"}],"wp:term":[{"taxonomy":"category","embeddable":true,"href":"https:\/\/revistaepocadigital.com.ar\/index.php?rest_route=%2Fwp%2Fv2%2Fcategories&post=13920"},{"taxonomy":"post_tag","embeddable":true,"href":"https:\/\/revistaepocadigital.com.ar\/index.php?rest_route=%2Fwp%2Fv2%2Ftags&post=13920"}],"curies":[{"name":"wp","href":"https:\/\/api.w.org\/{rel}","templated":true}]}}