{"id":13934,"date":"2021-12-08T17:51:43","date_gmt":"2021-12-08T20:51:43","guid":{"rendered":"https:\/\/revistaepocadigital.com.ar\/?p=13934"},"modified":"2021-12-08T17:52:21","modified_gmt":"2021-12-08T20:52:21","slug":"diez-nuevo-concejal-de-juntos-queremos-cumplir-con-todo-lo-hablado-con-los-vecinos-en-la-campana","status":"publish","type":"post","link":"https:\/\/revistaepocadigital.com.ar\/?p=13934","title":{"rendered":"Diez, nuevo concejal de Juntos: &#8220;Queremos cumplir con todo lo hablado con los vecinos en la campa\u00f1a&#8221;"},"content":{"rendered":"<p><strong>JURAN LOS NUEVOS CONCEJALES. EL PASO DEL CONSEJO ESCOLAR AL CONCEJO DELIBERANTE.<\/strong><!--more--><\/p>\n<p>EPOCA convers\u00f3 con<strong> Patricio Diez<\/strong>, representante de Juntos quien asum\u00eda como nuevo concejal en el sabido e in\u00e9dito contexto en el Concejo Deliberante de Exaltaci\u00f3n de la Cruz, en total paridad. Concejales de Juntos: 7. Concejales del Frente de Todos: 7..<\/p>\n<p>Acerca de la presidencia del HCD, a\u00f9n no hab\u00eda sido anunciado quien seria, si bien versiones circulantes hab\u00edan mencionados algunos nombres restaba defeinirise el cargo, m\u00e1s clave que nunca, dado que el concejo va a contar con una in\u00e9dita paridad por lo que en determinados momentos que pudiera darse sobre proyectos, el presidente podr\u00e1 votar y marcar la diferencia. Por Juntos juraban en la sesi\u00f3n preparatoria: Ra\u00fal Sancho, a quien se sindicaba como nuevo presidente del HCD,Esther Juncos, Patricio Diez, Silvia S\u00e1nchez (Carda\u00f1es).<\/p>\n<p><strong>-\u00bfDiez, cual ser\u00e1 seg\u00fan estima, la impronta del nuevo HCD?<\/strong><br \/>\n<em>-En el nuevo Concejo, la impronta est\u00e1 puesta en que queremos cumplir con todo lo hablado con los vecinos en la campa\u00f1a electoral, controlar aumentos de tasas, los gastos del municipio, al mismo tiempo plantear propuesta<\/em>s<\/p>\n<p><strong>-Estima que con la paridad de concejales, podr\u00e1n surgir mas diferencias, discusiones en el HCD?<\/strong><br \/>\n&#8211;<em>Vislumbro que bajo el nuevo formato, se ver\u00e1 beneficiado la democracia toda. Seguro, habr\u00e1 que discutir temas que hagan a HCD sin perder el esp\u00edrtitu democr\u00e1tico. Discutir y hacerlo con sapiencia, con argumentos es lo mas sano que hay. Espero que no se generen muchas pol\u00e9micas y que se respeten los balorres democr\u00e1tico; discutir decisiones y con presencia, es lo mas sano y no lo veo que puedan generarse polemica. Tenemos que apuntar al di\u00e1logo, a la capacidad para dialogar<\/em><\/p>\n<p><img loading=\"lazy\" decoding=\"async\" class=\"alignright size-medium wp-image-13937\" src=\"https:\/\/revistaepocadigital.com.ar\/wp-content\/uploads\/2021\/12\/DIEZ-GON-SANCH-300x225.jpg\" alt=\"\" width=\"300\" height=\"225\" srcset=\"https:\/\/revistaepocadigital.com.ar\/wp-content\/uploads\/2021\/12\/DIEZ-GON-SANCH-300x225.jpg 300w, https:\/\/revistaepocadigital.com.ar\/wp-content\/uploads\/2021\/12\/DIEZ-GON-SANCH-768x577.jpg 768w, https:\/\/revistaepocadigital.com.ar\/wp-content\/uploads\/2021\/12\/DIEZ-GON-SANCH-80x60.jpg 80w, https:\/\/revistaepocadigital.com.ar\/wp-content\/uploads\/2021\/12\/DIEZ-GON-SANCH-160x120.jpg 160w, https:\/\/revistaepocadigital.com.ar\/wp-content\/uploads\/2021\/12\/DIEZ-GON-SANCH-265x198.jpg 265w, https:\/\/revistaepocadigital.com.ar\/wp-content\/uploads\/2021\/12\/DIEZ-GON-SANCH-530x396.jpg 530w, https:\/\/revistaepocadigital.com.ar\/wp-content\/uploads\/2021\/12\/DIEZ-GON-SANCH-696x523.jpg 696w, https:\/\/revistaepocadigital.com.ar\/wp-content\/uploads\/2021\/12\/DIEZ-GON-SANCH-559x420.jpg 559w, https:\/\/revistaepocadigital.com.ar\/wp-content\/uploads\/2021\/12\/DIEZ-GON-SANCH.jpg 1024w\" sizes=\"auto, (max-width: 300px) 100vw, 300px\" \/><\/p>\n<p>Diez junto a Gonz\u00e1lez y Sancho (foto der,)<\/p>\n<p>&#8211;<strong>Cree que el intendente Nanni podr\u00eda apelar a decretos en caso que el HCD, no sancionara las ordenanzas planteadas?<\/strong><br \/>\n&#8211;<em>La verdad esa posibilidad de gobernar por decreto no es buena, si as\u00ed se diera vivir\u00edamos en una monarqu\u00eda y lo que se necesitra en la Argentna es el sistema republicano, donde intervengan todas las voces. La gente no ve con buenos ojos que una administraci\u00f3n y que apele a decretos, por otro lado pretende que la oposici\u00f3n seamos controles y no que se oponga al di\u00e1logo. S\u00ed, yo mantengo di\u00e1logo con el intendente Nanni, incluso el intendente me felicito por las elecciones, siempre he dialogado con el intendente y seguir\u00e9 haci\u00e9ndolo desde el HCD.<\/em><\/p>\n<p><strong>\u00bfDe que forma vislumbra el a\u00f1o 2023 y las elecciones a presidente?<\/strong><br \/>\n<em>-Falta mucho a\u00fan, habr\u00e1 que trabajar y trabajar, es ciertoen el 2023 nosotros en Juntos nos jugamos todo, por eso considero que hay que continuar trabajando junto a la gente y cuando llegue el 2023, veremos, es demasiado prematuro hablar ahora.<\/em><\/p>\n<p>L<strong>OS COMEDORES ESCOLARES<\/strong><\/p>\n<p>En sus\u00b4\u00faltimos d\u00edas como presidente del Consejo Escolar, Patricio Diez habl\u00f3 con EPOCA tambi\u00e9n sobre un a problem\u00e1tica que ha afectado a muchas famlias de Exaltaci\u00f3n de la Cruz: los comedores escolares.<\/p>\n<p><em>&#8220;La licitaci\u00f3n para los bolsones con alimentos con los que se hab\u00eda venido funcionando durante la pandemia; siempre en este sentido fue complejo armarlos ya que por las normativas vigente, hab\u00eda que hacer una licitaci\u00f3n y luego en caso que no se presentara nadie, se puede hacer la compra directa. Luego, en cuanto a que volvieran a funcionar los comedores escolares, el ministerio de educaci\u00f3n de la provincia nos autoriz\u00f3 como excepci\u00f3n, para que comenzaran de nuevo en noviembre pasado&#8221;, dijo.<\/em><\/p>\n<p>M\u00e1s tarde ampli\u00f3: &#8220;<em>Entonces debimos confeccionar una licitaci\u00f3n con los valores que ya exist\u00edan, 85 pesos por chico para almuerzos y 37,50 para desayunos y meriendas. Luego como no se pod\u00eda cumplir con lo fijado, hubo que declarar la licitaci\u00f3n desierta, y por esos montos nos permitiron armar un nuevo men\u00fa provisto por la direcci\u00f3n de nutrici\u00f3n del ministerio. Poco despu\u00e9s, como dije en noviembre volvieron a funcionar los comedores en 10 escuelas de Exaltaci\u00f3n de la Cruz, y en diciembre volv\u00edan a funcionar en todas. Somos unos de los pocos distritos bonaerenses donde los comedores se encuentran en actividad y estaba previsto que funcionaran hasta el 15 de diciembre, en tanto se aguardaba luego de esa f<\/em>echa, que resolv\u00eda el ministerio acerca de las escuelas de verano y los comedores&#8221;.<\/p>\n<p>En cuanto a la nueva integraci\u00f3n del Consejo Escolar, Diez ratific\u00f3 el ingreso de dos nuevos consejeros por Juntos, So\u00f1a Puebla de Los Cardales y Claudio Gonz\u00e1lez de Capilla del Se\u00f1or, quien se desempe\u00f1\u00f3 como concejal hasta el 10 del corriente, d\u00eda en que de acuerdo a lo informado se realiza una sesi\u00f3n preparatoria en el HCD y juraban los nuevos concejales.<\/p>\n","protected":false},"excerpt":{"rendered":"<p>JURAN LOS NUEVOS CONCEJALES. EL PASO DEL CONSEJO ESCOLAR AL CONCEJO DELIBERANTE.<\/p>\n","protected":false},"author":4,"featured_media":13936,"comment_status":"open","ping_status":"open","sticky":false,"template":"","format":"standard","meta":{"footnotes":"","jetpack_publicize_message":"","jetpack_publicize_feature_enabled":true,"jetpack_social_post_already_shared":false,"jetpack_social_options":{"image_generator_settings":{"template":"highway","default_image_id":0,"font":"","enabled":false},"version":2}},"categories":[17],"tags":[1692,573,572],"class_list":["post-13934","post","type-post","status-publish","format-standard","has-post-thumbnail","hentry","category-politica","tag-concejal-2021","tag-consejo-escolar","tag-diez"],"jetpack_publicize_connections":[],"jetpack_featured_media_url":"https:\/\/revistaepocadigital.com.ar\/wp-content\/uploads\/2021\/12\/DIEZ-21.jpg","jetpack_likes_enabled":true,"_links":{"self":[{"href":"https:\/\/revistaepocadigital.com.ar\/index.php?rest_route=\/wp\/v2\/posts\/13934","targetHints":{"allow":["GET"]}}],"collection":[{"href":"https:\/\/revistaepocadigital.com.ar\/index.php?rest_route=\/wp\/v2\/posts"}],"about":[{"href":"https:\/\/revistaepocadigital.com.ar\/index.php?rest_route=\/wp\/v2\/types\/post"}],"author":[{"embeddable":true,"href":"https:\/\/revistaepocadigital.com.ar\/index.php?rest_route=\/wp\/v2\/users\/4"}],"replies":[{"embeddable":true,"href":"https:\/\/revistaepocadigital.com.ar\/index.php?rest_route=%2Fwp%2Fv2%2Fcomments&post=13934"}],"version-history":[{"count":0,"href":"https:\/\/revistaepocadigital.com.ar\/index.php?rest_route=\/wp\/v2\/posts\/13934\/revisions"}],"wp:featuredmedia":[{"embeddable":true,"href":"https:\/\/revistaepocadigital.com.ar\/index.php?rest_route=\/wp\/v2\/media\/13936"}],"wp:attachment":[{"href":"https:\/\/revistaepocadigital.com.ar\/index.php?rest_route=%2Fwp%2Fv2%2Fmedia&parent=13934"}],"wp:term":[{"taxonomy":"category","embeddable":true,"href":"https:\/\/revistaepocadigital.com.ar\/index.php?rest_route=%2Fwp%2Fv2%2Fcategories&post=13934"},{"taxonomy":"post_tag","embeddable":true,"href":"https:\/\/revistaepocadigital.com.ar\/index.php?rest_route=%2Fwp%2Fv2%2Ftags&post=13934"}],"curies":[{"name":"wp","href":"https:\/\/api.w.org\/{rel}","templated":true}]}}