{"id":13940,"date":"2021-12-08T18:09:53","date_gmt":"2021-12-08T21:09:53","guid":{"rendered":"https:\/\/revistaepocadigital.com.ar\/?p=13940"},"modified":"2021-12-08T18:09:53","modified_gmt":"2021-12-08T21:09:53","slug":"habilitaron-el-paso-a-nivel-sobre-la-calle-alsina","status":"publish","type":"post","link":"https:\/\/revistaepocadigital.com.ar\/?p=13940","title":{"rendered":"HABILITARON EL PASO A NIVEL SOBRE LA CALLE ALSINA"},"content":{"rendered":"<div class=\"kvgmc6g5 cxmmr5t8 oygrvhab hcukyx3x c1et5uql ii04i59q\">\n<div dir=\"auto\"><strong>AHORA S\u00cd.<\/strong><\/div>\n<div dir=\"auto\"><\/div>\n<\/div>\n<p><!--more--><\/p>\n<div class=\"o9v6fnle cxmmr5t8 oygrvhab hcukyx3x c1et5uql ii04i59q\">\n<div dir=\"auto\">Se habilit\u00f3 el nuevo paso a nivel en Los Cardales, luego de los trabajos en donde se reemplaz\u00f3 no solo el material ferroviario, sino que se ejecutaron una serie de mejoras para el tr\u00e1nsito vehicular.<\/div>\n<div dir=\"auto\"><\/div>\n<\/div>\n<div dir=\"auto\"><img loading=\"lazy\" decoding=\"async\" class=\"aligncenter size-medium wp-image-13943\" src=\"https:\/\/revistaepocadigital.com.ar\/wp-content\/uploads\/2021\/12\/PASO-NIV-2-300x198.jpg\" alt=\"\" width=\"300\" height=\"198\" srcset=\"https:\/\/revistaepocadigital.com.ar\/wp-content\/uploads\/2021\/12\/PASO-NIV-2-300x198.jpg 300w, https:\/\/revistaepocadigital.com.ar\/wp-content\/uploads\/2021\/12\/PASO-NIV-2-768x508.jpg 768w, https:\/\/revistaepocadigital.com.ar\/wp-content\/uploads\/2021\/12\/PASO-NIV-2-696x460.jpg 696w, https:\/\/revistaepocadigital.com.ar\/wp-content\/uploads\/2021\/12\/PASO-NIV-2-741x486.jpg 741w, https:\/\/revistaepocadigital.com.ar\/wp-content\/uploads\/2021\/12\/PASO-NIV-2-635x420.jpg 635w, https:\/\/revistaepocadigital.com.ar\/wp-content\/uploads\/2021\/12\/PASO-NIV-2.jpg 900w\" sizes=\"auto, (max-width: 300px) 100vw, 300px\" \/><\/div>\n<div dir=\"auto\"><\/div>\n<div dir=\"auto\">Sumado a ello y solucionando un hist\u00f3rico problema en Los Cardales, el nuevo paso a nivel ya cuenta con un flamante sistema de barreras autom\u00e1ticas, acorde con los cambios que se vienen ejecutando en el tramo ferroviario que va desde Matheu hasta Capilla del Se\u00f1or, en el ramal Mitre.<\/div>\n","protected":false},"excerpt":{"rendered":"<p>AHORA S\u00cd.<\/p>\n","protected":false},"author":3,"featured_media":13942,"comment_status":"open","ping_status":"open","sticky":false,"template":"","format":"standard","meta":{"footnotes":"","jetpack_publicize_message":"","jetpack_publicize_feature_enabled":true,"jetpack_social_post_already_shared":false,"jetpack_social_options":{"image_generator_settings":{"template":"highway","default_image_id":0,"font":"","enabled":false},"version":2}},"categories":[4],"tags":[801],"class_list":["post-13940","post","type-post","status-publish","format-standard","has-post-thumbnail","hentry","category-aqui-los-cardales","tag-paso-a-nivel"],"jetpack_publicize_connections":[],"jetpack_featured_media_url":"https:\/\/revistaepocadigital.com.ar\/wp-content\/uploads\/2021\/12\/PASO-NIVEL.jpg","jetpack_likes_enabled":true,"_links":{"self":[{"href":"https:\/\/revistaepocadigital.com.ar\/index.php?rest_route=\/wp\/v2\/posts\/13940","targetHints":{"allow":["GET"]}}],"collection":[{"href":"https:\/\/revistaepocadigital.com.ar\/index.php?rest_route=\/wp\/v2\/posts"}],"about":[{"href":"https:\/\/revistaepocadigital.com.ar\/index.php?rest_route=\/wp\/v2\/types\/post"}],"author":[{"embeddable":true,"href":"https:\/\/revistaepocadigital.com.ar\/index.php?rest_route=\/wp\/v2\/users\/3"}],"replies":[{"embeddable":true,"href":"https:\/\/revistaepocadigital.com.ar\/index.php?rest_route=%2Fwp%2Fv2%2Fcomments&post=13940"}],"version-history":[{"count":0,"href":"https:\/\/revistaepocadigital.com.ar\/index.php?rest_route=\/wp\/v2\/posts\/13940\/revisions"}],"wp:featuredmedia":[{"embeddable":true,"href":"https:\/\/revistaepocadigital.com.ar\/index.php?rest_route=\/wp\/v2\/media\/13942"}],"wp:attachment":[{"href":"https:\/\/revistaepocadigital.com.ar\/index.php?rest_route=%2Fwp%2Fv2%2Fmedia&parent=13940"}],"wp:term":[{"taxonomy":"category","embeddable":true,"href":"https:\/\/revistaepocadigital.com.ar\/index.php?rest_route=%2Fwp%2Fv2%2Fcategories&post=13940"},{"taxonomy":"post_tag","embeddable":true,"href":"https:\/\/revistaepocadigital.com.ar\/index.php?rest_route=%2Fwp%2Fv2%2Ftags&post=13940"}],"curies":[{"name":"wp","href":"https:\/\/api.w.org\/{rel}","templated":true}]}}