{"id":1396,"date":"2019-01-26T11:44:28","date_gmt":"2019-01-26T14:44:28","guid":{"rendered":"https:\/\/revistaepocadigital.com.ar\/?p=1396"},"modified":"2019-01-26T11:47:31","modified_gmt":"2019-01-26T14:47:31","slug":"nanni-desmiente-rumores-y-ratifica-su-candidatura-a-intendente","status":"publish","type":"post","link":"https:\/\/revistaepocadigital.com.ar\/?p=1396","title":{"rendered":"Nanni desmiente rumores y ratifica su candidatura a intendente"},"content":{"rendered":"<p><strong>LA VERSION.<\/strong><!--more--><\/p>\n<p>El tablero pol\u00edtico es sabido, en el pa\u00eds y en Exaltaci\u00f3n de la Cruz, comenzado el a\u00f1o electoral clave, fundamental para el futuro, arroja movimientos casi constantes. En tal sentido, se ha especulado con una eventual declinaci\u00f3n de su candidatura a intendente por parte de <strong>Diego Nanni.<\/strong> \u00bfQue dijo el actual secretario de gobierno de la comuna?<\/p>\n<p><strong>-\u00bfA que atribuye las versiones acerca de una supuesta declinaci\u00f3n de su candidatura a intendente, existe esa posibilidad?<\/strong><br \/>\n<em>-Desconozco realmente que es lo que dispar\u00f3 el rumor, s\u00e9 que alguna publicaci\u00f3n period\u00edstica marca diferencias entre el compromiso que asumimos algunos funcionarios para con nuestras responsabilidades, y da a entender la falta de solidaridad entre los mismos funcionarios. A ra\u00edz de esta premisa, se presume que no hay apoyo de cierta parte del aparato digamos. Yo por mi parte, estoy convencido de lo que quiero proponer, y voy a llegar hasta el punto donde sea la gente la que decida.<\/em><\/p>\n<p><strong>-Se han escuchado tambi\u00e9n rumores acerca de que algunos altos funcionarios de la comuna, no comulgan con la idea <\/strong><strong>que ha expuesto, acerca de que si es elegido intendente, har\u00e1 una profunda renovaci\u00f3n de nombres en el municipio, <\/strong><strong>algunos de los cuales est\u00e1n desde hace 30 a\u00f1os&#8230;<\/strong><br \/>\n<em>-Est\u00e1n en todo su derecho de disentir, pero es una necesidad para la continuidad. No habr\u00e1 adaptaci\u00f3n al nuevo escenario, sino tenemos la gente con la sensibilidad \u201cactualizada\u201d y en \u201csinton\u00eda\u201d con lo que nos exige la realidad. Puede ser que este punto sea tambi\u00e9n producto de rumores de no acompa\u00f1amiento <\/em>(a la candidatura)<em>, a lo que uno propone pero no hay q tener miedo a discutir estas cuestiones.<\/em><\/p>\n<p><strong>-Entre interrogantes surgidos, se especula si su candidatura respaldada por el municipio, formar\u00e1 parte de <\/strong><strong>algunos de los espacios del peronismo que se est\u00e1n vislumbrando o bien, sea una candidatura vecinalista como <\/strong><strong>ocurri\u00f3 en anterior elecci\u00f3n?<\/strong><\/p>\n<p><em>-Todav\u00eda no tengo un panorama claro, no hay alineamiento en los niveles provincial y nacional, con lo cual no podemos comenzar a dialogar entre sectores locales.<\/em><\/p>\n<p><strong>-Hace unos dias se lo vio en el restaurante Trevi de Capilla del Se\u00f1or, reunido con Luis Mariano Martin y <\/strong><strong>Alejandro Marcus. A prop\u00f3sito, Marcus ser\u00e1 parte de su ensanblado pol\u00edtico?<\/strong><br \/>\n<em>-Nos juntamos a hablar de la realidad del distrito, de como vemos la situaci\u00f3n del pa\u00eds y compartimos puntos de vista de c\u00f3mo se desarrollar\u00e1 el periodo de campa\u00f1a. No, no hemos tratado m\u00e1s que aquello que nos preocupa del escenario que se viene presentando.<\/em><\/p>\n<p><strong>-\u00bfQue cambia en el panorama pol\u00edtico exaltacruce\u00f1o si se desdoblan elecciones en la provincia?<\/strong><br \/>\n<em>-Yo creo que cambia sustancialmente la elecci\u00f3n. Desdoblada esta misma, ser\u00e1 una elecci\u00f3n m\u00e1s personalizada de aquel que conducir\u00e1 la administraci\u00f3n municipal. Hoy en d\u00eda, este m\u00e9todo de la lista s\u00e1bana, puede \u201carrastrar\u201d a un candidato no del todo conocido, y aceptado para ocupar el sill\u00f3n del intendente por el solo hecho de estar inclu\u00eddo en la boleta donde se encuentra al postulante con mayor intenci\u00f3n de voto en el estamento provincial o nacional. Si se desdobla y se vota con boleta \u00fanica, la eleccion es m\u00e1s direccionada.<\/em><\/p>\n<p>&nbsp;<\/p>\n<p>Foto: gentileza La Aut\u00e9ntica Defensa.<\/p>\n","protected":false},"excerpt":{"rendered":"<p>LA VERSION.<\/p>\n","protected":false},"author":4,"featured_media":1399,"comment_status":"open","ping_status":"open","sticky":false,"template":"","format":"standard","meta":{"footnotes":"","jetpack_publicize_message":"","jetpack_publicize_feature_enabled":true,"jetpack_social_post_already_shared":false,"jetpack_social_options":{"image_generator_settings":{"template":"highway","default_image_id":0,"font":"","enabled":false},"version":2}},"categories":[17],"tags":[37,66],"class_list":["post-1396","post","type-post","status-publish","format-standard","has-post-thumbnail","hentry","category-politica","tag-destacada","tag-nanni"],"jetpack_publicize_connections":[],"jetpack_featured_media_url":"https:\/\/revistaepocadigital.com.ar\/wp-content\/uploads\/2019\/01\/na.jpg","jetpack_likes_enabled":true,"_links":{"self":[{"href":"https:\/\/revistaepocadigital.com.ar\/index.php?rest_route=\/wp\/v2\/posts\/1396","targetHints":{"allow":["GET"]}}],"collection":[{"href":"https:\/\/revistaepocadigital.com.ar\/index.php?rest_route=\/wp\/v2\/posts"}],"about":[{"href":"https:\/\/revistaepocadigital.com.ar\/index.php?rest_route=\/wp\/v2\/types\/post"}],"author":[{"embeddable":true,"href":"https:\/\/revistaepocadigital.com.ar\/index.php?rest_route=\/wp\/v2\/users\/4"}],"replies":[{"embeddable":true,"href":"https:\/\/revistaepocadigital.com.ar\/index.php?rest_route=%2Fwp%2Fv2%2Fcomments&post=1396"}],"version-history":[{"count":0,"href":"https:\/\/revistaepocadigital.com.ar\/index.php?rest_route=\/wp\/v2\/posts\/1396\/revisions"}],"wp:featuredmedia":[{"embeddable":true,"href":"https:\/\/revistaepocadigital.com.ar\/index.php?rest_route=\/wp\/v2\/media\/1399"}],"wp:attachment":[{"href":"https:\/\/revistaepocadigital.com.ar\/index.php?rest_route=%2Fwp%2Fv2%2Fmedia&parent=1396"}],"wp:term":[{"taxonomy":"category","embeddable":true,"href":"https:\/\/revistaepocadigital.com.ar\/index.php?rest_route=%2Fwp%2Fv2%2Fcategories&post=1396"},{"taxonomy":"post_tag","embeddable":true,"href":"https:\/\/revistaepocadigital.com.ar\/index.php?rest_route=%2Fwp%2Fv2%2Ftags&post=1396"}],"curies":[{"name":"wp","href":"https:\/\/api.w.org\/{rel}","templated":true}]}}