{"id":14010,"date":"2021-12-12T14:06:17","date_gmt":"2021-12-12T17:06:17","guid":{"rendered":"https:\/\/revistaepocadigital.com.ar\/?p=14010"},"modified":"2021-12-12T14:06:17","modified_gmt":"2021-12-12T17:06:17","slug":"y-manana-seran-grandes-egresados-2021-del-jardin-maternal-municipal-el-abrojito","status":"publish","type":"post","link":"https:\/\/revistaepocadigital.com.ar\/?p=14010","title":{"rendered":"Y ma\u00f1ana ser\u00e1n grandes. EGRESADOS 2021 DEL JARD\u00cdN MATERNAL MUNICIPAL EL ABROJITO"},"content":{"rendered":"<div class=\"qzhwtbm6 knvmm38d\">\n<h6 class=\"gmql0nx0 l94mrbxd p1ri9a11 lzcic4wl aahdfvyu hzawbc8m\"><strong>EMOCION.<\/strong><\/h6>\n<p>&nbsp;<\/p>\n<\/div>\n<p><!--more--><\/p>\n<div dir=\"auto\">Desde la Secretar\u00eda de Pol\u00edticas Educativas del municipio, a cargo de Vanesa Russo, hicieron mencionar al acto de cierre 2021 del Jard\u00edn Maternal El Abrojito<\/div>\n<div dir=\"auto\">&#8220;Felicitaciones a los egresados y sus familias; muchas gracias por la confianza depositada e<\/div>\n<div class=\"\" dir=\"auto\">\n<div class=\"\" dir=\"auto\">\n<div class=\"ecm0bbzt hv4rvrfc ihqw7lf3 dati1w0a\" data-ad-comet-preview=\"message\" data-ad-preview=\"message\">\n<div class=\"j83agx80 cbu4d94t ew0dbk1b irj2b8pg\">\n<div class=\"qzhwtbm6 knvmm38d\">\n<div class=\"cxmmr5t8 oygrvhab hcukyx3x c1et5uql o9v6fnle ii04i59q\">\n<div dir=\"auto\">En este excelente grupo de profesionales que dan todo diariamente para generar un espacio de contenci\u00f3n, aprendizaje y estimulaci\u00f3n en una etapa tan importante como lo es la primera infancia&#8221;.<\/div>\n<div dir=\"auto\"><\/div>\n<\/div>\n<\/div>\n<\/div>\n<div dir=\"auto\"><img loading=\"lazy\" decoding=\"async\" class=\"aligncenter size-large wp-image-14013\" src=\"https:\/\/revistaepocadigital.com.ar\/wp-content\/uploads\/2021\/12\/TTTT-1200x800.jpg\" alt=\"\" width=\"696\" height=\"464\" srcset=\"https:\/\/revistaepocadigital.com.ar\/wp-content\/uploads\/2021\/12\/TTTT-1200x800.jpg 1200w, https:\/\/revistaepocadigital.com.ar\/wp-content\/uploads\/2021\/12\/TTTT-300x200.jpg 300w, https:\/\/revistaepocadigital.com.ar\/wp-content\/uploads\/2021\/12\/TTTT-768x512.jpg 768w, https:\/\/revistaepocadigital.com.ar\/wp-content\/uploads\/2021\/12\/TTTT-696x464.jpg 696w, https:\/\/revistaepocadigital.com.ar\/wp-content\/uploads\/2021\/12\/TTTT-1068x712.jpg 1068w, https:\/\/revistaepocadigital.com.ar\/wp-content\/uploads\/2021\/12\/TTTT-630x420.jpg 630w, https:\/\/revistaepocadigital.com.ar\/wp-content\/uploads\/2021\/12\/TTTT-1260x840.jpg 1260w, https:\/\/revistaepocadigital.com.ar\/wp-content\/uploads\/2021\/12\/TTTT.jpg 1280w\" sizes=\"auto, (max-width: 696px) 100vw, 696px\" \/><\/div>\n<div class=\"j83agx80 cbu4d94t ew0dbk1b irj2b8pg\">\n<div class=\"qzhwtbm6 knvmm38d\">\n<div class=\"cxmmr5t8 oygrvhab hcukyx3x c1et5uql o9v6fnle ii04i59q\">\n<div dir=\"auto\"><\/div>\n<div dir=\"auto\">&#8220;Queremos destacar y felicitar al equipo directivo, docentes y auxiliares por la labor desempe\u00f1ada, en tiempos dif\u00edciles y de incertidumbre, en un contexto sanitario que llev\u00f3 a reformularnos como instituci\u00f3n. Les deseamos a las familias \u00e9xitos en esta nueva etapa y unas fiestas en paz y armon\u00eda&#8221;<\/div>\n<\/div>\n<\/div>\n<\/div>\n<\/div>\n<\/div>\n<\/div>\n","protected":false},"excerpt":{"rendered":"<p>EMOCION. &nbsp;<\/p>\n","protected":false},"author":3,"featured_media":14012,"comment_status":"open","ping_status":"open","sticky":false,"template":"","format":"standard","meta":{"footnotes":"","jetpack_publicize_message":"","jetpack_publicize_feature_enabled":true,"jetpack_social_post_already_shared":false,"jetpack_social_options":{"image_generator_settings":{"template":"highway","default_image_id":0,"font":"","enabled":false},"version":2}},"categories":[13],"tags":[1693],"class_list":["post-14010","post","type-post","status-publish","format-standard","has-post-thumbnail","hentry","category-interes-general","tag-abrojito-2021"],"jetpack_publicize_connections":[],"jetpack_featured_media_url":"https:\/\/revistaepocadigital.com.ar\/wp-content\/uploads\/2021\/12\/TTT.jpg","jetpack_likes_enabled":true,"_links":{"self":[{"href":"https:\/\/revistaepocadigital.com.ar\/index.php?rest_route=\/wp\/v2\/posts\/14010","targetHints":{"allow":["GET"]}}],"collection":[{"href":"https:\/\/revistaepocadigital.com.ar\/index.php?rest_route=\/wp\/v2\/posts"}],"about":[{"href":"https:\/\/revistaepocadigital.com.ar\/index.php?rest_route=\/wp\/v2\/types\/post"}],"author":[{"embeddable":true,"href":"https:\/\/revistaepocadigital.com.ar\/index.php?rest_route=\/wp\/v2\/users\/3"}],"replies":[{"embeddable":true,"href":"https:\/\/revistaepocadigital.com.ar\/index.php?rest_route=%2Fwp%2Fv2%2Fcomments&post=14010"}],"version-history":[{"count":0,"href":"https:\/\/revistaepocadigital.com.ar\/index.php?rest_route=\/wp\/v2\/posts\/14010\/revisions"}],"wp:featuredmedia":[{"embeddable":true,"href":"https:\/\/revistaepocadigital.com.ar\/index.php?rest_route=\/wp\/v2\/media\/14012"}],"wp:attachment":[{"href":"https:\/\/revistaepocadigital.com.ar\/index.php?rest_route=%2Fwp%2Fv2%2Fmedia&parent=14010"}],"wp:term":[{"taxonomy":"category","embeddable":true,"href":"https:\/\/revistaepocadigital.com.ar\/index.php?rest_route=%2Fwp%2Fv2%2Fcategories&post=14010"},{"taxonomy":"post_tag","embeddable":true,"href":"https:\/\/revistaepocadigital.com.ar\/index.php?rest_route=%2Fwp%2Fv2%2Ftags&post=14010"}],"curies":[{"name":"wp","href":"https:\/\/api.w.org\/{rel}","templated":true}]}}