{"id":14015,"date":"2021-12-12T10:14:42","date_gmt":"2021-12-12T13:14:42","guid":{"rendered":"https:\/\/revistaepocadigital.com.ar\/?p=14015"},"modified":"2021-12-12T14:52:09","modified_gmt":"2021-12-12T17:52:09","slug":"veronica-ludwig-dreier-siguen-mintiendo-dejen-de-amenazar-y-hostigarme","status":"publish","type":"post","link":"https:\/\/revistaepocadigital.com.ar\/?p=14015","title":{"rendered":"Veronica Ludwig Dreier. &#8220;\u00a1Siguen mintiendo!, dejen de amenazar y hostigarme&#8221;"},"content":{"rendered":"<p><strong>LA CONCEJAL EN LA MIRA DE TODOS<\/strong>. <!--more--><\/p>\n<div class=\"\" dir=\"auto\">\n<div id=\"jsc_c_l7\" class=\"ecm0bbzt hv4rvrfc ihqw7lf3 dati1w0a\" data-ad-comet-preview=\"message\" data-ad-preview=\"message\">\n<div class=\"j83agx80 cbu4d94t ew0dbk1b irj2b8pg\">\n<div class=\"qzhwtbm6 knvmm38d\">\n<div class=\"kvgmc6g5 cxmmr5t8 oygrvhab hcukyx3x c1et5uql ii04i59q\">\n<div dir=\"auto\">En su cuenta en la red social Facebook expuso su pensamiento. Si bien, dio su visi\u00f3n de los hechos, no hizo referencia a las razones puntuales que la llevaron a tan controversial decisi\u00f3n que desat\u00f3 un verdadero torbellino pol\u00edtico en Exaltaci\u00f3n de la Cruz, a no apoyar la designaci\u00f3n de Ra\u00fal Sancho como nuevo presidente, dando lugar a numerosas conjeturas y especulaciones.<\/div>\n<div dir=\"auto\"><\/div>\n<div dir=\"auto\"><em>&#8220;Siguen Mintiendo.!!!!!<\/em><\/div>\n<div dir=\"auto\"><em>Ac\u00e1 seguimos con la convivencia entre el dirigente de la UCR Jos\u00e9 Mar\u00eda Smith y el concejal del PRO, Ra\u00fal Sancho.<\/em><\/div>\n<div dir=\"auto\"><em>\u00c9ste comunicado fue firmado en una reuni\u00f3n cerrada d\u00f3nde no estuvieron presentes ni la presidenta ni la comisi\u00f3n. Solo unos pocos integrantes afines al sr Smith.<\/em><\/div>\n<div dir=\"auto\"><em>Dejen de amenazar. Y hostigarme.<\/em><\/div>\n<div dir=\"auto\"><em>Hoy en el d\u00eda de la vuelta a la Democracia, ustedes son lo anti democr\u00e1tico.<\/em><\/div>\n<div dir=\"auto\"><em>Sr Smith usted acusa a las mujeres que hace referencia porque en ese cargo iba su amigo Fernando Mendoza.<\/em><\/div>\n<div dir=\"auto\"><em>Esto lo elevar\u00e9 al comit\u00e9 provincia.<\/em><\/div>\n<div dir=\"auto\"><em>Exijo el acta firmada por todos los integrantes de la comisi\u00f3n.<\/em><\/div>\n<div dir=\"auto\"><em>Comisi\u00f3n que no llegan a formar ni con 6 personas. Porque se le fueron todos!!!!<\/em><\/div>\n<div dir=\"auto\"><em>Son lo m\u00e1s antidemocr\u00e1tico que conozco&#8221;.<\/em><\/div>\n<\/div>\n<\/div>\n<\/div>\n<\/div>\n<\/div>\n<p>&nbsp;<\/p>\n<p><strong>OTRO POSTEO CON &#8220;MENSAJE&#8221; DE DREIER\u00a0<\/strong><\/p>\n<p><img loading=\"lazy\" decoding=\"async\" class=\"aligncenter size-full wp-image-14017\" src=\"https:\/\/revistaepocadigital.com.ar\/wp-content\/uploads\/2021\/12\/265336639_10227256060572686_2260971129698396676_n.jpg\" alt=\"\" width=\"520\" height=\"459\" srcset=\"https:\/\/revistaepocadigital.com.ar\/wp-content\/uploads\/2021\/12\/265336639_10227256060572686_2260971129698396676_n.jpg 520w, https:\/\/revistaepocadigital.com.ar\/wp-content\/uploads\/2021\/12\/265336639_10227256060572686_2260971129698396676_n-300x265.jpg 300w, https:\/\/revistaepocadigital.com.ar\/wp-content\/uploads\/2021\/12\/265336639_10227256060572686_2260971129698396676_n-476x420.jpg 476w\" sizes=\"auto, (max-width: 520px) 100vw, 520px\" \/><\/p>\n<p><em><span class=\"d2edcug0 hpfvmrgz qv66sw1b c1et5uql lr9zc1uh a8c37x1j keod5gw0 nxhoafnm aigsh9s9 fe6kdd0r mau55g9w c8b282yb d3f4x2em iv3no6db jq4qci2q a3bd9o3v b1v8xokw oo9gr5id hzawbc8m\" dir=\"auto\">Mis opiniones, mis decisiones pol\u00edticas, mi posicionamiento ideol\u00f3gico, mis convicciones, son m\u00edas y no te dan derecho a descalificarme, agredirme o publicar mensajes de odio hacia mi persona s\u00f3lo porque no responden a tu expectativa. Si no pod\u00e9s comprenderlo, la ley 27.533 puede ayudar. La democracia implica el respeto por las m\u00faltiples identidades pol\u00edticas, lo contrario no es democracia<\/span><\/em><\/p>\n<p>&nbsp;<\/p>\n<p><strong>El comunicado de la UCR repudi\u00f3 la actuaci\u00f3n de la concejal.<\/strong><\/p>\n<p>&nbsp;<\/p>\n<p><img loading=\"lazy\" decoding=\"async\" class=\"aligncenter size-full wp-image-14016\" src=\"https:\/\/revistaepocadigital.com.ar\/wp-content\/uploads\/2021\/12\/264424714_10227248005291309_7725241138293781310_n.jpg\" alt=\"\" width=\"519\" height=\"600\" srcset=\"https:\/\/revistaepocadigital.com.ar\/wp-content\/uploads\/2021\/12\/264424714_10227248005291309_7725241138293781310_n.jpg 519w, https:\/\/revistaepocadigital.com.ar\/wp-content\/uploads\/2021\/12\/264424714_10227248005291309_7725241138293781310_n-260x300.jpg 260w, https:\/\/revistaepocadigital.com.ar\/wp-content\/uploads\/2021\/12\/264424714_10227248005291309_7725241138293781310_n-363x420.jpg 363w\" sizes=\"auto, (max-width: 519px) 100vw, 519px\" \/><\/p>\n<p>&nbsp;<\/p>\n","protected":false},"excerpt":{"rendered":"<p>LA CONCEJAL EN LA MIRA DE TODOS.<\/p>\n","protected":false},"author":4,"featured_media":14019,"comment_status":"open","ping_status":"open","sticky":false,"template":"","format":"standard","meta":{"footnotes":"","jetpack_publicize_message":"","jetpack_publicize_feature_enabled":true,"jetpack_social_post_already_shared":false,"jetpack_social_options":{"image_generator_settings":{"template":"highway","default_image_id":0,"font":"","enabled":false},"version":2}},"categories":[17],"tags":[1695,1694],"class_list":["post-14015","post","type-post","status-publish","format-standard","has-post-thumbnail","hentry","category-politica","tag-concejo-21","tag-dreier"],"jetpack_publicize_connections":[],"jetpack_featured_media_url":"https:\/\/revistaepocadigital.com.ar\/wp-content\/uploads\/2021\/12\/dre-sa.jpg","jetpack_likes_enabled":true,"_links":{"self":[{"href":"https:\/\/revistaepocadigital.com.ar\/index.php?rest_route=\/wp\/v2\/posts\/14015","targetHints":{"allow":["GET"]}}],"collection":[{"href":"https:\/\/revistaepocadigital.com.ar\/index.php?rest_route=\/wp\/v2\/posts"}],"about":[{"href":"https:\/\/revistaepocadigital.com.ar\/index.php?rest_route=\/wp\/v2\/types\/post"}],"author":[{"embeddable":true,"href":"https:\/\/revistaepocadigital.com.ar\/index.php?rest_route=\/wp\/v2\/users\/4"}],"replies":[{"embeddable":true,"href":"https:\/\/revistaepocadigital.com.ar\/index.php?rest_route=%2Fwp%2Fv2%2Fcomments&post=14015"}],"version-history":[{"count":0,"href":"https:\/\/revistaepocadigital.com.ar\/index.php?rest_route=\/wp\/v2\/posts\/14015\/revisions"}],"wp:featuredmedia":[{"embeddable":true,"href":"https:\/\/revistaepocadigital.com.ar\/index.php?rest_route=\/wp\/v2\/media\/14019"}],"wp:attachment":[{"href":"https:\/\/revistaepocadigital.com.ar\/index.php?rest_route=%2Fwp%2Fv2%2Fmedia&parent=14015"}],"wp:term":[{"taxonomy":"category","embeddable":true,"href":"https:\/\/revistaepocadigital.com.ar\/index.php?rest_route=%2Fwp%2Fv2%2Fcategories&post=14015"},{"taxonomy":"post_tag","embeddable":true,"href":"https:\/\/revistaepocadigital.com.ar\/index.php?rest_route=%2Fwp%2Fv2%2Ftags&post=14015"}],"curies":[{"name":"wp","href":"https:\/\/api.w.org\/{rel}","templated":true}]}}