{"id":14026,"date":"2021-12-14T01:08:19","date_gmt":"2021-12-14T04:08:19","guid":{"rendered":"https:\/\/revistaepocadigital.com.ar\/?p=14026"},"modified":"2021-12-14T01:10:31","modified_gmt":"2021-12-14T04:10:31","slug":"el-voto-de-la-gran-discordia-pidieron-la-renuncia-de-la-concejal-dreier","status":"publish","type":"post","link":"https:\/\/revistaepocadigital.com.ar\/?p=14026","title":{"rendered":"El voto de la gran discordia. Pidieron la renuncia de la concejal Dreier"},"content":{"rendered":"<p><strong>SIGUEN LOS COLETAZOS POR EL ESCANDALETE EN EL CONCEJO DELIBERANTE<\/strong>.<!--more--><\/p>\n<div class=\"cxmmr5t8 oygrvhab hcukyx3x c1et5uql o9v6fnle ii04i59q\">\n<div dir=\"auto\">En un duro comunicado el bloque de concejales y consejeros escolares de Juntos, solicit\u00f3 &#8220;<em>la renuncia de la concejal Ver\u00f3nica Ludwig Dreier a la banca que ocupa en representaci\u00f3n de Juntos, espacio con el que claramente ya no se identifica&#8221;<\/em>, expresaron.<\/div>\n<div dir=\"auto\"><\/div>\n<\/div>\n<div class=\"cxmmr5t8 oygrvhab hcukyx3x c1et5uql o9v6fnle ii04i59q\">\n<div dir=\"auto\"><em>&#8220;Las bancas son de cada uno de los votantes que apoya una idea, un espacio y un proyecto. Quien ya no se sienta representado por dichos valores es libre de obrar c\u00f3mo le parezca, pero sin privar al electorado de una banca que no fue para favorecer al oficialismo sino para controlarlo<\/em>&#8220;, sostuvieron despu\u00e9s.<\/div>\n<\/div>\n<div dir=\"auto\"><\/div>\n<div dir=\"auto\">\u00bfC\u00f3mo repercutir\u00e1 la postura de concejales y consejeros de\u00a0 Juntos. Entre tantos trascendidos, EPOCA escuch\u00f3 que si Sancho hubiera prestado su acuerdo para que las secretar\u00edas legislativa y administrativa del Concejo, fueran ocupadas por radicales, la historia acaso pudo tomar otro rumbo. Por otro lado, infidencias recogidas, presentaron como casi un hecho que la cuestionada concejal Dreier no renunciar\u00e1 a su banca.<\/div>\n<p>&nbsp;<\/p>\n<p>EL COMUNICADO.<br \/>\n<img loading=\"lazy\" decoding=\"async\" class=\"aligncenter size-full wp-image-14027\" src=\"https:\/\/revistaepocadigital.com.ar\/wp-content\/uploads\/2021\/12\/265603895_443216224103694_3418804650476027236_n.jpg\" alt=\"\" width=\"509\" height=\"720\" srcset=\"https:\/\/revistaepocadigital.com.ar\/wp-content\/uploads\/2021\/12\/265603895_443216224103694_3418804650476027236_n.jpg 509w, https:\/\/revistaepocadigital.com.ar\/wp-content\/uploads\/2021\/12\/265603895_443216224103694_3418804650476027236_n-212x300.jpg 212w, https:\/\/revistaepocadigital.com.ar\/wp-content\/uploads\/2021\/12\/265603895_443216224103694_3418804650476027236_n-297x420.jpg 297w\" sizes=\"auto, (max-width: 509px) 100vw, 509px\" \/><\/p>\n","protected":false},"excerpt":{"rendered":"<p>SIGUEN LOS COLETAZOS POR EL ESCANDALETE EN EL CONCEJO DELIBERANTE.<\/p>\n","protected":false},"author":3,"featured_media":14031,"comment_status":"open","ping_status":"open","sticky":false,"template":"","format":"standard","meta":{"footnotes":"","jetpack_publicize_message":"","jetpack_publicize_feature_enabled":true,"jetpack_social_post_already_shared":false,"jetpack_social_options":{"image_generator_settings":{"template":"highway","default_image_id":0,"font":"","enabled":false},"version":2}},"categories":[17],"tags":[1490,1694,1489],"class_list":["post-14026","post","type-post","status-publish","format-standard","has-post-thumbnail","hentry","category-politica","tag-comunicado","tag-dreier","tag-juntos"],"jetpack_publicize_connections":[],"jetpack_featured_media_url":"https:\/\/revistaepocadigital.com.ar\/wp-content\/uploads\/2021\/12\/juntos-consejal-conseje-21-1.jpg","jetpack_likes_enabled":true,"_links":{"self":[{"href":"https:\/\/revistaepocadigital.com.ar\/index.php?rest_route=\/wp\/v2\/posts\/14026","targetHints":{"allow":["GET"]}}],"collection":[{"href":"https:\/\/revistaepocadigital.com.ar\/index.php?rest_route=\/wp\/v2\/posts"}],"about":[{"href":"https:\/\/revistaepocadigital.com.ar\/index.php?rest_route=\/wp\/v2\/types\/post"}],"author":[{"embeddable":true,"href":"https:\/\/revistaepocadigital.com.ar\/index.php?rest_route=\/wp\/v2\/users\/3"}],"replies":[{"embeddable":true,"href":"https:\/\/revistaepocadigital.com.ar\/index.php?rest_route=%2Fwp%2Fv2%2Fcomments&post=14026"}],"version-history":[{"count":0,"href":"https:\/\/revistaepocadigital.com.ar\/index.php?rest_route=\/wp\/v2\/posts\/14026\/revisions"}],"wp:featuredmedia":[{"embeddable":true,"href":"https:\/\/revistaepocadigital.com.ar\/index.php?rest_route=\/wp\/v2\/media\/14031"}],"wp:attachment":[{"href":"https:\/\/revistaepocadigital.com.ar\/index.php?rest_route=%2Fwp%2Fv2%2Fmedia&parent=14026"}],"wp:term":[{"taxonomy":"category","embeddable":true,"href":"https:\/\/revistaepocadigital.com.ar\/index.php?rest_route=%2Fwp%2Fv2%2Fcategories&post=14026"},{"taxonomy":"post_tag","embeddable":true,"href":"https:\/\/revistaepocadigital.com.ar\/index.php?rest_route=%2Fwp%2Fv2%2Ftags&post=14026"}],"curies":[{"name":"wp","href":"https:\/\/api.w.org\/{rel}","templated":true}]}}