{"id":14039,"date":"2021-12-13T21:13:48","date_gmt":"2021-12-14T00:13:48","guid":{"rendered":"https:\/\/revistaepocadigital.com.ar\/?p=14039"},"modified":"2021-12-13T21:13:48","modified_gmt":"2021-12-14T00:13:48","slug":"mujer-medica-robo-en-el-hospital","status":"publish","type":"post","link":"https:\/\/revistaepocadigital.com.ar\/?p=14039","title":{"rendered":"MUJER M\u00c9DICA ROB\u00d3 EN EL HOSPITAL"},"content":{"rendered":"<div class=\"\" dir=\"auto\">\n<div id=\"jsc_c_1o6\" class=\"ecm0bbzt hv4rvrfc ihqw7lf3 dati1w0a\" data-ad-comet-preview=\"message\" data-ad-preview=\"message\">\n<div class=\"j83agx80 cbu4d94t ew0dbk1b irj2b8pg\">\n<div class=\"qzhwtbm6 knvmm38d\">\n<div class=\"kvgmc6g5 cxmmr5t8 oygrvhab hcukyx3x c1et5uql ii04i59q\">\n<div dir=\"auto\">\n<p><strong><strong>DETENIDA.<\/strong><\/strong><\/p>\n<div class=\"\" dir=\"auto\">\n<div id=\"jsc_c_1o6\" class=\"ecm0bbzt hv4rvrfc ihqw7lf3 dati1w0a\" data-ad-comet-preview=\"message\" data-ad-preview=\"message\">\n<div class=\"j83agx80 cbu4d94t ew0dbk1b irj2b8pg\">\n<div class=\"qzhwtbm6 knvmm38d\">\n<div class=\"cxmmr5t8 oygrvhab hcukyx3x c1et5uql o9v6fnle ii04i59q\">\n<div dir=\"auto\"><\/div>\n<\/div>\n<\/div>\n<\/div>\n<\/div>\n<\/div>\n<p><!--more--><\/p>\n<\/div>\n<div dir=\"auto\"><\/div>\n<div dir=\"auto\">La Polic\u00eda local detuvo a una m\u00e9dica que no trabaja en el Hospital San Jos\u00e9 de Capilla del Se\u00f1or, quien hab\u00eda ingresado al centro asistencial ataviada con la indumentaria habitual de los m\u00e9dicos, y rob\u00f3 jeringas, elementos de anestesia y otros elementos.<\/div>\n<div dir=\"auto\"><\/div>\n<div dir=\"auto\">El episodio se registr\u00f3 en las primeras horas del lunes 13 de diciembre, cuando una mujer de 37 a\u00f1os ingres\u00f3 con uniforme de m\u00e9dica al hospital. Entr\u00f3 por la guardia y luego pas\u00f3 al quir\u00f3fano, de donde se llev\u00f3 jeringas y pastillas, entre otras cosas.<\/div>\n<\/div>\n<div class=\"cxmmr5t8 oygrvhab hcukyx3x c1et5uql o9v6fnle ii04i59q\">\n<div dir=\"auto\"><\/div>\n<div dir=\"auto\">La mujer fue vista por un m\u00e9dico del Hospital local San Jos\u00e9, quien al percatarse que la mujer no trabaja en el nosocomio, intent\u00f3 preguntarle sobre sus intenciones. Entonces la mujer escap\u00f3 corriendo por el estacionamiento del sector Covid, donde la esperaba una camioneta Toyota Hilux conducida por un hombre.<\/div>\n<\/div>\n<div class=\"cxmmr5t8 oygrvhab hcukyx3x c1et5uql o9v6fnle ii04i59q\">\n<div dir=\"auto\"><\/div>\n<div dir=\"auto\">Lograron huir y entonces un llamado alert\u00f3 a la Polic\u00eda de lo ocurrido. De inmediato, la Polic\u00eda ubic\u00f3 los movimientos de la camioneta por las c\u00e1maras de seguridad y gracias a la lectora de patente, se termin\u00f3 por recabar la informaci\u00f3n necesaria que termin\u00f3 con la aprehensi\u00f3n de los autores del hecho.<\/div>\n<div dir=\"auto\"><\/div>\n<\/div>\n<div class=\"cxmmr5t8 oygrvhab hcukyx3x c1et5uql o9v6fnle ii04i59q\">\n<div dir=\"auto\">Los uniformados detectaron nuevos movimientos de la Hilux, la siguieron y pudieron detener a sus ocupantes en las inmediaciones del hospital. Se trata de una m\u00e9dica de 37 a\u00f1os con problemas de adicci\u00f3n y un hombre de 43 a\u00f1os, ambos domiciliados en el Barrio La Vizcacha de Los Cardales. Adem\u00e1s, los efectivos policiales de Capilla del Se\u00f1or, lograron secuestrar la indumentaria utilizada para el il\u00edcito y recuperaron lo robado. Interviene la UFI Descentralizada de Exaltaci\u00f3n de la Cruz.<\/div>\n<\/div>\n<\/div>\n<\/div>\n<\/div>\n<\/div>\n<div class=\"ni8dbmo4 stjgntxs pmk7jnqg\"><\/div>\n<div class=\"\"><\/div>\n","protected":false},"excerpt":{"rendered":"<p>DETENIDA.<\/p>\n","protected":false},"author":4,"featured_media":14042,"comment_status":"open","ping_status":"open","sticky":false,"template":"","format":"standard","meta":{"footnotes":"","jetpack_publicize_message":"","jetpack_publicize_feature_enabled":true,"jetpack_social_post_already_shared":false,"jetpack_social_options":{"image_generator_settings":{"template":"highway","default_image_id":0,"font":"","enabled":false},"version":2}},"categories":[13],"tags":[],"class_list":["post-14039","post","type-post","status-publish","format-standard","has-post-thumbnail","hentry","category-interes-general"],"jetpack_publicize_connections":[],"jetpack_featured_media_url":"https:\/\/revistaepocadigital.com.ar\/wp-content\/uploads\/2021\/12\/265886313_424395519383202_7483145634833187835_n.jpg","jetpack_likes_enabled":true,"_links":{"self":[{"href":"https:\/\/revistaepocadigital.com.ar\/index.php?rest_route=\/wp\/v2\/posts\/14039","targetHints":{"allow":["GET"]}}],"collection":[{"href":"https:\/\/revistaepocadigital.com.ar\/index.php?rest_route=\/wp\/v2\/posts"}],"about":[{"href":"https:\/\/revistaepocadigital.com.ar\/index.php?rest_route=\/wp\/v2\/types\/post"}],"author":[{"embeddable":true,"href":"https:\/\/revistaepocadigital.com.ar\/index.php?rest_route=\/wp\/v2\/users\/4"}],"replies":[{"embeddable":true,"href":"https:\/\/revistaepocadigital.com.ar\/index.php?rest_route=%2Fwp%2Fv2%2Fcomments&post=14039"}],"version-history":[{"count":0,"href":"https:\/\/revistaepocadigital.com.ar\/index.php?rest_route=\/wp\/v2\/posts\/14039\/revisions"}],"wp:featuredmedia":[{"embeddable":true,"href":"https:\/\/revistaepocadigital.com.ar\/index.php?rest_route=\/wp\/v2\/media\/14042"}],"wp:attachment":[{"href":"https:\/\/revistaepocadigital.com.ar\/index.php?rest_route=%2Fwp%2Fv2%2Fmedia&parent=14039"}],"wp:term":[{"taxonomy":"category","embeddable":true,"href":"https:\/\/revistaepocadigital.com.ar\/index.php?rest_route=%2Fwp%2Fv2%2Fcategories&post=14039"},{"taxonomy":"post_tag","embeddable":true,"href":"https:\/\/revistaepocadigital.com.ar\/index.php?rest_route=%2Fwp%2Fv2%2Ftags&post=14039"}],"curies":[{"name":"wp","href":"https:\/\/api.w.org\/{rel}","templated":true}]}}