{"id":14047,"date":"2021-12-14T01:07:06","date_gmt":"2021-12-14T04:07:06","guid":{"rendered":"https:\/\/revistaepocadigital.com.ar\/?p=14047"},"modified":"2021-12-14T01:07:06","modified_gmt":"2021-12-14T04:07:06","slug":"hugo-gigena-agito-mas-las-aguas","status":"publish","type":"post","link":"https:\/\/revistaepocadigital.com.ar\/?p=14047","title":{"rendered":"Hugo Gigena agit\u00f3 m\u00e1s las aguas"},"content":{"rendered":"<p><strong>HIERVE LA POL\u00cdTICA LOCAL.<\/strong><!--more--><\/p>\n<p>Agit\u00f3 m\u00e1s a\u00fan las aguas en el ambiente pol\u00edtico exaltacrucense, sacudido por la decisi\u00f3n de la concejal Dreier de Juntos, al inclinar su voto hacia el camporista Emanuel Mart\u00ednez para ejercer la presidencia del Concejo Deliberante en el per\u00edodo reci\u00e9n iniciado.<\/p>\n<p>El radical Gigena, distanciado del radicalismo local, conocido vecino y abogado de Los Cardales, hizo muy filosas y pol\u00e9micas declaraciones en el programa &#8220;Buenos Vecinos&#8221;, en FM Studio 90.5, conducido por Pablo De Brito todos los domingos a las 11.<\/p>\n<p><span class=\"d2edcug0 hpfvmrgz qv66sw1b c1et5uql lr9zc1uh a8c37x1j keod5gw0 nxhoafnm aigsh9s9 fe6kdd0r mau55g9w c8b282yb d3f4x2em iv3no6db jq4qci2q a3bd9o3v b1v8xokw oo9gr5id\" dir=\"auto\">Entre otras cosas dijo:<em> &#8220;Raul<\/em> (Sancho) <em>tiene que entender que, s\u00ed no me ten\u00e9s en cuenta para &#8220;REPARTIR&#8221;, porque voy acompa\u00f1arte, cuando escucho el odio que hay hacia la C\u00e1mpora nadie me dice porque, ahora desde nuestro espacio deber\u00edan pensar que todos tienen el PA\u00d1AL MUY SUCIO&#8221;<\/em><br \/>\n<\/span><\/p>\n<p>Escuch\u00e1 las declaraciones de Gigena:<\/p>\n<audio class=\"wp-audio-shortcode\" id=\"audio-14047-1\" preload=\"none\" style=\"width: 100%;\" controls=\"controls\"><source type=\"audio\/mpeg\" src=\"https:\/\/revistaepocadigital.com.ar\/wp-content\/uploads\/2021\/12\/AUDIO-2021-12-13-13-32-59.m4a?_=1\" \/><a href=\"https:\/\/revistaepocadigital.com.ar\/wp-content\/uploads\/2021\/12\/AUDIO-2021-12-13-13-32-59.m4a\">https:\/\/revistaepocadigital.com.ar\/wp-content\/uploads\/2021\/12\/AUDIO-2021-12-13-13-32-59.m4a<\/a><\/audio>\n","protected":false},"excerpt":{"rendered":"<p>HIERVE LA POL\u00cdTICA LOCAL.<\/p>\n","protected":false},"author":3,"featured_media":14060,"comment_status":"open","ping_status":"open","sticky":false,"template":"","format":"standard","meta":{"footnotes":"","jetpack_publicize_message":"","jetpack_publicize_feature_enabled":true,"jetpack_social_post_already_shared":false,"jetpack_social_options":{"image_generator_settings":{"template":"highway","default_image_id":0,"font":"","enabled":false},"version":2}},"categories":[17],"tags":[1697,1696],"class_list":["post-14047","post","type-post","status-publish","format-standard","has-post-thumbnail","hentry","category-politica","tag-buenos-vecinos","tag-gigena"],"jetpack_publicize_connections":[],"jetpack_featured_media_url":"https:\/\/revistaepocadigital.com.ar\/wp-content\/uploads\/2021\/12\/gige.jpg","jetpack_likes_enabled":true,"_links":{"self":[{"href":"https:\/\/revistaepocadigital.com.ar\/index.php?rest_route=\/wp\/v2\/posts\/14047","targetHints":{"allow":["GET"]}}],"collection":[{"href":"https:\/\/revistaepocadigital.com.ar\/index.php?rest_route=\/wp\/v2\/posts"}],"about":[{"href":"https:\/\/revistaepocadigital.com.ar\/index.php?rest_route=\/wp\/v2\/types\/post"}],"author":[{"embeddable":true,"href":"https:\/\/revistaepocadigital.com.ar\/index.php?rest_route=\/wp\/v2\/users\/3"}],"replies":[{"embeddable":true,"href":"https:\/\/revistaepocadigital.com.ar\/index.php?rest_route=%2Fwp%2Fv2%2Fcomments&post=14047"}],"version-history":[{"count":0,"href":"https:\/\/revistaepocadigital.com.ar\/index.php?rest_route=\/wp\/v2\/posts\/14047\/revisions"}],"wp:featuredmedia":[{"embeddable":true,"href":"https:\/\/revistaepocadigital.com.ar\/index.php?rest_route=\/wp\/v2\/media\/14060"}],"wp:attachment":[{"href":"https:\/\/revistaepocadigital.com.ar\/index.php?rest_route=%2Fwp%2Fv2%2Fmedia&parent=14047"}],"wp:term":[{"taxonomy":"category","embeddable":true,"href":"https:\/\/revistaepocadigital.com.ar\/index.php?rest_route=%2Fwp%2Fv2%2Fcategories&post=14047"},{"taxonomy":"post_tag","embeddable":true,"href":"https:\/\/revistaepocadigital.com.ar\/index.php?rest_route=%2Fwp%2Fv2%2Ftags&post=14047"}],"curies":[{"name":"wp","href":"https:\/\/api.w.org\/{rel}","templated":true}]}}