{"id":14065,"date":"2021-12-15T01:03:20","date_gmt":"2021-12-15T04:03:20","guid":{"rendered":"https:\/\/revistaepocadigital.com.ar\/?p=14065"},"modified":"2021-12-15T01:23:41","modified_gmt":"2021-12-15T04:23:41","slug":"nancy-monzon-ante-la-violencia-machista","status":"publish","type":"post","link":"https:\/\/revistaepocadigital.com.ar\/?p=14065","title":{"rendered":"NANCY MONZ\u00d3N ANTE LA VIOLENCIA MACHISTA"},"content":{"rendered":"<p><strong>LA EX-DIPUTADA. ORIUNDA DE CAPILLA DEL SE\u00d1OR.<\/strong><!--more--><\/p>\n<p><em>Por estos d\u00edas se ha estado hablando mucho sobre la violencia machista en los medios, el \u201cno es exigencia es agresi\u00f3n\u201d apareci\u00f3 en carteles y en voces de parte de diferentes periodistas, o sea poco a poco, en todos los \u00e1mbitos se van destapando ollas, esas que las mujeres de la pol\u00edtica aun no nos animamos a destapar, \u00bfpor qu\u00e9? No lo s\u00e9, me pregunto en voz alta hoy, porqu\u00e9 nunca dijimos lo que hemos padecido desde a\u00f1os y creo que, porque la corporaci\u00f3n de la pol\u00edtica es m\u00e1s fuerte que cualquier otra, y sino repasemos casos como los del Senador que acaba de cumplir su mandato, las mujeres que hemos llegado a una banca tambi\u00e9n sufrimos el acoso y maltrato permanente de compa\u00f1eros de espacios que despu\u00e9s son intendentes, ministros o incluso hasta llegan a Presidente. El pedir fotos hace tiempo por celulares o entrar a un despacho y encontrarse con el sujeto con los pantalones bajos fue moneda corriente para muchas compa\u00f1eras, algunas tuvieron que dejar los espacios de militancia porque no pod\u00edan soportar tanto acoso y violencia.<\/em><\/p>\n<p><strong><img loading=\"lazy\" decoding=\"async\" class=\"aligncenter size-medium wp-image-14068\" src=\"https:\/\/revistaepocadigital.com.ar\/wp-content\/uploads\/2021\/12\/mon-225x300.jpg\" alt=\"\" width=\"225\" height=\"300\" srcset=\"https:\/\/revistaepocadigital.com.ar\/wp-content\/uploads\/2021\/12\/mon-225x300.jpg 225w, https:\/\/revistaepocadigital.com.ar\/wp-content\/uploads\/2021\/12\/mon-696x928.jpg 696w, https:\/\/revistaepocadigital.com.ar\/wp-content\/uploads\/2021\/12\/mon-315x420.jpg 315w, https:\/\/revistaepocadigital.com.ar\/wp-content\/uploads\/2021\/12\/mon-630x840.jpg 630w, https:\/\/revistaepocadigital.com.ar\/wp-content\/uploads\/2021\/12\/mon.jpg 720w\" sizes=\"auto, (max-width: 225px) 100vw, 225px\" \/><\/strong><\/p>\n<p style=\"text-align: center;\">Monz\u00f3n (izq) en una disertaci\u00f3n.<\/p>\n<p><em>Obviamente, tambi\u00e9n con complicidad de compa\u00f1eras que, por ejemplo, hace unos d\u00edas me dijo \u201cpero si nos callamos hasta ahora\u2026\u201d y entonces pienso que todav\u00eda no es el momento, pero cu\u00e1l ser\u00e1 nuestro momento. Hasta cu\u00e1ndo no decir que la respuesta era siempre hay que \u201cchuparla\u201d o \u201cme la ten\u00e9s que dejar finita como un l\u00e1piz\u201d por alg\u00fan favor que cre\u00edan nos hab\u00edan hecho. Siempre el vocabulario fue y es el mismo; midiendo el miembro, y supongo que as\u00ed ser\u00e1 hasta que se pueda medir la inteligencia.<\/em><\/p>\n<p><em>La misoginia en los partidos pol\u00edticos no ha tenido l\u00edmites y si no acced\u00edas a lo que ellos ped\u00edan eras \u201cla loca\u201d, \u201cla menopa\u00fasica\u201d, la que \u201cest\u00e1 en esos d\u00edas\u201d y cuantas m\u00e1s cosas puedan imaginar que hemos tolerado. El hecho de cancelarnos de un espacio por no acceder a sus deseos, muchas veces cost\u00f3 el trabajo o el cargo de m\u00e1s de una compa\u00f1era. Este es el momento, hasta ac\u00e1 llegamos, al machismo le decimos \u00a1Nunca m\u00e1s!<\/em><\/p>\n<p>Por<strong> Nancy Monz\u00f3n.<\/strong> <span class=\"css-901oao css-16my406 r-poiln3 r-bcqeeo r-qvutc0\">Abolicionista\/activista\/autora de leyes contra la trata de Personas (14.453\/14.473 PBA).\u00a0<\/span><span class=\"d2edcug0 hpfvmrgz qv66sw1b c1et5uql lr9zc1uh a8c37x1j keod5gw0 nxhoafnm aigsh9s9 fe6kdd0r mau55g9w c8b282yb d3f4x2em iv3no6db jq4qci2q a3bd9o3v b1v8xokw oo9gr5id hzawbc8m\" dir=\"auto\">Diputada Provincia de Buenos Aires. Vice Presidente 1\u00aa de J\u00f3venes en C\u00e1mara de Diputados Prov. Buenos Aires.<\/span><\/p>\n<p>&nbsp;<\/p>\n","protected":false},"excerpt":{"rendered":"<p>LA EX-DIPUTADA. ORIUNDA DE CAPILLA DEL SE\u00d1OR.<\/p>\n","protected":false},"author":3,"featured_media":14073,"comment_status":"open","ping_status":"open","sticky":false,"template":"","format":"standard","meta":{"footnotes":"","jetpack_publicize_message":"","jetpack_publicize_feature_enabled":true,"jetpack_social_post_already_shared":false,"jetpack_social_options":{"image_generator_settings":{"template":"highway","default_image_id":0,"font":"","enabled":false},"version":2}},"categories":[13],"tags":[1699,1700],"class_list":["post-14065","post","type-post","status-publish","format-standard","has-post-thumbnail","hentry","category-interes-general","tag-monzon","tag-violencia-machista"],"jetpack_publicize_connections":[],"jetpack_featured_media_url":"https:\/\/revistaepocadigital.com.ar\/wp-content\/uploads\/2021\/12\/monzonn.jpg","jetpack_likes_enabled":true,"_links":{"self":[{"href":"https:\/\/revistaepocadigital.com.ar\/index.php?rest_route=\/wp\/v2\/posts\/14065","targetHints":{"allow":["GET"]}}],"collection":[{"href":"https:\/\/revistaepocadigital.com.ar\/index.php?rest_route=\/wp\/v2\/posts"}],"about":[{"href":"https:\/\/revistaepocadigital.com.ar\/index.php?rest_route=\/wp\/v2\/types\/post"}],"author":[{"embeddable":true,"href":"https:\/\/revistaepocadigital.com.ar\/index.php?rest_route=\/wp\/v2\/users\/3"}],"replies":[{"embeddable":true,"href":"https:\/\/revistaepocadigital.com.ar\/index.php?rest_route=%2Fwp%2Fv2%2Fcomments&post=14065"}],"version-history":[{"count":0,"href":"https:\/\/revistaepocadigital.com.ar\/index.php?rest_route=\/wp\/v2\/posts\/14065\/revisions"}],"wp:featuredmedia":[{"embeddable":true,"href":"https:\/\/revistaepocadigital.com.ar\/index.php?rest_route=\/wp\/v2\/media\/14073"}],"wp:attachment":[{"href":"https:\/\/revistaepocadigital.com.ar\/index.php?rest_route=%2Fwp%2Fv2%2Fmedia&parent=14065"}],"wp:term":[{"taxonomy":"category","embeddable":true,"href":"https:\/\/revistaepocadigital.com.ar\/index.php?rest_route=%2Fwp%2Fv2%2Fcategories&post=14065"},{"taxonomy":"post_tag","embeddable":true,"href":"https:\/\/revistaepocadigital.com.ar\/index.php?rest_route=%2Fwp%2Fv2%2Ftags&post=14065"}],"curies":[{"name":"wp","href":"https:\/\/api.w.org\/{rel}","templated":true}]}}