{"id":14081,"date":"2021-12-15T09:23:02","date_gmt":"2021-12-15T12:23:02","guid":{"rendered":"https:\/\/revistaepocadigital.com.ar\/?p=14081"},"modified":"2021-12-16T08:56:32","modified_gmt":"2021-12-16T11:56:32","slug":"los-119-anos-de-cardales","status":"publish","type":"post","link":"https:\/\/revistaepocadigital.com.ar\/?p=14081","title":{"rendered":"LA DECISI\u00d3N DE NANNI. POR AUMENTO DE CASOS DE COVID, POSTERG\u00d3 LA FIESTA DE CARDALES"},"content":{"rendered":"<p><strong>EL FESTEJO, POSTERGADO.<\/strong><!--more--><\/p>\n<p>El intendente Diego Nanni comunic\u00f3 (16\/12) la decisi\u00f3n que adopt\u00f3, apoyado en el crecimiento de casos de Covid que renuevan la preocupaci\u00f3n siempre latente.<\/p>\n<p><strong><em>&#8220;Estimados todos, he tomado la dif\u00edcil decisi\u00f3n de suspender y posponer la fiesta aniversario de Los Cardales.<\/em><\/strong><\/p>\n<div dir=\"ltr\"><strong><em>Motiva dicha decisi\u00f3n, el incierto panorama que tenemos con respecto a la nueva ola de COVID que amenaza nuevamente a nuestra comunidad.<\/em><\/strong><\/div>\n<div dir=\"ltr\"><\/div>\n<div dir=\"ltr\"><strong><em>En el d\u00eda de ayer (15\/12), con casi 5000 casos confirmados en el pa\u00eds y el incremento de casos en regi\u00f3n y en nuestro distrito, no puedo permitir que lamentemos un rebrote importante en 20\/25 d\u00edas.\u00a0Si lo hubiera, no tiene que ser por actos oficiales de gobierno.<\/em><\/strong><\/div>\n<div dir=\"ltr\"><\/div>\n<div dir=\"ltr\"><strong><em>Les pido a todas las \u00e1reas que trabajen sobre esta decisi\u00f3n y ayuden a hacer m\u00e1s f\u00e1cil todo lo que viene\u2026&#8221;<\/em><\/strong><\/div>\n<div dir=\"ltr\"><\/div>\n<p style=\"text-align: center;\"><strong>&#8212;&#8212;&#8212;&#8212;&#8212;&#8212;&#8212;&#8212;&#8212;&#8212;<\/strong><\/p>\n<p>&nbsp;<\/p>\n<p><img loading=\"lazy\" decoding=\"async\" class=\"aligncenter size-full wp-image-14083\" src=\"https:\/\/revistaepocadigital.com.ar\/wp-content\/uploads\/2021\/12\/264770309_5009211482465104_8812846890669940800_n.jpg\" alt=\"\" width=\"600\" height=\"600\" srcset=\"https:\/\/revistaepocadigital.com.ar\/wp-content\/uploads\/2021\/12\/264770309_5009211482465104_8812846890669940800_n.jpg 600w, https:\/\/revistaepocadigital.com.ar\/wp-content\/uploads\/2021\/12\/264770309_5009211482465104_8812846890669940800_n-300x300.jpg 300w, https:\/\/revistaepocadigital.com.ar\/wp-content\/uploads\/2021\/12\/264770309_5009211482465104_8812846890669940800_n-150x150.jpg 150w, https:\/\/revistaepocadigital.com.ar\/wp-content\/uploads\/2021\/12\/264770309_5009211482465104_8812846890669940800_n-420x420.jpg 420w\" sizes=\"auto, (max-width: 600px) 100vw, 600px\" \/><img loading=\"lazy\" decoding=\"async\" class=\"aligncenter size-full wp-image-14082\" src=\"https:\/\/revistaepocadigital.com.ar\/wp-content\/uploads\/2021\/12\/264621259_5007421425977443_6119386034364757665_n.jpg\" alt=\"\" width=\"600\" height=\"600\" srcset=\"https:\/\/revistaepocadigital.com.ar\/wp-content\/uploads\/2021\/12\/264621259_5007421425977443_6119386034364757665_n.jpg 600w, https:\/\/revistaepocadigital.com.ar\/wp-content\/uploads\/2021\/12\/264621259_5007421425977443_6119386034364757665_n-300x300.jpg 300w, https:\/\/revistaepocadigital.com.ar\/wp-content\/uploads\/2021\/12\/264621259_5007421425977443_6119386034364757665_n-150x150.jpg 150w, https:\/\/revistaepocadigital.com.ar\/wp-content\/uploads\/2021\/12\/264621259_5007421425977443_6119386034364757665_n-420x420.jpg 420w\" sizes=\"auto, (max-width: 600px) 100vw, 600px\" \/><\/p>\n<p><img loading=\"lazy\" decoding=\"async\" class=\"aligncenter size-full wp-image-14085\" src=\"https:\/\/revistaepocadigital.com.ar\/wp-content\/uploads\/2021\/12\/265428472_5019000274819558_6385954621869456950_n.jpg\" alt=\"\" width=\"526\" height=\"526\" srcset=\"https:\/\/revistaepocadigital.com.ar\/wp-content\/uploads\/2021\/12\/265428472_5019000274819558_6385954621869456950_n.jpg 526w, https:\/\/revistaepocadigital.com.ar\/wp-content\/uploads\/2021\/12\/265428472_5019000274819558_6385954621869456950_n-300x300.jpg 300w, https:\/\/revistaepocadigital.com.ar\/wp-content\/uploads\/2021\/12\/265428472_5019000274819558_6385954621869456950_n-150x150.jpg 150w, https:\/\/revistaepocadigital.com.ar\/wp-content\/uploads\/2021\/12\/265428472_5019000274819558_6385954621869456950_n-420x420.jpg 420w\" sizes=\"auto, (max-width: 526px) 100vw, 526px\" \/><\/p>\n","protected":false},"excerpt":{"rendered":"<p>EL FESTEJO, POSTERGADO.<\/p>\n","protected":false},"author":3,"featured_media":14084,"comment_status":"open","ping_status":"open","sticky":false,"template":"","format":"standard","meta":{"footnotes":"","jetpack_publicize_message":"","jetpack_publicize_feature_enabled":true,"jetpack_social_post_already_shared":false,"jetpack_social_options":{"image_generator_settings":{"template":"highway","default_image_id":0,"font":"","enabled":false},"version":2}},"categories":[4,13],"tags":[1701],"class_list":["post-14081","post","type-post","status-publish","format-standard","has-post-thumbnail","hentry","category-aqui-los-cardales","category-interes-general","tag-119-anos-cardales"],"jetpack_publicize_connections":[],"jetpack_featured_media_url":"https:\/\/revistaepocadigital.com.ar\/wp-content\/uploads\/2021\/12\/DDDD.jpg","jetpack_likes_enabled":true,"_links":{"self":[{"href":"https:\/\/revistaepocadigital.com.ar\/index.php?rest_route=\/wp\/v2\/posts\/14081","targetHints":{"allow":["GET"]}}],"collection":[{"href":"https:\/\/revistaepocadigital.com.ar\/index.php?rest_route=\/wp\/v2\/posts"}],"about":[{"href":"https:\/\/revistaepocadigital.com.ar\/index.php?rest_route=\/wp\/v2\/types\/post"}],"author":[{"embeddable":true,"href":"https:\/\/revistaepocadigital.com.ar\/index.php?rest_route=\/wp\/v2\/users\/3"}],"replies":[{"embeddable":true,"href":"https:\/\/revistaepocadigital.com.ar\/index.php?rest_route=%2Fwp%2Fv2%2Fcomments&post=14081"}],"version-history":[{"count":0,"href":"https:\/\/revistaepocadigital.com.ar\/index.php?rest_route=\/wp\/v2\/posts\/14081\/revisions"}],"wp:featuredmedia":[{"embeddable":true,"href":"https:\/\/revistaepocadigital.com.ar\/index.php?rest_route=\/wp\/v2\/media\/14084"}],"wp:attachment":[{"href":"https:\/\/revistaepocadigital.com.ar\/index.php?rest_route=%2Fwp%2Fv2%2Fmedia&parent=14081"}],"wp:term":[{"taxonomy":"category","embeddable":true,"href":"https:\/\/revistaepocadigital.com.ar\/index.php?rest_route=%2Fwp%2Fv2%2Fcategories&post=14081"},{"taxonomy":"post_tag","embeddable":true,"href":"https:\/\/revistaepocadigital.com.ar\/index.php?rest_route=%2Fwp%2Fv2%2Ftags&post=14081"}],"curies":[{"name":"wp","href":"https:\/\/api.w.org\/{rel}","templated":true}]}}