{"id":14092,"date":"2021-12-16T00:53:23","date_gmt":"2021-12-16T03:53:23","guid":{"rendered":"https:\/\/revistaepocadigital.com.ar\/?p=14092"},"modified":"2021-12-19T02:08:51","modified_gmt":"2021-12-19T05:08:51","slug":"el-concejo-en-llamas","status":"publish","type":"post","link":"https:\/\/revistaepocadigital.com.ar\/?p=14092","title":{"rendered":"EN LLAMAS"},"content":{"rendered":"<div class=\"kvgmc6g5 cxmmr5t8 oygrvhab hcukyx3x c1et5uql ii04i59q\">\n<div dir=\"auto\"><strong>LA SESI\u00d3N DEL &#8220;NUEVO&#8221; HCD.<!--more--><\/strong><\/div>\n<div dir=\"auto\"><\/div>\n<div dir=\"auto\">Con la nueva conformaci\u00f3n como resultado de las \u00faltimas elecciones, la sesi\u00f3n estuvo monopolizada por la gran controversia pol\u00edtica, originada por la concejal Ver\u00f3nica Dreier. Como es sabido, Dreier de la UCR y perteneciente al bloque de Juntos, vot\u00f3 en contra de la designaci\u00f3n de Ra\u00fal Sancho para presidir el cuerpo, como se descontaba, para inclinarse por el oficialista Emmanuel Mart\u00ednez.<\/div>\n<\/div>\n<div dir=\"auto\"><\/div>\n<div dir=\"auto\"><img loading=\"lazy\" decoding=\"async\" class=\"aligncenter size-full wp-image-14098\" src=\"https:\/\/revistaepocadigital.com.ar\/wp-content\/uploads\/2021\/12\/DREIR-..jpg\" alt=\"\" width=\"2048\" height=\"1365\" srcset=\"https:\/\/revistaepocadigital.com.ar\/wp-content\/uploads\/2021\/12\/DREIR-..jpg 2048w, https:\/\/revistaepocadigital.com.ar\/wp-content\/uploads\/2021\/12\/DREIR-.-300x200.jpg 300w, https:\/\/revistaepocadigital.com.ar\/wp-content\/uploads\/2021\/12\/DREIR-.-1200x800.jpg 1200w, https:\/\/revistaepocadigital.com.ar\/wp-content\/uploads\/2021\/12\/DREIR-.-768x512.jpg 768w, https:\/\/revistaepocadigital.com.ar\/wp-content\/uploads\/2021\/12\/DREIR-.-1536x1024.jpg 1536w, https:\/\/revistaepocadigital.com.ar\/wp-content\/uploads\/2021\/12\/DREIR-.-696x464.jpg 696w, https:\/\/revistaepocadigital.com.ar\/wp-content\/uploads\/2021\/12\/DREIR-.-1068x712.jpg 1068w, https:\/\/revistaepocadigital.com.ar\/wp-content\/uploads\/2021\/12\/DREIR-.-630x420.jpg 630w, https:\/\/revistaepocadigital.com.ar\/wp-content\/uploads\/2021\/12\/DREIR-.-1260x840.jpg 1260w, https:\/\/revistaepocadigital.com.ar\/wp-content\/uploads\/2021\/12\/DREIR-.-1920x1280.jpg 1920w\" sizes=\"auto, (max-width: 2048px) 100vw, 2048px\" \/><\/div>\n<div class=\"kvgmc6g5 cxmmr5t8 oygrvhab hcukyx3x c1et5uql ii04i59q\">\n<div dir=\"auto\"><\/div>\n<div dir=\"auto\"><\/div>\n<div dir=\"auto\"><\/div>\n<div dir=\"auto\">\n<figure id=\"attachment_14099\" aria-describedby=\"caption-attachment-14099\" style=\"width: 2048px\" class=\"wp-caption aligncenter\"><img loading=\"lazy\" decoding=\"async\" class=\"size-full wp-image-14099\" src=\"https:\/\/revistaepocadigital.com.ar\/wp-content\/uploads\/2021\/12\/DREIR-GACETA.jpg\" alt=\"\" width=\"2048\" height=\"1365\" srcset=\"https:\/\/revistaepocadigital.com.ar\/wp-content\/uploads\/2021\/12\/DREIR-GACETA.jpg 2048w, https:\/\/revistaepocadigital.com.ar\/wp-content\/uploads\/2021\/12\/DREIR-GACETA-300x200.jpg 300w, https:\/\/revistaepocadigital.com.ar\/wp-content\/uploads\/2021\/12\/DREIR-GACETA-1200x800.jpg 1200w, https:\/\/revistaepocadigital.com.ar\/wp-content\/uploads\/2021\/12\/DREIR-GACETA-768x512.jpg 768w, https:\/\/revistaepocadigital.com.ar\/wp-content\/uploads\/2021\/12\/DREIR-GACETA-1536x1024.jpg 1536w, https:\/\/revistaepocadigital.com.ar\/wp-content\/uploads\/2021\/12\/DREIR-GACETA-696x464.jpg 696w, https:\/\/revistaepocadigital.com.ar\/wp-content\/uploads\/2021\/12\/DREIR-GACETA-1068x712.jpg 1068w, https:\/\/revistaepocadigital.com.ar\/wp-content\/uploads\/2021\/12\/DREIR-GACETA-630x420.jpg 630w, https:\/\/revistaepocadigital.com.ar\/wp-content\/uploads\/2021\/12\/DREIR-GACETA-1260x840.jpg 1260w, https:\/\/revistaepocadigital.com.ar\/wp-content\/uploads\/2021\/12\/DREIR-GACETA-1920x1280.jpg 1920w\" sizes=\"auto, (max-width: 2048px) 100vw, 2048px\" \/><figcaption id=\"caption-attachment-14099\" class=\"wp-caption-text\">La cuestionada concejal en su banca.<\/figcaption><\/figure>\n<p>Fueron numerosos los vecinos que asistieron, manifestandose en m\u00e1s de un pasaje, en forma ruidosa contra la tan cuestionada Dreier., incluso con carteles solicit\u00e1ndole a la concejal, la renuncia en un clima muy tenso e incluso con insultos hacia la concejal.<\/p>\n<\/div>\n<\/div>\n<div dir=\"auto\"><\/div>\n<div dir=\"auto\">Fotos: gentileza La Gaceta de Exaltaci\u00f3n<\/div>\n<div class=\"kvgmc6g5 cxmmr5t8 oygrvhab hcukyx3x c1et5uql ii04i59q\">\n<div dir=\"auto\"><\/div>\n<\/div>\n","protected":false},"excerpt":{"rendered":"<p>LA SESI\u00d3N DEL &#8220;NUEVO&#8221; HCD.<\/p>\n","protected":false},"author":4,"featured_media":14102,"comment_status":"open","ping_status":"open","sticky":false,"template":"","format":"standard","meta":{"footnotes":"","jetpack_publicize_message":"","jetpack_publicize_feature_enabled":true,"jetpack_social_post_already_shared":false,"jetpack_social_options":{"image_generator_settings":{"template":"highway","default_image_id":0,"font":"","enabled":false},"version":2}},"categories":[17],"tags":[],"class_list":["post-14092","post","type-post","status-publish","format-standard","has-post-thumbnail","hentry","category-politica"],"jetpack_publicize_connections":[],"jetpack_featured_media_url":"https:\/\/revistaepocadigital.com.ar\/wp-content\/uploads\/2021\/12\/DREI-2.jpg","jetpack_likes_enabled":true,"_links":{"self":[{"href":"https:\/\/revistaepocadigital.com.ar\/index.php?rest_route=\/wp\/v2\/posts\/14092","targetHints":{"allow":["GET"]}}],"collection":[{"href":"https:\/\/revistaepocadigital.com.ar\/index.php?rest_route=\/wp\/v2\/posts"}],"about":[{"href":"https:\/\/revistaepocadigital.com.ar\/index.php?rest_route=\/wp\/v2\/types\/post"}],"author":[{"embeddable":true,"href":"https:\/\/revistaepocadigital.com.ar\/index.php?rest_route=\/wp\/v2\/users\/4"}],"replies":[{"embeddable":true,"href":"https:\/\/revistaepocadigital.com.ar\/index.php?rest_route=%2Fwp%2Fv2%2Fcomments&post=14092"}],"version-history":[{"count":0,"href":"https:\/\/revistaepocadigital.com.ar\/index.php?rest_route=\/wp\/v2\/posts\/14092\/revisions"}],"wp:featuredmedia":[{"embeddable":true,"href":"https:\/\/revistaepocadigital.com.ar\/index.php?rest_route=\/wp\/v2\/media\/14102"}],"wp:attachment":[{"href":"https:\/\/revistaepocadigital.com.ar\/index.php?rest_route=%2Fwp%2Fv2%2Fmedia&parent=14092"}],"wp:term":[{"taxonomy":"category","embeddable":true,"href":"https:\/\/revistaepocadigital.com.ar\/index.php?rest_route=%2Fwp%2Fv2%2Fcategories&post=14092"},{"taxonomy":"post_tag","embeddable":true,"href":"https:\/\/revistaepocadigital.com.ar\/index.php?rest_route=%2Fwp%2Fv2%2Ftags&post=14092"}],"curies":[{"name":"wp","href":"https:\/\/api.w.org\/{rel}","templated":true}]}}