{"id":1412,"date":"2019-01-28T20:05:05","date_gmt":"2019-01-28T23:05:05","guid":{"rendered":"https:\/\/revistaepocadigital.com.ar\/?p=1412"},"modified":"2019-01-29T00:08:16","modified_gmt":"2019-01-29T03:08:16","slug":"detenidos-por-intento-de-robo","status":"publish","type":"post","link":"https:\/\/revistaepocadigital.com.ar\/?p=1412","title":{"rendered":"Detenidos por intento de robo"},"content":{"rendered":"<p><strong>PERSONAL POLICIAL.<\/strong><!--more--><\/p>\n<p>De<strong> Los Cardales<\/strong>. Llev\u00f3 a cabo un procedimiento durante el cual, detuvo a dos hombres mayores de edad de 23 y 24 a\u00f1os, cuando intentaban robar una casa en el centro cardalense, ubicada en la calle San Mart\u00edn al 800, en momentos que los moradores no se encontraban en la vivienda. Los hombres fueron detenidos a pocos metros de la vivienda. La polic\u00eda hizo saber despu\u00e9s que los involucrados, son vecinos oriundos de<strong> Cardales.<\/strong><\/p>\n<p>Con la polic\u00eda en camino, los<em> cacos<\/em> intentaron fugar por una vivienda lindera, pero a pocos metros fueron apresados por los uniformados. El personal policial hab\u00eda sido alertado y se acercaron al lugar, encontrando a los dos hombres en el intento de robo por lo que intentaron fugarse, inici\u00e1ndose una persecuci\u00f3n a pie del personal de la subestacion de polic\u00eda comunal los Cardales, con el jefe del gabinete criminol\u00f3gico del mismo. Los detenidos hab\u00edan quedado a disposici\u00f3n de la justicia.<\/p>\n","protected":false},"excerpt":{"rendered":"<p>PERSONAL POLICIAL.<\/p>\n","protected":false},"author":3,"featured_media":1414,"comment_status":"open","ping_status":"open","sticky":false,"template":"","format":"standard","meta":{"footnotes":"","jetpack_publicize_message":"","jetpack_publicize_feature_enabled":true,"jetpack_social_post_already_shared":false,"jetpack_social_options":{"image_generator_settings":{"template":"highway","default_image_id":0,"font":"","enabled":false},"version":2}},"categories":[4],"tags":[37,176],"class_list":["post-1412","post","type-post","status-publish","format-standard","has-post-thumbnail","hentry","category-aqui-los-cardales","tag-destacada","tag-robos"],"jetpack_publicize_connections":[],"jetpack_featured_media_url":"https:\/\/revistaepocadigital.com.ar\/wp-content\/uploads\/2019\/01\/Detenidos-.jpg","jetpack_likes_enabled":true,"_links":{"self":[{"href":"https:\/\/revistaepocadigital.com.ar\/index.php?rest_route=\/wp\/v2\/posts\/1412","targetHints":{"allow":["GET"]}}],"collection":[{"href":"https:\/\/revistaepocadigital.com.ar\/index.php?rest_route=\/wp\/v2\/posts"}],"about":[{"href":"https:\/\/revistaepocadigital.com.ar\/index.php?rest_route=\/wp\/v2\/types\/post"}],"author":[{"embeddable":true,"href":"https:\/\/revistaepocadigital.com.ar\/index.php?rest_route=\/wp\/v2\/users\/3"}],"replies":[{"embeddable":true,"href":"https:\/\/revistaepocadigital.com.ar\/index.php?rest_route=%2Fwp%2Fv2%2Fcomments&post=1412"}],"version-history":[{"count":0,"href":"https:\/\/revistaepocadigital.com.ar\/index.php?rest_route=\/wp\/v2\/posts\/1412\/revisions"}],"wp:featuredmedia":[{"embeddable":true,"href":"https:\/\/revistaepocadigital.com.ar\/index.php?rest_route=\/wp\/v2\/media\/1414"}],"wp:attachment":[{"href":"https:\/\/revistaepocadigital.com.ar\/index.php?rest_route=%2Fwp%2Fv2%2Fmedia&parent=1412"}],"wp:term":[{"taxonomy":"category","embeddable":true,"href":"https:\/\/revistaepocadigital.com.ar\/index.php?rest_route=%2Fwp%2Fv2%2Fcategories&post=1412"},{"taxonomy":"post_tag","embeddable":true,"href":"https:\/\/revistaepocadigital.com.ar\/index.php?rest_route=%2Fwp%2Fv2%2Ftags&post=1412"}],"curies":[{"name":"wp","href":"https:\/\/api.w.org\/{rel}","templated":true}]}}