{"id":14141,"date":"2021-12-19T03:14:25","date_gmt":"2021-12-19T06:14:25","guid":{"rendered":"https:\/\/revistaepocadigital.com.ar\/?p=14141"},"modified":"2021-12-20T00:59:40","modified_gmt":"2021-12-20T03:59:40","slug":"un-vecino","status":"publish","type":"post","link":"https:\/\/revistaepocadigital.com.ar\/?p=14141","title":{"rendered":"Un vecino"},"content":{"rendered":"<p><strong>SILVIO PACIARONI, FALLECIDO UN A\u00d1O ATR\u00c1S.<\/strong><!--more--><\/p>\n<p>Nacido y criado en Capilla del Se\u00f1or, hizo la Escuela Primaria en la Hist\u00f3rica Escuela N* 1 &#8221; Bicentenaria&#8221; y la Secundaria form\u00f3 parte de la primera\u00a0 promoci\u00f3n de Bachillerato del Instituto Jose Manuel Estrada, entre sus compa\u00f1eros estuvieron otros conocidos vecinos tambi\u00e9n fallecidos, Manolo Cervantes, Beto Terrarossa, Helder Jauregui, Anibal Peti Vasquez, Adalberto Aner.<\/p>\n<p>Ingreso al Banco Avellaneda, y trabaj\u00f3 por 40 a\u00f1os. El Banco abri\u00f3 en la d\u00e9cada del 30, para financiar los pavimentos de esa \u00e9poca. En 1992 cerr\u00f3 sus puertas. Soltero \u00a0hasta que a los 64 a\u00f1os, se cas\u00f3 con Elba Aguilar, fue el 20 de julio de 1995 (D\u00eda del Amigo). Su amada esposa lo recuerda con el mayor de los afectos, Silvio tuvo una personalidad con muchos valores, conducta intachable, met\u00f3dico y ordenado. En su juventud jug\u00f3 al f\u00fautbol en el Club Boca Juniors local, que ten\u00eda su sede en el predio de la Sociedad Italiana, en las calles de Ameghino y Padre Fahy. Club del que fue simpatizante y supo ir durante mucho tiempo a la la \u00a0Bombonera junto a su amigo Helder Jauregui, y tambi\u00e9n Ram\u00f3n Mansur. Fue tesorero varios a\u00f1os del Club Honor y \u00a0Patria y otras Instituciones. En los \u00faltimos a\u00f1os, particip\u00f3 de reuniones mensuales, con vecinos de Capilla del Se\u00f1or. Este legendario vecino quien fue recordado a un a\u00f1o de su desaparici\u00f3n, supo ganarse el afecto de familiares, amigos, y vecinos. El pueblo lo recuerda por sus valores como ser humano.<\/p>\n","protected":false},"excerpt":{"rendered":"<p>SILVIO PACIARONI, FALLECIDO UN A\u00d1O ATR\u00c1S.<\/p>\n","protected":false},"author":3,"featured_media":14143,"comment_status":"open","ping_status":"open","sticky":false,"template":"","format":"standard","meta":{"footnotes":"","jetpack_publicize_message":"","jetpack_publicize_feature_enabled":true,"jetpack_social_post_already_shared":false,"jetpack_social_options":{"image_generator_settings":{"template":"highway","default_image_id":0,"font":"","enabled":false},"version":2}},"categories":[7,14],"tags":[1705],"class_list":["post-14141","post","type-post","status-publish","format-standard","has-post-thumbnail","hentry","category-columna-de-opinion","category-la-gente","tag-paciaroni"],"jetpack_publicize_connections":[],"jetpack_featured_media_url":"https:\/\/revistaepocadigital.com.ar\/wp-content\/uploads\/2021\/12\/paciaroni.jpg","jetpack_likes_enabled":true,"_links":{"self":[{"href":"https:\/\/revistaepocadigital.com.ar\/index.php?rest_route=\/wp\/v2\/posts\/14141","targetHints":{"allow":["GET"]}}],"collection":[{"href":"https:\/\/revistaepocadigital.com.ar\/index.php?rest_route=\/wp\/v2\/posts"}],"about":[{"href":"https:\/\/revistaepocadigital.com.ar\/index.php?rest_route=\/wp\/v2\/types\/post"}],"author":[{"embeddable":true,"href":"https:\/\/revistaepocadigital.com.ar\/index.php?rest_route=\/wp\/v2\/users\/3"}],"replies":[{"embeddable":true,"href":"https:\/\/revistaepocadigital.com.ar\/index.php?rest_route=%2Fwp%2Fv2%2Fcomments&post=14141"}],"version-history":[{"count":0,"href":"https:\/\/revistaepocadigital.com.ar\/index.php?rest_route=\/wp\/v2\/posts\/14141\/revisions"}],"wp:featuredmedia":[{"embeddable":true,"href":"https:\/\/revistaepocadigital.com.ar\/index.php?rest_route=\/wp\/v2\/media\/14143"}],"wp:attachment":[{"href":"https:\/\/revistaepocadigital.com.ar\/index.php?rest_route=%2Fwp%2Fv2%2Fmedia&parent=14141"}],"wp:term":[{"taxonomy":"category","embeddable":true,"href":"https:\/\/revistaepocadigital.com.ar\/index.php?rest_route=%2Fwp%2Fv2%2Fcategories&post=14141"},{"taxonomy":"post_tag","embeddable":true,"href":"https:\/\/revistaepocadigital.com.ar\/index.php?rest_route=%2Fwp%2Fv2%2Ftags&post=14141"}],"curies":[{"name":"wp","href":"https:\/\/api.w.org\/{rel}","templated":true}]}}