{"id":14193,"date":"2021-12-22T01:06:18","date_gmt":"2021-12-22T04:06:18","guid":{"rendered":"https:\/\/revistaepocadigital.com.ar\/?p=14193"},"modified":"2021-12-22T01:06:18","modified_gmt":"2021-12-22T04:06:18","slug":"luis-mariano-martin-nuevo-coordinador-general-de-la-politica-de-salud-del-municipio","status":"publish","type":"post","link":"https:\/\/revistaepocadigital.com.ar\/?p=14193","title":{"rendered":"Luis Mariano Mart\u00edn, nuevo coordinador general de la pol\u00edtica de salud del municipio"},"content":{"rendered":"<p><strong>IMPORTANTE MOVIMIENTO EN EL TABLERO DE FUNCIONARIOS MUNICIPALES.<\/strong><!--more--><\/p>\n<p>&nbsp;<\/p>\n<p>El intendente Diego Nanni durante la campa\u00f1a electoral que luego en las elecciones de 2019, lo llevaron a conducir los destinos de Exaltaci\u00f3n de la Cruz, en una entrevista con EPOCA cuando fue consultado reiter\u00f3 su consideraci\u00f3n hacia Luis Mariano Mart\u00edn, y adem\u00e1s una prolongada amistad.<\/p>\n<p>Se habl\u00f3 y especul\u00f3 con la incorporaci\u00f3n al staff municipal de Martin, sin embargo no se hab\u00eda concretado, trascendiendo algunas objeciones de sectores pol\u00edticos y sociales que acompa\u00f1an a Nanni en la gesti\u00f3n.<\/p>\n<p>En un contexto pol\u00edtico donde impactaron los resultados electorales, Nanni ha resuelto cambios y reemplazos de funcionarios, como EPOCA adelantara. En ese marco acaso se inscribe el regreso de Mart\u00edn a la funci\u00f3n p\u00fablica en el \u00e1rea de salud, a la espera de conocer detalles acerca de como articular\u00e1 su funci\u00f3n con los funcionarios de salud.<\/p>\n<p>&nbsp;<\/p>\n<div class=\"oajrlxb2 g5ia77u1 qu0x051f esr5mh6w e9989ue4 r7d6kgcz rq0escxv nhd2j8a9 nc684nl6 p7hjln8o kvgmc6g5 cxmmr5t8 oygrvhab hcukyx3x jb3vyjys rz4wbd8a qt6c0cv9 a8nywdso i1ao9s8h esuyzwwr f1sip0of lzcic4wl\" tabindex=\"0\" role=\"button\">Foto gentileza: E. Marchese.<\/div>\n","protected":false},"excerpt":{"rendered":"<p>IMPORTANTE MOVIMIENTO EN EL TABLERO DE FUNCIONARIOS MUNICIPALES.<\/p>\n","protected":false},"author":4,"featured_media":14195,"comment_status":"open","ping_status":"open","sticky":false,"template":"","format":"standard","meta":{"footnotes":"","jetpack_publicize_message":"","jetpack_publicize_feature_enabled":true,"jetpack_social_post_already_shared":false,"jetpack_social_options":{"image_generator_settings":{"template":"highway","default_image_id":0,"font":"","enabled":false},"version":2}},"categories":[17],"tags":[1708],"class_list":["post-14193","post","type-post","status-publish","format-standard","has-post-thumbnail","hentry","category-politica","tag-luis-martin"],"jetpack_publicize_connections":[],"jetpack_featured_media_url":"https:\/\/revistaepocadigital.com.ar\/wp-content\/uploads\/2021\/12\/martin-nanni-1.jpg","jetpack_likes_enabled":true,"_links":{"self":[{"href":"https:\/\/revistaepocadigital.com.ar\/index.php?rest_route=\/wp\/v2\/posts\/14193","targetHints":{"allow":["GET"]}}],"collection":[{"href":"https:\/\/revistaepocadigital.com.ar\/index.php?rest_route=\/wp\/v2\/posts"}],"about":[{"href":"https:\/\/revistaepocadigital.com.ar\/index.php?rest_route=\/wp\/v2\/types\/post"}],"author":[{"embeddable":true,"href":"https:\/\/revistaepocadigital.com.ar\/index.php?rest_route=\/wp\/v2\/users\/4"}],"replies":[{"embeddable":true,"href":"https:\/\/revistaepocadigital.com.ar\/index.php?rest_route=%2Fwp%2Fv2%2Fcomments&post=14193"}],"version-history":[{"count":0,"href":"https:\/\/revistaepocadigital.com.ar\/index.php?rest_route=\/wp\/v2\/posts\/14193\/revisions"}],"wp:featuredmedia":[{"embeddable":true,"href":"https:\/\/revistaepocadigital.com.ar\/index.php?rest_route=\/wp\/v2\/media\/14195"}],"wp:attachment":[{"href":"https:\/\/revistaepocadigital.com.ar\/index.php?rest_route=%2Fwp%2Fv2%2Fmedia&parent=14193"}],"wp:term":[{"taxonomy":"category","embeddable":true,"href":"https:\/\/revistaepocadigital.com.ar\/index.php?rest_route=%2Fwp%2Fv2%2Fcategories&post=14193"},{"taxonomy":"post_tag","embeddable":true,"href":"https:\/\/revistaepocadigital.com.ar\/index.php?rest_route=%2Fwp%2Fv2%2Ftags&post=14193"}],"curies":[{"name":"wp","href":"https:\/\/api.w.org\/{rel}","templated":true}]}}