{"id":14201,"date":"2021-12-22T18:36:55","date_gmt":"2021-12-22T21:36:55","guid":{"rendered":"https:\/\/revistaepocadigital.com.ar\/?p=14201"},"modified":"2021-12-22T18:38:41","modified_gmt":"2021-12-22T21:38:41","slug":"que-hacer-si-soy-contacto-estrecho-de-covid-19","status":"publish","type":"post","link":"https:\/\/revistaepocadigital.com.ar\/?p=14201","title":{"rendered":"Qu\u00e9 hacer si soy contacto estrecho de Covid-19"},"content":{"rendered":"<div class=\"lay --apertura\">\n<div class=\"row\">\n<div class=\"col-12\">\n<h5><strong>A TENER MUY EN CUENTA.<\/strong> <!--more--><\/h5>\n<h1 class=\"com-title --threexl\"><span style=\"font-size: 27px;\">El aumento de casos positivos por coronavirus en todo el pa\u00eds por el avance de la variante \u00f3micron, exige un repaso de las recomendaciones sanitarias a tomar en cuenta.<\/span><\/h1>\n<p>NOTA PUBLICADA POR EL DIARIO LA NACION.<\/p>\n<\/div>\n<\/div>\n<\/div>\n<p><!--more--><\/p>\n<div class=\"lay-sidebar\">\n<div class=\"sidebar__main\">\n<div class=\"row\">\n<div class=\"col-12 \">\n<section class=\"mod-opening\">\n<div class=\"content-media\">\n<section id=\"UJMHFXW4H5A2ZBVZA4H572Q3LQ\" class=\"mod-media \" role=\"button\">\n<figure class=\"mod-figure --horizontal\" role=\"button\"><picture class=\"mod-picture \"><source srcset=\"https:\/\/resizer.glanacion.com\/resizer\/MjpqI5F4z5yShn9Fe28pL5Gi_X8=\/879x586\/smart\/filters:quality(80)\/cloudfront-us-east-1.images.arcpublishing.com\/lanacionar\/UJMHFXW4H5A2ZBVZA4H572Q3LQ.png\" media=\"(min-width: 1280px)\" \/><source srcset=\"https:\/\/resizer.glanacion.com\/resizer\/3x313gXXhZxLgtynMUt22Mi2UjU=\/1119x746\/smart\/filters:quality(80)\/cloudfront-us-east-1.images.arcpublishing.com\/lanacionar\/UJMHFXW4H5A2ZBVZA4H572Q3LQ.png\" media=\"(min-width: 1024px)\" \/><source srcset=\"https:\/\/resizer.glanacion.com\/resizer\/gdfx-wjUAG4Mv627e5SWL4ltN2o=\/768x512\/smart\/filters:quality(80)\/cloudfront-us-east-1.images.arcpublishing.com\/lanacionar\/UJMHFXW4H5A2ZBVZA4H572Q3LQ.png\" media=\"(min-width: 768px)\" \/><source srcset=\"https:\/\/resizer.glanacion.com\/resizer\/WcwX2hawwkP5SvMJLAQm_J7ryVQ=\/351x234\/smart\/filters:quality(80)\/cloudfront-us-east-1.images.arcpublishing.com\/lanacionar\/UJMHFXW4H5A2ZBVZA4H572Q3LQ.png\" media=\"(min-width: 375px)\" \/><source srcset=\"https:\/\/resizer.glanacion.com\/resizer\/mpsS6flNEW7ruWFBddFsS2A8N98=\/309x206\/smart\/filters:quality(80)\/cloudfront-us-east-1.images.arcpublishing.com\/lanacionar\/UJMHFXW4H5A2ZBVZA4H572Q3LQ.png\" media=\"(min-width: 320px)\" \/><img loading=\"lazy\" decoding=\"async\" class=\"com-image \" src=\"https:\/\/resizer.glanacion.com\/resizer\/LtKwtJejtZPHG3VeEeVtky3fOEk=\/768x0\/filters:quality(80)\/cloudfront-us-east-1.images.arcpublishing.com\/lanacionar\/UJMHFXW4H5A2ZBVZA4H572Q3LQ.png\" srcset=\"\" alt=\"El hisopado es el m\u00e9todo para descartar o confirmar la enfermedad\" width=\"768\" height=\"513\" \/><\/picture><figcaption class=\"mod-figcaption\"><span class=\"com-text --caption --twoxs\">El hisopado es el m\u00e9todo para descartar o confirmar la enfermedad (Foto <\/span><span class=\"com-text --credit --twoxs\">T\u00e9lam)\u00a0<\/span><\/figcaption><\/figure>\n<\/section>\n<\/div>\n<\/section>\n<\/div>\n<\/div>\n<section class=\"cuerpo__nota\">\n<div class=\"row\">\n<div class=\"col-12 col-desksm-1\">\n<div id=\"v-share\" class=\"mod-share\">\n<div class=\"container --left\"><\/div>\n<div class=\"container --right\"><\/div>\n<\/div>\n<\/div>\n<div class=\"col-deskxl-10 offset-deskxl-1 col-desksm-11\">\n<div class=\"row\">\n<div class=\"col-12\">\n<p class=\"com-paragraph --capital --s\">La proximidad de las fiestas de Fin de A\u00f1o y la planificaci\u00f3n de las vacaciones de verano coinciden con el\u00a0<strong>aumento de casos de coronavirus en el pa\u00eds<\/strong>\u00a0que se registra hace unas semanas y que generan mucha preocupaci\u00f3n ante el avance de la\u00a0<strong>variante \u00f3micron<\/strong>.<\/p>\n<p class=\"com-paragraph --s\">Por la propagaci\u00f3n del virus y el movimiento de personas en todo el pa\u00eds por el per\u00edodo estival, el hisopado nasofar\u00edngeo sigue siendo el m\u00e9todo de detecci\u00f3n de la enfermedad siempre que se hayan presentado s\u00edntomas o se haya\u00a0<strong>compartido espacio con un contacto confirmado<\/strong>.<\/p>\n<div class=\"mod-banner --middle_1_dsk\">\n<div id=\"middle_1_dsk\" class=\"com-banner\" data-slot-group=\"nota\" data-device=\"desktop\" data-subscription=\"true\" data-ad-unit-path=\"\/133919216\/la_nacion_desktop\/Nota\/middle_1_dsk\" data-targeting=\"{&quot;sitio&quot;:&quot;lanacion&quot;,&quot;seccion&quot;:&quot;nota&quot;}\" data-without-hide=\"true\" data-size=\"[[1,1],[640,360],[640,480],[728,90]]\" data-sizemap=\"[]\" data-prebid-enabled=\"true\" data-google-query-id=\"CJ3qp56s-PQCFd80uQYdq58N8A\">\n<div id=\"google_ads_iframe_\/133919216\/la_nacion_desktop\/Nota\/middle_1_dsk_0__container__\"><iframe id=\"google_ads_iframe_\/133919216\/la_nacion_desktop\/Nota\/middle_1_dsk_0\" tabindex=\"0\" title=\"3rd party ad content\" role=\"region\" name=\"google_ads_iframe_\/133919216\/la_nacion_desktop\/Nota\/middle_1_dsk_0\" width=\"640\" height=\"480\" frameborder=\"0\" marginwidth=\"0\" marginheight=\"0\" scrolling=\"no\" aria-label=\"Advertisement\" data-google-container-id=\"6\" data-load-complete=\"true\" data-mce-fragment=\"1\"><\/iframe><\/div>\n<\/div>\n<\/div>\n<div class=\"com-container --button \"><a class=\"com-link\" title=\"La OMS advirti\u00f3 que la variante \u00f3micron se propaga m\u00e1s r\u00e1pido e infecta a los ya vacunados\" href=\"https:\/\/www.lanacion.com.ar\/el-mundo\/la-oms-advirtio-que-la-variante-omicron-se-propaga-mas-rapido-e-infecta-a-los-vacunados-nid20122021\/\" target=\"_blank\" rel=\"noopener\"><button id=\"\" class=\"com-button --secondary --icon arrow-right --right\" title=\"\" type=\"button\" data-event=\"\" data-section=\"\"><i class=\"com-icon icon-arrow-right \"><\/i><span class=\" com-text --fivexs\">LA OMS ADVIRTI\u00d3 QUE LA VARIANTE \u00d3MICRON SE PROPAGA M\u00c1S R\u00c1PIDO E INFECTA A LOS YA VACUNADOS<\/span><\/button><\/a><\/div>\n<p class=\"com-paragraph --s\">La \u00faltima alternativa requiere de un\u00a0<strong>testeo y el aislamiento preventivo<\/strong>\u00a0<strong>por 10 d\u00edas<\/strong>\u00a0hasta poder confirmar o descartar la enfermedad. La transmisi\u00f3n a trav\u00e9s del aire hace que el confinamiento sea la primera medida de cuidado para evitar la propagaci\u00f3n del virus, al igual que la comunicaci\u00f3n inmediata a las personas que hayan tenido contacto con el caso positivo para que se realicen el hisopado posterior.<\/p>\n<p class=\"com-paragraph --s\">En cada jurisdicci\u00f3n del pa\u00eds se podr\u00e1 realizar el testeo y en las horas siguientes obtener el resultado, en un proceso m\u00e1s \u00e1gil que al inicio de la pandemia.<\/p>\n<div class=\"com-container --button \"><a class=\"com-link\" title=\"Coronavirus: d\u00f3nde hacerse un hisopado gratuito en la Ciudad de Buenos Aires\" href=\"https:\/\/www.lanacion.com.ar\/salud\/coronavirus-donde-hacerse-un-hisopado-gratuito-en-la-ciudad-de-buenos-aires-nid01042021\/\" target=\"_blank\" rel=\"noopener\"><button id=\"\" class=\"com-button --secondary --icon arrow-right --right\" title=\"\" type=\"button\" data-event=\"\" data-section=\"\"><i class=\"com-icon icon-arrow-right \"><\/i><span class=\" com-text --fivexs\">CORONAVIRUS: D\u00d3NDE HACERSE UN HISOPADO GRATUITO EN LA CIUDAD DE BUENOS AIRES<\/span><\/button><\/a><\/div>\n<p class=\"com-paragraph --s\">El testeo gratuito es la herramienta principal para conocer la situaci\u00f3n epidemiol\u00f3gica de un paciente y actuar en consecuencia con el posterior aislamiento\u00a0<strong>hasta el alta m\u00e9dica<\/strong>.<\/p>\n<div class=\"mod-banner --middle_2_dsk\">\n<div id=\"middle_2_dsk\" class=\"com-banner\" data-slot-group=\"nota\" data-device=\"desktop\" data-subscription=\"true\" data-ad-unit-path=\"\/133919216\/la_nacion_desktop\/Nota\/middle_2_dsk\" data-targeting=\"{&quot;sitio&quot;:&quot;lanacion&quot;,&quot;seccion&quot;:&quot;nota&quot;}\" data-without-hide=\"true\" data-size=\"[[1,1],[728,90]]\" data-sizemap=\"[]\" data-prebid-enabled=\"true\" data-google-query-id=\"CJ7qp56s-PQCFd80uQYdq58N8A\">\n<div id=\"google_ads_iframe_\/133919216\/la_nacion_desktop\/Nota\/middle_2_dsk_0__container__\"><iframe loading=\"lazy\" id=\"google_ads_iframe_\/133919216\/la_nacion_desktop\/Nota\/middle_2_dsk_0\" tabindex=\"0\" title=\"3rd party ad content\" role=\"region\" src=\"https:\/\/b6ef1345cc4072abdde16211c7fec76c.safeframe.googlesyndication.com\/safeframe\/1-0-38\/html\/container.html\" name=\"\" width=\"728\" height=\"90\" frameborder=\"0\" marginwidth=\"0\" marginheight=\"0\" scrolling=\"no\" sandbox=\"allow-forms allow-popups allow-popups-to-escape-sandbox allow-same-origin allow-scripts allow-top-navigation-by-user-activation\" data-is-safeframe=\"true\" aria-label=\"Advertisement\" data-google-container-id=\"7\" data-load-complete=\"true\" data-mce-fragment=\"1\"><\/iframe><\/div>\n<\/div>\n<\/div>\n<h2 class=\"com-title --l\">Qu\u00e9 hacer.<\/h2>\n<p class=\"com-paragraph --s\">De acuerdo a las recomendaciones del\u00a0<strong>Ministerio de Salud<\/strong>, el contacto estrecho deber\u00e1 tomar las siguientes medidas de cuidado:<\/p>\n<ul class=\"com-unordered\">\n<li class=\"com-item\">Aislarse hasta confirmar o descartar la sospecha.<\/li>\n<li class=\"com-item\">Avisar a las personas con las que hayas tenido contacto desde las 48 horas previas al inicio de los s\u00edntomas ya que tambi\u00e9n deben aislarse.<\/li>\n<li class=\"com-item\">A partir del s\u00e9ptimo d\u00eda del contacto, acercarse a un centro de testeo para personas con s\u00edntomas de COVID-19.<\/li>\n<li class=\"com-item\">Comunicarse con el sistema de salud de la jurisdicci\u00f3n.<\/li>\n<li class=\"com-item\">Si se descarta la infecci\u00f3n, y no se presentan s\u00edntomas, se puede suspender el aislamiento.<\/li>\n<li class=\"com-item\">Si se confirma el diagn\u00f3stico, el paciente deber\u00e1 mantener el aislamiento hasta obtener el alta m\u00e9dica y seguir todas las recomendaciones del equipo de salud.<\/li>\n<\/ul>\n<h2 class=\"com-title --l\">Qu\u00e9 es un contacto estrecho.<\/h2>\n<p class=\"com-paragraph --s\">Para que una persona sea considerada contacto estrecho de un caso positivo de coronavirus debe haber estado en alguna de las siguientes situaciones:<\/p>\n<ul class=\"com-unordered\">\n<li class=\"com-item\">Haber compartido con una caso confirmado a menos de 2 metros de distancia<\/li>\n<li class=\"com-item\">Haber compartido espacio con el caso confirmado por 15 minutos cuando presentaba s\u00edntomas, o en las 48 horas previas.<\/li>\n<\/ul>\n<div class=\"com-embed --youtube\"><iframe loading=\"lazy\" src=\"https:\/\/www.youtube.com\/embed\/q2RxB4nNZw8?feature=oembed\" width=\"560\" height=\"315\" frameborder=\"0\" allowfullscreen=\"allowfullscreen\" data-mce-fragment=\"1\"><\/iframe><\/div>\n<h2 class=\"com-title --l\">Hisopados al salir o regresar de vacaciones<\/h2>\n<p class=\"com-paragraph --s\">Al ingresar a otra jurisdicci\u00f3n por el movimiento propio de las fiestas de fin de a\u00f1o o las vacaciones 2022 se deber\u00e1 contar con el pasaporte sanitario donde conste el esquema completo de vacunaci\u00f3n.<\/p>\n<p class=\"com-paragraph --s\">En el ingreso a la ciudad de origen, ser\u00e1 posible realizar un nuevo hisopado para conocer el estado de salud de quienes viajaron o quienes tengan alguna duda por ser contacto estrecho de un caso confirmado.<\/p>\n<div>\n<section class=\"box-articles \" data-block-name=\"n_otras_noticias\" data-diagramacion-id=\"0\" data-is-block=\"true\">\n<div class=\"row-gap-tablet-3 \">\n<article class=\"mod-article toi1 nidJLQRMUFEZ5DKBA7XRWDKDUKRZU \" data-pos=\"toi1\" data-id=\"JLQRMUFEZ5DKBA7XRWDKDUKRZU\" data-notaid=\"JLQRMUFEZ5DKBA7XRWDKDUKRZU\" data-source=\"editor\">\n<div class=\"content-media\">\n<section class=\"mod-media \" role=\"button\">\n<figure class=\"mod-figure --horizontal\" role=\"button\"><a href=\"https:\/\/www.lanacion.com.ar\/sociedad\/en-un-contexto-de-casos-en-alza-hay-en-la-argentina-casi-22-millones-de-vacunas-sin-aplicar-nid22122021\/\"><picture class=\"mod-picture \"><img loading=\"lazy\" decoding=\"async\" class=\"com-image \" src=\"https:\/\/resizer.glanacion.com\/resizer\/hFop65dMnT4JjMlFYeAuTCamNOY=\/768x0\/filters:quality(80)\/cloudfront-us-east-1.images.arcpublishing.com\/lanacionar\/FMZQLGXZBJATDCCBFM7V7NEHXY\" srcset=\"\" alt=\"En un contexto de casos en alza, hay en la Argentina casi 22 millones de vacunas sin aplicar\" width=\"768\" height=\"513\" \/><\/picture><\/a><\/figure>\n<\/section>\n<\/div>\n<section class=\"mod-description\">\n<h5 class=\"com-title --xs\"><a class=\"com-link\" title=\"Coronavirus. En un contexto de casos en alza, hay en la Argentina casi 22 millones de vacunas sin aplicar\" href=\"https:\/\/www.lanacion.com.ar\/sociedad\/en-un-contexto-de-casos-en-alza-hay-en-la-argentina-casi-22-millones-de-vacunas-sin-aplicar-nid22122021\/\"><em class=\"com-lead\">Coronavirus.\u00a0<\/em>En un contexto de casos en alza, hay en la Argentina casi 22 millones de vacunas sin aplicar<\/a><\/h5>\n<div><\/div>\n<\/section>\n<\/article>\n<article class=\"mod-article toi2 nidXMIGR4QIIRE2NJ3PCQARRR5Z2M \" data-pos=\"toi2\" data-id=\"XMIGR4QIIRE2NJ3PCQARRR5Z2M\" data-notaid=\"XMIGR4QIIRE2NJ3PCQARRR5Z2M\" data-source=\"editor\">\n<div class=\"content-media\">\n<section class=\"mod-media \" role=\"button\">\n<figure class=\"mod-figure --horizontal\" role=\"button\"><a href=\"https:\/\/www.lanacion.com.ar\/sociedad\/paseo-fatal-en-cordoba-un-turista-chileno-murio-picado-por-abejas-y-su-esposa-esta-internada-nid22122021\/\"><picture class=\"mod-picture \"><source srcset=\"https:\/\/resizer.glanacion.com\/resizer\/K6DHKLa_1are4aGXCRFlXXBX8v4=\/360x240\/smart\/filters:quality(80)\/cloudfront-us-east-1.images.arcpublishing.com\/lanacionar\/AUCD2VQ7ZFGVVC7HWGI467RAUM.jfif\" media=\"(min-width: 1024px)\" \/><source srcset=\"https:\/\/resizer.glanacion.com\/resizer\/MFwlCPUzr_SKuJLKQ1xP8RqPLLY=\/768x512\/smart\/filters:quality(80)\/cloudfront-us-east-1.images.arcpublishing.com\/lanacionar\/AUCD2VQ7ZFGVVC7HWGI467RAUM.jfif\" media=\"(min-width: 768px)\" \/><source srcset=\"https:\/\/resizer.glanacion.com\/resizer\/VUH0RZdz9UfTpswoVrJVP13o5PY=\/351x234\/smart\/filters:quality(80)\/cloudfront-us-east-1.images.arcpublishing.com\/lanacionar\/AUCD2VQ7ZFGVVC7HWGI467RAUM.jfif\" media=\"(min-width: 360px)\" \/><\/picture><\/a><\/figure>\n<\/section>\n<\/div>\n<\/article>\n<\/div>\n<\/section>\n<\/div>\n<\/div>\n<\/div>\n<\/div>\n<\/div>\n<\/section>\n<\/div>\n<\/div>\n","protected":false},"excerpt":{"rendered":"<p>A TENER MUY EN CUENTA.<\/p>\n","protected":false},"author":3,"featured_media":14202,"comment_status":"open","ping_status":"open","sticky":false,"template":"","format":"standard","meta":{"footnotes":"","jetpack_publicize_message":"","jetpack_publicize_feature_enabled":true,"jetpack_social_post_already_shared":false,"jetpack_social_options":{"image_generator_settings":{"template":"highway","default_image_id":0,"font":"","enabled":false},"version":2}},"categories":[13],"tags":[1709,752],"class_list":["post-14201","post","type-post","status-publish","format-standard","has-post-thumbnail","hentry","category-interes-general","tag-contactos-estrechos","tag-covid"],"jetpack_publicize_connections":[],"jetpack_featured_media_url":"https:\/\/revistaepocadigital.com.ar\/wp-content\/uploads\/2021\/12\/safe_image.jpg","jetpack_likes_enabled":true,"_links":{"self":[{"href":"https:\/\/revistaepocadigital.com.ar\/index.php?rest_route=\/wp\/v2\/posts\/14201","targetHints":{"allow":["GET"]}}],"collection":[{"href":"https:\/\/revistaepocadigital.com.ar\/index.php?rest_route=\/wp\/v2\/posts"}],"about":[{"href":"https:\/\/revistaepocadigital.com.ar\/index.php?rest_route=\/wp\/v2\/types\/post"}],"author":[{"embeddable":true,"href":"https:\/\/revistaepocadigital.com.ar\/index.php?rest_route=\/wp\/v2\/users\/3"}],"replies":[{"embeddable":true,"href":"https:\/\/revistaepocadigital.com.ar\/index.php?rest_route=%2Fwp%2Fv2%2Fcomments&post=14201"}],"version-history":[{"count":0,"href":"https:\/\/revistaepocadigital.com.ar\/index.php?rest_route=\/wp\/v2\/posts\/14201\/revisions"}],"wp:featuredmedia":[{"embeddable":true,"href":"https:\/\/revistaepocadigital.com.ar\/index.php?rest_route=\/wp\/v2\/media\/14202"}],"wp:attachment":[{"href":"https:\/\/revistaepocadigital.com.ar\/index.php?rest_route=%2Fwp%2Fv2%2Fmedia&parent=14201"}],"wp:term":[{"taxonomy":"category","embeddable":true,"href":"https:\/\/revistaepocadigital.com.ar\/index.php?rest_route=%2Fwp%2Fv2%2Fcategories&post=14201"},{"taxonomy":"post_tag","embeddable":true,"href":"https:\/\/revistaepocadigital.com.ar\/index.php?rest_route=%2Fwp%2Fv2%2Ftags&post=14201"}],"curies":[{"name":"wp","href":"https:\/\/api.w.org\/{rel}","templated":true}]}}