{"id":14261,"date":"2021-12-26T09:59:04","date_gmt":"2021-12-26T12:59:04","guid":{"rendered":"https:\/\/revistaepocadigital.com.ar\/?p=14261"},"modified":"2021-12-26T10:00:31","modified_gmt":"2021-12-26T13:00:31","slug":"escandalo-dreier-la-ucr-local-con-el-presidente-de-la-ucr-provincial","status":"publish","type":"post","link":"https:\/\/revistaepocadigital.com.ar\/?p=14261","title":{"rendered":"ESCANDALO DREIER. LA UCR LOCAL CON EL PRESIDENTE DE LA UCR PROVINCIAL"},"content":{"rendered":"<div class=\"kvgmc6g5 cxmmr5t8 oygrvhab hcukyx3x c1et5uql ii04i59q\"><\/div>\n<div class=\"cxmmr5t8 oygrvhab hcukyx3x c1et5uql o9v6fnle ii04i59q\">\n<div dir=\"auto\">\n<p><strong><strong>ENCUENTRO EN Z\u00c1RATE. PEDIDO DE RENUNCIA Y DESAFILIACI\u00d3N.<\/strong><\/strong><!--more--><\/p>\n<div class=\"cxmmr5t8 oygrvhab hcukyx3x c1et5uql o9v6fnle ii04i59q\">\n<div dir=\"auto\"><\/div>\n<\/div>\n<\/div>\n<div dir=\"auto\"><\/div>\n<div dir=\"auto\">Tuvo lugar hace unos d\u00edas con la l\u00ednea interna Evoluci\u00f3n Radical, participaron Emiliano Yacobitti y Ana Carla Carrizo, ambos diputados nacionales. En su transcurseo se habl\u00f3 sobre lo ocurrido en Exaltacion de la Cruz con la concejal Ver\u00f3nica Dreier. &#8220;Nos brindaron todo el apoyo al comit\u00e9 local y a su presidenta Rosa Tedesco de Candido&#8221;, dijeron desde la UCR.<\/div>\n<\/div>\n<p>&nbsp;<\/p>\n<p>Tambi\u00e9n se le comunic\u00f3 al Presidente del Comit\u00e9 Provincia de la UCR, Maximiliano Abad, acerca de la misma controversial cuesti\u00f3n, present\u00e1ndose la documentaci\u00f3n requerida para solicitarle a la concejal la renuncia y su desafiliaci\u00f3n del partido luego de votar por Emmanuel Martinez del Frente de Todos, para presidir el Concejo Deliberante.<\/p>\n<p><span class=\"d2edcug0 hpfvmrgz qv66sw1b c1et5uql lr9zc1uh a8c37x1j keod5gw0 nxhoafnm aigsh9s9 fe6kdd0r mau55g9w c8b282yb d3f4x2em iv3no6db jq4qci2q a3bd9o3v b1v8xokw oo9gr5id\" dir=\"auto\" lang=\"es\">&#8220;Hemos enviado al comit\u00e9 provincia toda la documentaci\u00f3n solicitada por el se\u00f1or presidente de dicho comit\u00e9, y se elev\u00f3 el pedido formal al comit\u00e9 de \u00c9tica de desafiliaci\u00f3n y expulsi\u00f3n del partido, quedando a disposici\u00f3n todas las pruebas acumuladas (capturas pantallas, audios con amenazas individuales y hacia el comit\u00e9, etc), para cuando ese comit\u00e9 lo solicite&#8221; agregaron desde el comit\u00e9 de la UCR exaltacruce\u00f1a.<\/span><\/p>\n<p>\u00bfQue pasar\u00e1?<\/p>\n","protected":false},"excerpt":{"rendered":"<p>ENCUENTRO EN Z\u00c1RATE. PEDIDO DE RENUNCIA Y DESAFILIACI\u00d3N.<\/p>\n","protected":false},"author":3,"featured_media":14262,"comment_status":"open","ping_status":"open","sticky":false,"template":"","format":"standard","meta":{"footnotes":"","jetpack_publicize_message":"","jetpack_publicize_feature_enabled":true,"jetpack_social_post_already_shared":false,"jetpack_social_options":{"image_generator_settings":{"template":"highway","default_image_id":0,"font":"","enabled":false},"version":2}},"categories":[11],"tags":[1694,363],"class_list":["post-14261","post","type-post","status-publish","format-standard","has-post-thumbnail","hentry","category-entidades","tag-dreier","tag-ucr"],"jetpack_publicize_connections":[],"jetpack_featured_media_url":"https:\/\/revistaepocadigital.com.ar\/wp-content\/uploads\/2021\/12\/radicales21.jpg","jetpack_likes_enabled":true,"_links":{"self":[{"href":"https:\/\/revistaepocadigital.com.ar\/index.php?rest_route=\/wp\/v2\/posts\/14261","targetHints":{"allow":["GET"]}}],"collection":[{"href":"https:\/\/revistaepocadigital.com.ar\/index.php?rest_route=\/wp\/v2\/posts"}],"about":[{"href":"https:\/\/revistaepocadigital.com.ar\/index.php?rest_route=\/wp\/v2\/types\/post"}],"author":[{"embeddable":true,"href":"https:\/\/revistaepocadigital.com.ar\/index.php?rest_route=\/wp\/v2\/users\/3"}],"replies":[{"embeddable":true,"href":"https:\/\/revistaepocadigital.com.ar\/index.php?rest_route=%2Fwp%2Fv2%2Fcomments&post=14261"}],"version-history":[{"count":0,"href":"https:\/\/revistaepocadigital.com.ar\/index.php?rest_route=\/wp\/v2\/posts\/14261\/revisions"}],"wp:featuredmedia":[{"embeddable":true,"href":"https:\/\/revistaepocadigital.com.ar\/index.php?rest_route=\/wp\/v2\/media\/14262"}],"wp:attachment":[{"href":"https:\/\/revistaepocadigital.com.ar\/index.php?rest_route=%2Fwp%2Fv2%2Fmedia&parent=14261"}],"wp:term":[{"taxonomy":"category","embeddable":true,"href":"https:\/\/revistaepocadigital.com.ar\/index.php?rest_route=%2Fwp%2Fv2%2Fcategories&post=14261"},{"taxonomy":"post_tag","embeddable":true,"href":"https:\/\/revistaepocadigital.com.ar\/index.php?rest_route=%2Fwp%2Fv2%2Ftags&post=14261"}],"curies":[{"name":"wp","href":"https:\/\/api.w.org\/{rel}","templated":true}]}}