{"id":14282,"date":"2021-12-26T22:46:48","date_gmt":"2021-12-27T01:46:48","guid":{"rendered":"https:\/\/revistaepocadigital.com.ar\/?p=14282"},"modified":"2021-12-26T22:48:17","modified_gmt":"2021-12-27T01:48:17","slug":"muy-curioso-y-llamativo-una-manifestacion-con-manifestantes-importados","status":"publish","type":"post","link":"https:\/\/revistaepocadigital.com.ar\/?p=14282","title":{"rendered":"MUY CURIOSO Y LLAMATIVO. UNA MANIFESTACI\u00d3N CON MANIFESTANTES &#8220;IMPORTADOS&#8221;"},"content":{"rendered":"<div class=\"kvgmc6g5 cxmmr5t8 oygrvhab hcukyx3x c1et5uql ii04i59q\">\n<div dir=\"auto\"><strong>LA OBSERVADA HACE UNOS D\u00cdAS EN CAPILLA DEL SE\u00d1OR, POR PARTE DEL POLO OBRERO.<\/strong><\/div>\n<\/div>\n<p><!--more--><\/p>\n<div dir=\"auto\"><\/div>\n<div class=\"cxmmr5t8 oygrvhab hcukyx3x c1et5uql o9v6fnle ii04i59q\">\n<div dir=\"auto\">Como derecho fundamental, sostenemos en EPOCA, aquel de manifestarse libremente en pos de justos reclamos, con el aditamento fundamental, esencial, de respetar los derechos de los dem\u00e1s. Usanza que ha ca\u00eddo en el olvido en la Argentina decadente que nos toca padecer.<\/div>\n<div dir=\"auto\"><\/div>\n<div dir=\"auto\">Los reclamos justos y expresados en forma genu\u00edna, democr\u00e1tica y sin intereses partidarios o sectoriales, deben ser bien entendidos. En los tiempos que fluyen en nuestro pa\u00eds, desde hace a\u00f1os ya, las manifestaciones en su gran mayor\u00eda se han desnaturalizado. Lo vemos y padecemos a diario. Tambi\u00e9n el panorama pareci\u00f3 notarse en Capilla del Se\u00f1or, acaso, convocados por figuras partidarias locales inmersas en el juego pol\u00edtico local.<\/div>\n<div dir=\"auto\"><\/div>\n<div dir=\"auto\">La capacidad para asimilar protestas callejeras con tufillos partidarios e intereses, se puso a prueba en Capilla ante la manifestaci\u00f3n del Polo Obrero supuestamente local. Un grupo de manifestantes, reducido, trasladados en coletivo, se agruparon en el ingreso a la ciudad, proclamaron consignas y reclamos y luego marcharon por el centro ante la indiferencia de los vecinos.<\/div>\n<div dir=\"auto\"><\/div>\n<\/div>\n<div class=\"cxmmr5t8 oygrvhab hcukyx3x c1et5uql o9v6fnle ii04i59q\">\n<div dir=\"auto\">Reclamaban por beneficios debido a las fiestas de fin de a\u00f1o, acceso a viviendas, coordinados, llegaron hasta la puerta del municipio sin que a su paso, los manifestantes resultaran ser genu\u00ednos vecinos del distrito. Curioso al menos, y no result\u00f3 la primera vez.<\/div>\n<\/div>\n<div dir=\"auto\"><\/div>\n<div dir=\"auto\">Culminada la manifestaci\u00f3n, volvieron a abordar colectivos simil transportes escolares y enfilaron de regreso hacia Pilar.<\/div>\n<div dir=\"auto\"><\/div>\n<div dir=\"auto\">Una manifestaci\u00f3n curiosa y llamativa que dej\u00f3 traslucir motivos que no fueron los proclamados por manifestantes &#8220;importados&#8221;.<\/div>\n","protected":false},"excerpt":{"rendered":"<p>LA OBSERVADA HACE UNOS D\u00cdAS EN CAPILLA DEL SE\u00d1OR, POR PARTE DEL POLO OBRERO.<\/p>\n","protected":false},"author":3,"featured_media":14285,"comment_status":"open","ping_status":"open","sticky":false,"template":"","format":"standard","meta":{"footnotes":"","jetpack_publicize_message":"","jetpack_publicize_feature_enabled":true,"jetpack_social_post_already_shared":false,"jetpack_social_options":{"image_generator_settings":{"template":"highway","default_image_id":0,"font":"","enabled":false},"version":2}},"categories":[13],"tags":[1716],"class_list":["post-14282","post","type-post","status-publish","format-standard","has-post-thumbnail","hentry","category-interes-general","tag-manifestacion-polo-obrero"],"jetpack_publicize_connections":[],"jetpack_featured_media_url":"https:\/\/revistaepocadigital.com.ar\/wp-content\/uploads\/2021\/12\/poo-rotated.jpg","jetpack_likes_enabled":true,"_links":{"self":[{"href":"https:\/\/revistaepocadigital.com.ar\/index.php?rest_route=\/wp\/v2\/posts\/14282","targetHints":{"allow":["GET"]}}],"collection":[{"href":"https:\/\/revistaepocadigital.com.ar\/index.php?rest_route=\/wp\/v2\/posts"}],"about":[{"href":"https:\/\/revistaepocadigital.com.ar\/index.php?rest_route=\/wp\/v2\/types\/post"}],"author":[{"embeddable":true,"href":"https:\/\/revistaepocadigital.com.ar\/index.php?rest_route=\/wp\/v2\/users\/3"}],"replies":[{"embeddable":true,"href":"https:\/\/revistaepocadigital.com.ar\/index.php?rest_route=%2Fwp%2Fv2%2Fcomments&post=14282"}],"version-history":[{"count":0,"href":"https:\/\/revistaepocadigital.com.ar\/index.php?rest_route=\/wp\/v2\/posts\/14282\/revisions"}],"wp:featuredmedia":[{"embeddable":true,"href":"https:\/\/revistaepocadigital.com.ar\/index.php?rest_route=\/wp\/v2\/media\/14285"}],"wp:attachment":[{"href":"https:\/\/revistaepocadigital.com.ar\/index.php?rest_route=%2Fwp%2Fv2%2Fmedia&parent=14282"}],"wp:term":[{"taxonomy":"category","embeddable":true,"href":"https:\/\/revistaepocadigital.com.ar\/index.php?rest_route=%2Fwp%2Fv2%2Fcategories&post=14282"},{"taxonomy":"post_tag","embeddable":true,"href":"https:\/\/revistaepocadigital.com.ar\/index.php?rest_route=%2Fwp%2Fv2%2Ftags&post=14282"}],"curies":[{"name":"wp","href":"https:\/\/api.w.org\/{rel}","templated":true}]}}