{"id":14303,"date":"2021-12-28T17:12:34","date_gmt":"2021-12-28T20:12:34","guid":{"rendered":"https:\/\/revistaepocadigital.com.ar\/?p=14303"},"modified":"2021-12-28T17:13:23","modified_gmt":"2021-12-28T20:13:23","slug":"caral-una-joya","status":"publish","type":"post","link":"https:\/\/revistaepocadigital.com.ar\/?p=14303","title":{"rendered":"Caral, una joya"},"content":{"rendered":"<p><strong>EN CAPILLA DEL SE\u00d1OR, DESDE HACE 38 A\u00d1OS.<\/strong><!--more--><\/p>\n<p>La Joyer\u00eda y Relojer\u00eda &#8220;Caral&#8221;, marca la constancia, esfuerzo y respeto por los clientes. Uno de los tradicionales comercios de la ciudad, ubicado en pleno centro, Mateo S. Casco 530 (tel. 02323 492398). Una muy amplia y diversa gama de relojes, alhajas, accesorios, reparaciones, colocaci\u00f3n de pilas, adem\u00e1s de una variedad de art\u00edculos afines.<\/p>\n<p>&nbsp;<\/p>\n","protected":false},"excerpt":{"rendered":"<p>EN CAPILLA DEL SE\u00d1OR, DESDE HACE 38 A\u00d1OS.<\/p>\n","protected":false},"author":3,"featured_media":14305,"comment_status":"open","ping_status":"open","sticky":false,"template":"","format":"standard","meta":{"footnotes":"","jetpack_publicize_message":"","jetpack_publicize_feature_enabled":true,"jetpack_social_post_already_shared":false,"jetpack_social_options":{"image_generator_settings":{"template":"highway","default_image_id":0,"font":"","enabled":false},"version":2}},"categories":[14],"tags":[1719,634],"class_list":["post-14303","post","type-post","status-publish","format-standard","has-post-thumbnail","hentry","category-la-gente","tag-caral","tag-comercios"],"jetpack_publicize_connections":[],"jetpack_featured_media_url":"https:\/\/revistaepocadigital.com.ar\/wp-content\/uploads\/2021\/12\/caral-1-rotated.jpg","jetpack_likes_enabled":true,"_links":{"self":[{"href":"https:\/\/revistaepocadigital.com.ar\/index.php?rest_route=\/wp\/v2\/posts\/14303","targetHints":{"allow":["GET"]}}],"collection":[{"href":"https:\/\/revistaepocadigital.com.ar\/index.php?rest_route=\/wp\/v2\/posts"}],"about":[{"href":"https:\/\/revistaepocadigital.com.ar\/index.php?rest_route=\/wp\/v2\/types\/post"}],"author":[{"embeddable":true,"href":"https:\/\/revistaepocadigital.com.ar\/index.php?rest_route=\/wp\/v2\/users\/3"}],"replies":[{"embeddable":true,"href":"https:\/\/revistaepocadigital.com.ar\/index.php?rest_route=%2Fwp%2Fv2%2Fcomments&post=14303"}],"version-history":[{"count":0,"href":"https:\/\/revistaepocadigital.com.ar\/index.php?rest_route=\/wp\/v2\/posts\/14303\/revisions"}],"wp:featuredmedia":[{"embeddable":true,"href":"https:\/\/revistaepocadigital.com.ar\/index.php?rest_route=\/wp\/v2\/media\/14305"}],"wp:attachment":[{"href":"https:\/\/revistaepocadigital.com.ar\/index.php?rest_route=%2Fwp%2Fv2%2Fmedia&parent=14303"}],"wp:term":[{"taxonomy":"category","embeddable":true,"href":"https:\/\/revistaepocadigital.com.ar\/index.php?rest_route=%2Fwp%2Fv2%2Fcategories&post=14303"},{"taxonomy":"post_tag","embeddable":true,"href":"https:\/\/revistaepocadigital.com.ar\/index.php?rest_route=%2Fwp%2Fv2%2Ftags&post=14303"}],"curies":[{"name":"wp","href":"https:\/\/api.w.org\/{rel}","templated":true}]}}