{"id":14312,"date":"2021-12-28T17:59:17","date_gmt":"2021-12-28T20:59:17","guid":{"rendered":"https:\/\/revistaepocadigital.com.ar\/?p=14312"},"modified":"2021-12-28T18:06:23","modified_gmt":"2021-12-28T21:06:23","slug":"vacunate-con-la-segunda-dosis-piden-acudir-de-inmediato-para-frenar-contagios","status":"publish","type":"post","link":"https:\/\/revistaepocadigital.com.ar\/?p=14312","title":{"rendered":"Vacunate con la segunda dosis! Piden acudir de inmediato para frenar contagios"},"content":{"rendered":"<div class=\"msg-body P_wpofO mq_AS\" data-test-id=\"message-view-body-content\">\n<div class=\"jb_0 X_6MGW N_6Fd5\">\n<div>\n<div id=\"yiv7055283284\">\n<div dir=\"ltr\">\n<p class=\"yiv7055283284MsoNormal\"><b>La Provincia convoca a la poblaci\u00f3n a vacunarse con la segunda dosis.<\/b><\/p>\n<p>&nbsp;<\/p>\n<p><!--more--><\/p>\n<p class=\"yiv7055283284MsoNormal\"><i>De los casi 15 millones de bonaerenses vacunados con la primera dosis, m\u00e1s de 2 millones no asistieron a aplicarse la segunda. <strong>Piden acudir de inmediato para frenar contagios.<\/strong><\/i><\/p>\n<p class=\"yiv7055283284MsoNormal\">Ante la escalada de casos de coronavirus registrada en los \u00faltimos d\u00edas, el Ministerio de Salud bonaerense recuerda la importancia de completar cuanto antes el esquema de vacunaci\u00f3n, ya que en la Provincia a\u00fan quedan m\u00e1s de 2 millones de personas que no concurrieron a recibir la segunda dosis de la vacuna para estar protegidos contra el virus.<\/p>\n<p class=\"yiv7055283284MsoNormal\">En la actualidad, 14.757.634 bonaerenses recibieron la primera dosis en el marco de la campa\u00f1a VacunatePBA, es decir el 87,47% de la poblaci\u00f3n bonaerense, pero fueron s\u00f3lo 12.647.914 las personas que se aplicaron la segunda dosis, esto es el 74,97%. Por lo tanto, hay un 12,5% de esa poblaci\u00f3n que no se inmuniz\u00f3 con la segunda dosis contra el virus.<\/p>\n<p class=\"yiv7055283284MsoNormal\">Al respecto, el titular de la cartera sanitaria provincial, Nicol\u00e1s Kreplak, sostuvo que es fundamental recibir todos los refuerzos previstos ya que \u201clas personas vacunadas tienen menos riesgo de internaci\u00f3n y contagio\u201d.<\/p>\n<p><img loading=\"lazy\" decoding=\"async\" class=\"aligncenter size-full wp-image-14313\" src=\"https:\/\/revistaepocadigital.com.ar\/wp-content\/uploads\/2021\/12\/placa-28-12.jpg\" alt=\"\" width=\"640\" height=\"360\" srcset=\"https:\/\/revistaepocadigital.com.ar\/wp-content\/uploads\/2021\/12\/placa-28-12.jpg 640w, https:\/\/revistaepocadigital.com.ar\/wp-content\/uploads\/2021\/12\/placa-28-12-300x169.jpg 300w\" sizes=\"auto, (max-width: 640px) 100vw, 640px\" \/><\/p>\n<p class=\"yiv7055283284MsoNormal\">Por esto y frente al contexto actual, si bien las autoridades sanitarias informaron que actualmente no existe un aumento fuerte de la demanda del sistema de salud, igualmente inst\u00f3 a la poblaci\u00f3n a retomar las medidas de cuidado para evitar restricciones m\u00e1s fuertes, las que &#8220;van a depender del comportamiento de las personas y del avance en la vacunaci\u00f3n\u201d, afirm\u00f3 Kreplak.<\/p>\n<p class=\"yiv7055283284MsoNormal\">Para esto, en la provincia de Buenos Aires todas las personas mayores de 3 a\u00f1os pueden acercarse a cualquier vacunatorio para recibir la primera o segunda dosis libre, sin necesidad de inscripci\u00f3n previa o turno. Adem\u00e1s, se habilit\u00f3 la vacunaci\u00f3n libre para no residentes, es decir una persona que viva en otra provincia puede inmunizarse en territorio bonaerense.<\/p>\n<p class=\"yiv7055283284MsoNormal\">Adem\u00e1s, para quienes perdieron el turno, es importante recordar que pueden acercarse al vacunatorio m\u00e1s cercano con el DNI y all\u00ed recibir\u00e1 la dosis correspondiente. Teniendo en cuenta que la pandemia no termin\u00f3, desde la cartera de Salud bonaerense recuerdan la importancia de no olvidar las medidas de cuidado, y de completar los esquemas de inmunizaci\u00f3n contra el covid-19 para frenar la cadena de contagios desatada en los \u00faltimos d\u00edas.<\/p>\n<\/div>\n<\/div>\n<\/div>\n<\/div>\n<\/div>\n<div class=\"jb_0 X_6MGW N_6Fd5\">\n<div class=\"P_0 je_fq7\"><\/div>\n<\/div>\n","protected":false},"excerpt":{"rendered":"<p>La Provincia convoca a la poblaci\u00f3n a vacunarse con la segunda dosis. &nbsp;<\/p>\n","protected":false},"author":3,"featured_media":14314,"comment_status":"open","ping_status":"open","sticky":false,"template":"","format":"standard","meta":{"footnotes":"","jetpack_publicize_message":"","jetpack_publicize_feature_enabled":true,"jetpack_social_post_already_shared":false,"jetpack_social_options":{"image_generator_settings":{"template":"highway","default_image_id":0,"font":"","enabled":false},"version":2}},"categories":[17],"tags":[1720],"class_list":["post-14312","post","type-post","status-publish","format-standard","has-post-thumbnail","hentry","category-politica","tag-vacuna-segunda-dosis"],"jetpack_publicize_connections":[],"jetpack_featured_media_url":"https:\/\/revistaepocadigital.com.ar\/wp-content\/uploads\/2021\/12\/placa-cantidad.jpg","jetpack_likes_enabled":true,"_links":{"self":[{"href":"https:\/\/revistaepocadigital.com.ar\/index.php?rest_route=\/wp\/v2\/posts\/14312","targetHints":{"allow":["GET"]}}],"collection":[{"href":"https:\/\/revistaepocadigital.com.ar\/index.php?rest_route=\/wp\/v2\/posts"}],"about":[{"href":"https:\/\/revistaepocadigital.com.ar\/index.php?rest_route=\/wp\/v2\/types\/post"}],"author":[{"embeddable":true,"href":"https:\/\/revistaepocadigital.com.ar\/index.php?rest_route=\/wp\/v2\/users\/3"}],"replies":[{"embeddable":true,"href":"https:\/\/revistaepocadigital.com.ar\/index.php?rest_route=%2Fwp%2Fv2%2Fcomments&post=14312"}],"version-history":[{"count":0,"href":"https:\/\/revistaepocadigital.com.ar\/index.php?rest_route=\/wp\/v2\/posts\/14312\/revisions"}],"wp:featuredmedia":[{"embeddable":true,"href":"https:\/\/revistaepocadigital.com.ar\/index.php?rest_route=\/wp\/v2\/media\/14314"}],"wp:attachment":[{"href":"https:\/\/revistaepocadigital.com.ar\/index.php?rest_route=%2Fwp%2Fv2%2Fmedia&parent=14312"}],"wp:term":[{"taxonomy":"category","embeddable":true,"href":"https:\/\/revistaepocadigital.com.ar\/index.php?rest_route=%2Fwp%2Fv2%2Fcategories&post=14312"},{"taxonomy":"post_tag","embeddable":true,"href":"https:\/\/revistaepocadigital.com.ar\/index.php?rest_route=%2Fwp%2Fv2%2Ftags&post=14312"}],"curies":[{"name":"wp","href":"https:\/\/api.w.org\/{rel}","templated":true}]}}