{"id":14373,"date":"2021-12-31T22:04:13","date_gmt":"2022-01-01T01:04:13","guid":{"rendered":"https:\/\/revistaepocadigital.com.ar\/?p=14373"},"modified":"2022-01-12T08:54:06","modified_gmt":"2022-01-12T11:54:06","slug":"momentos-dramaticos-el-robo-violento-a-vecinos","status":"publish","type":"post","link":"https:\/\/revistaepocadigital.com.ar\/?p=14373","title":{"rendered":"Momentos dram\u00e1ticos. El robo violento a vecinos"},"content":{"rendered":"<p><strong>OCURRI\u00d3 A HORAS DE FIN DE A\u00d1O. UNA PAREJA VIVIO UNA INSTANCIA L\u00cdMITE.<\/strong><!--more--><\/p>\n<p>El angustiante y tan preocupante suceso padecido por Florencia Colombo y su pareja Max Gentile, en su casa ubicada en Alto Los Cardales, que comenzaron a habitar hace muy poco. Otro episodio que desnuda uno de los flagelos m\u00e1s terribles que se ha abatido sobre la Argentina, sin que autoridades, legisladores, jueces, hayan entendido la fenomenal gravedad que implica la inseguridad, sin que los que deciden, pongan manos a la obra mientras viven en sus zonas de confort, poder y privilegios que repudia la poblaci\u00f3n.<\/p>\n<p>En su cuenta en la red social Facebook, Florencia Colombo relat\u00f3, <em>&#8220;en v\u00edsperas de a\u00f1o nuevo, 4 pedazos de mierda (imposible llamarlos de otra manera) armados los 4, entraron a nuestra casa, a la que nos mudamos hace solo 20 dias, y con toda la ilusi\u00f3n de un futuro mejor, pr\u00f3spero y de crecimiento para nosotros.<br \/>\nFue a las 23.50 horas del dia de ayer, en forma agresiva, con l\u00e9xico tumbero y hasta desagradable por momentos, fueron los 20 minutos mas largos de nuestras vidas. E, estaban nerviosos y solo pedian dinero, aunque se llevaron varias cosas mas de valor tanto sentimental como econ\u00f3mico. A Max lo golpearon en la cabeza hasta hacerlo sangrar, por suerte no fue de riesgo el corte, a mi me tiraron al piso y nos tuvieron as\u00ed un buen rato.<\/em><\/p>\n<p><em>Uno de ellos se carg\u00f3 una mochila con bebidas alcoh\u00f3licas que eran para brindar hoy a la noche (31\/12), despu\u00e9s de dar vuelta la casa, nos encerraron y nos ataron, dej\u00e1ndonos en el piso, minutos mas tarde, salimos y nos resguardamos en nuestra habitaci\u00f3n cerr\u00e1ndola con llave por unos minutos, y sin pensar demasiado salimos como estbamos a dar aviso a la polic\u00eda de Alto los Cardales, partido de Campana.\u00b4<\/em><\/p>\n<p><em>El resto ya se lo pueden imaginar, sin dormir y con mucha sensaci\u00d3n de peligro y angustia, estamos viendo como seguir adelante.<\/em><\/p>\n<p><em>Lo bueno de todo esto, porque siempre hay algo bueno&#8230;es que contamos con unos vecinos de hierro, que nos dieron todo su apoyo, familia que est\u00e1 cuando mas se necesita y AMIGOS que al enterarse de una u otra manera, se hacen sentir como tal AMIGOS!<\/em><\/p>\n<p><em>Agradecemos a todos los que se est\u00e1n preocupando por nosotros, y desde lo mas profundo de nuestro coraz\u00f3n les deseamos un Feliz A\u00f1o Nuevo!!<\/em><br \/>\n<em>MAX Y FLOR<\/em><\/p>\n<p>&nbsp;<\/p>\n<p><strong>OTRO CASO DE UNA VECINA, CON MAS &#8220;SUERTE&#8221;<\/strong><\/p>\n<p>&nbsp;<\/p>\n<p>&nbsp;<\/p>\n<p><img loading=\"lazy\" decoding=\"async\" class=\"aligncenter size-full wp-image-14376\" src=\"https:\/\/revistaepocadigital.com.ar\/wp-content\/uploads\/2022\/01\/270080145_4848586988517380_3564732081198186571_n.jpg\" alt=\"\" width=\"541\" height=\"960\" srcset=\"https:\/\/revistaepocadigital.com.ar\/wp-content\/uploads\/2022\/01\/270080145_4848586988517380_3564732081198186571_n.jpg 541w, https:\/\/revistaepocadigital.com.ar\/wp-content\/uploads\/2022\/01\/270080145_4848586988517380_3564732081198186571_n-169x300.jpg 169w, https:\/\/revistaepocadigital.com.ar\/wp-content\/uploads\/2022\/01\/270080145_4848586988517380_3564732081198186571_n-237x420.jpg 237w, https:\/\/revistaepocadigital.com.ar\/wp-content\/uploads\/2022\/01\/270080145_4848586988517380_3564732081198186571_n-473x840.jpg 473w\" sizes=\"auto, (max-width: 541px) 100vw, 541px\" \/><\/p>\n<p>&nbsp;<\/p>\n<p>&nbsp;<\/p>\n","protected":false},"excerpt":{"rendered":"<p>OCURRI\u00d3 A HORAS DE FIN DE A\u00d1O. UNA PAREJA VIVIO UNA INSTANCIA L\u00cdMITE.<\/p>\n","protected":false},"author":4,"featured_media":14375,"comment_status":"open","ping_status":"open","sticky":false,"template":"","format":"standard","meta":{"footnotes":"","jetpack_publicize_message":"","jetpack_publicize_feature_enabled":true,"jetpack_social_post_already_shared":false,"jetpack_social_options":{"image_generator_settings":{"template":"highway","default_image_id":0,"font":"","enabled":false},"version":2}},"categories":[14,15],"tags":[741,881],"class_list":["post-14373","post","type-post","status-publish","format-standard","has-post-thumbnail","hentry","category-la-gente","category-lo-que-tenes-que-saber","tag-inseguridad","tag-robo"],"jetpack_publicize_connections":[],"jetpack_featured_media_url":"https:\/\/revistaepocadigital.com.ar\/wp-content\/uploads\/2022\/01\/v0.jpg","jetpack_likes_enabled":true,"_links":{"self":[{"href":"https:\/\/revistaepocadigital.com.ar\/index.php?rest_route=\/wp\/v2\/posts\/14373","targetHints":{"allow":["GET"]}}],"collection":[{"href":"https:\/\/revistaepocadigital.com.ar\/index.php?rest_route=\/wp\/v2\/posts"}],"about":[{"href":"https:\/\/revistaepocadigital.com.ar\/index.php?rest_route=\/wp\/v2\/types\/post"}],"author":[{"embeddable":true,"href":"https:\/\/revistaepocadigital.com.ar\/index.php?rest_route=\/wp\/v2\/users\/4"}],"replies":[{"embeddable":true,"href":"https:\/\/revistaepocadigital.com.ar\/index.php?rest_route=%2Fwp%2Fv2%2Fcomments&post=14373"}],"version-history":[{"count":0,"href":"https:\/\/revistaepocadigital.com.ar\/index.php?rest_route=\/wp\/v2\/posts\/14373\/revisions"}],"wp:featuredmedia":[{"embeddable":true,"href":"https:\/\/revistaepocadigital.com.ar\/index.php?rest_route=\/wp\/v2\/media\/14375"}],"wp:attachment":[{"href":"https:\/\/revistaepocadigital.com.ar\/index.php?rest_route=%2Fwp%2Fv2%2Fmedia&parent=14373"}],"wp:term":[{"taxonomy":"category","embeddable":true,"href":"https:\/\/revistaepocadigital.com.ar\/index.php?rest_route=%2Fwp%2Fv2%2Fcategories&post=14373"},{"taxonomy":"post_tag","embeddable":true,"href":"https:\/\/revistaepocadigital.com.ar\/index.php?rest_route=%2Fwp%2Fv2%2Ftags&post=14373"}],"curies":[{"name":"wp","href":"https:\/\/api.w.org\/{rel}","templated":true}]}}