{"id":14394,"date":"2022-09-15T00:00:18","date_gmt":"2022-09-15T03:00:18","guid":{"rendered":"https:\/\/revistaepocadigital.com.ar\/?p=14394"},"modified":"2022-09-15T00:21:51","modified_gmt":"2022-09-15T03:21:51","slug":"anses-te-informa-quienes-cobran-6-de-enero-prorroga-fe-de-vida","status":"publish","type":"post","link":"https:\/\/revistaepocadigital.com.ar\/?p=14394","title":{"rendered":"ANSES TE INFORMA. IMPORTANTE: PRESENTACI\u00d3N DE LA LIBRETA AUH"},"content":{"rendered":"<p><strong>INFORMACI\u00d3N QUE TE IMPORTA.<\/strong><\/p>\n<p><!--more--><\/p>\n<div class=\"msg-body P_wpofO mq_AS\" data-test-id=\"message-view-body-content\">\n<div class=\"jb_0 X_6MGW N_6Fd5\">\n<div id=\"yiv9344955645\">\n<div class=\"yiv9344955645WordSection1\">\n<p class=\"yiv9344955645MsoNormal\">ANSES recuerda a las titulares de la Asignaci\u00f3n Universal por Hijo e Hija que puedan presentarse en cualquier oficina del organismo (y sin turno previo) con el formulario de la Libreta a fin de garantizar los controles de salud, vacunaci\u00f3n y educaci\u00f3n de las ni\u00f1as, ni\u00f1os y adolescentes.<\/p>\n<p class=\"yiv9344955645MsoNormal\">De esta manera, a los 60 d\u00edas de entregado el formulario, podr\u00e1n acceder al cobro del\u00a0<b>20 por ciento de acumulado de la AUH.<\/b><\/p>\n<p class=\"yiv9344955645MsoNormal\">El formulario PS.1.47 (correspondiente a la Libreta Asignaci\u00f3n Universal por Hijo) se encuentra disponible en la secci\u00f3n mi ANSES de la p\u00e1gina web del organismo desde donde puede descargarse e imprimirse para ser cumplimentado en el centro de salud y en la escuela, respectivamente, y luego ser presentado en cualquier oficina de ANSES junto al DNI.<\/p>\n<p class=\"yiv9344955645MsoNormal\">Al respecto, la directora ejecutiva del organismo,\u00a0<b>Fernanda Raverta<\/b>, se\u00f1al\u00f3: \u201c<i>Con la presentaci\u00f3n de la Libreta tenemos como principal objetivo lograr que el cien por ciento de los chicos est\u00e9 al d\u00eda con sus controles de salud y de vacunas, y a la vez est\u00e9n yendo a la escuela<\/i>\u201d.<\/p>\n<p class=\"yiv9344955645MsoNormal\"><i>\u201cDesde el momento en que acreditamos los datos<\/i>,\u00a0<i>a los<\/i>\u00a0<i>60 d\u00edas, depositamos el 20 por ciento acumulado, que es importante no solo para aumentar el poder adquisitivo de las familias sino porque son ingresos que se vuelcan al consumo. Y cuando hay consumo, hay reactivaci\u00f3n, y cuando hay reactivaci\u00f3n, hay m\u00e1s trabajo\u201d,\u00a0<\/i>destac\u00f3<i>.<\/i><\/p>\n<p class=\"yiv9344955645MsoNormal\">Hay tiempo\u00a0<b>hasta el 31 de diciembre<\/b>\u00a0para realizar la gesti\u00f3n.<\/p>\n<p class=\"yiv9344955645MsoNormal\"><b>Paso a paso: c\u00f3mo realizar el tr\u00e1mite<\/b><\/p>\n<p class=\"yiv9344955645MsoListParagraphCxSpFirst\">\u00b7\u00a0\u00a0\u00a0\u00a0\u00a0\u00a0\u00a0\u00a0Descargar el formulario Libreta (<a href=\"https:\/\/www.anses.gob.ar\/sites\/default\/files\/formulario\/2022-04\/Formulario%20Libreta%201.47.pdf\" target=\"_blank\" rel=\"nofollow noopener noreferrer\">PS.1.47<\/a>) e imprimirlo, o bien retirarlo en la oficina m\u00e1s cercana al domicilio;<\/p>\n<p class=\"yiv9344955645MsoListParagraphCxSpMiddle\">\u00b7\u00a0\u00a0\u00a0\u00a0\u00a0\u00a0\u00a0\u00a0Llevarlo al centro de salud o la escuela (si corresponde) para que sea cumplimentado y firmado;<\/p>\n<p class=\"yiv9344955645MsoListParagraphCxSpLast\">\u00b7\u00a0\u00a0\u00a0\u00a0\u00a0\u00a0\u00a0\u00a0Llevarlo completo a ANSES junto al DNI.<\/p>\n<p class=\"yiv9344955645MsoNormal\">Es importante resaltar que, si este a\u00f1o el tr\u00e1mite ya se llev\u00f3 a cabo de manera online a trav\u00e9s de\u00a0<i>mi ANSES<\/i>, no es necesario volver a hacerlo.<\/p>\n<p class=\"yiv9344955645MsoNormal\">Para m\u00e1s informaci\u00f3n, las personas interesadas pueden ingresar\u00a0<a href=\"https:\/\/www.anses.gob.ar\/tramite\/libreta-de-asignacion-universal\" target=\"_blank\" rel=\"nofollow noopener noreferrer\">aqu\u00ed<\/a>.<\/p>\n<\/div>\n<p style=\"text-align: center;\"><strong>&#8230;&#8230;&#8230;&#8230;&#8230;&#8230;&#8230;&#8230;&#8230;&#8230;&#8230;&#8230;<\/strong><\/p>\n<\/div>\n<\/div>\n<\/div>\n<hr \/>\n<p class=\"yiv8313989872MsoNormal\"><strong>BECAS PROGRESAR<\/strong><\/p>\n<p class=\"yiv8313989872MsoNormal\"><strong>ANSES informa que <\/strong>comenzaronn los pagos de las becas Progresar para j\u00f3venes de 16 a 24 a\u00f1os, las cuales pasan a tener un monto mensual de 7400 pesos, incluyendo el plus por conectividad.<\/p>\n<p class=\"yiv8313989872MsoNormal\"><strong>En este sentido, el calendario qued\u00f3 conformado de la siguiente manera:<\/strong><\/p>\n<p class=\"yiv8313989872MsoListParagraphCxSpFirst\"><strong>\u00b7\u00a0\u00a0\u00a0\u00a0\u00a0\u00a0\u00a0\u00a0<\/strong><strong>DNI terminados en 0 y 1: 12 de septiembre<\/strong><\/p>\n<p class=\"yiv8313989872MsoListParagraphCxSpMiddle\"><strong>\u00b7\u00a0\u00a0\u00a0\u00a0\u00a0\u00a0\u00a0\u00a0<\/strong><strong>DNI terminados en 2 y 3: 13 de septiembre<\/strong><\/p>\n<p class=\"yiv8313989872MsoListParagraphCxSpMiddle\"><strong>\u00b7\u00a0\u00a0\u00a0\u00a0\u00a0\u00a0\u00a0\u00a0<\/strong><strong>DNI terminados en 4 y 5: 14 de septiembre<\/strong><\/p>\n<p class=\"yiv8313989872MsoListParagraphCxSpMiddle\"><strong>\u00b7\u00a0\u00a0\u00a0\u00a0\u00a0\u00a0\u00a0\u00a0<\/strong><strong>DNI terminados en 6 y 7: 15 de septiembre<\/strong><\/p>\n<p class=\"yiv8313989872MsoListParagraphCxSpMiddle\"><strong>\u00b7\u00a0\u00a0\u00a0\u00a0\u00a0\u00a0\u00a0\u00a0<\/strong><strong>DNI terminados en 8 y 9: 16 de septiembre<\/strong><\/p>\n<p class=\"yiv8313989872MsoListParagraphCxSpLast\"><strong>\u00a0<\/strong><\/p>\n<p style=\"text-align: center;\"><strong>&#8212;&#8212;&#8212;&#8212;&#8212;&#8212;&#8212;&#8212;&#8212;&#8212;&#8212;-<\/strong><\/p>\n<p class=\"yiv7514784197MsoNormal\"><strong>ANSES inform\u00f3 que comenz\u00f3 <\/strong>el calendario de pagos de las\u00a0Pensiones No Contributivas (PNC), las cuales tienen incluido el aumento del 15,53 por ciento por la Ley de Movilidad.<\/p>\n<p class=\"yiv7514784197MsoNormal\">En este sentido, se recuerda que quienes desean cobrar presencialmente esta prestaci\u00f3n deben hacerlo solo en la fecha asignada. Asimismo, los haberes permanecen depositados en sus cuentas.<\/p>\n<p class=\"yiv7514784197MsoListParagraphCxSpFirst\">\u00b7\u00a0\u00a0\u00a0\u00a0\u00a0\u00a0\u00a0\u00a0DNI terminados en 0 y 1: 1\u00b0 de septiembre<\/p>\n<p class=\"yiv7514784197MsoListParagraphCxSpMiddle\">\u00b7\u00a0\u00a0\u00a0\u00a0\u00a0\u00a0\u00a0\u00a0DNI terminados en 2 y 3: 2 de septiembre<\/p>\n<p class=\"yiv7514784197MsoListParagraphCxSpMiddle\">\u00b7\u00a0\u00a0\u00a0\u00a0\u00a0\u00a0\u00a0\u00a0DNI terminados en 4 y 5: 5 de septiembre<\/p>\n<p class=\"yiv7514784197MsoListParagraphCxSpMiddle\">\u00b7\u00a0\u00a0\u00a0\u00a0\u00a0\u00a0\u00a0\u00a0DNI terminados en 6 y 7: 6 de septiembre<\/p>\n<p class=\"yiv7514784197MsoListParagraphCxSpLast\">\u00b7\u00a0\u00a0\u00a0\u00a0\u00a0\u00a0\u00a0\u00a0DNI terminados en 8 y 9: 7 de septiembre<\/p>\n<hr \/>\n<p>&nbsp;<\/p>\n<p><strong>CALENDARIOS DE PAGOS DE SEPTIEMBRE<\/strong><\/p>\n<p><strong>ANSES comunic\u00f3 los calendarios de pagos de septiembre para jubilados, jubiladas, pensionados y pensionadas, Pensiones No Contributivas, titulares de la Asignaci\u00f3n Universal por Hijo y la Asignaci\u00f3n por Embarazo, Asignaciones Familiares y de Pago \u00danico (Matrimonio, Nacimiento y Adopci\u00f3n) y Prestaci\u00f3n por Desempleo.<\/strong><\/p>\n<p class=\"yiv2715976387MsoNormal\"><strong>Asimismo, el organismo record\u00f3 que desde el pr\u00f3ximo jueves los haberes tendr\u00e1n incluido el aumento del 15,53 por ciento por la Ley de Movilidad.<\/strong><\/p>\n<p><img loading=\"lazy\" decoding=\"async\" class=\"aligncenter size-full wp-image-17544\" src=\"https:\/\/revistaepocadigital.com.ar\/wp-content\/uploads\/2022\/08\/thumbnail.jpg1_.jpg\" alt=\"\" width=\"567\" height=\"127\" srcset=\"https:\/\/revistaepocadigital.com.ar\/wp-content\/uploads\/2022\/08\/thumbnail.jpg1_.jpg 567w, https:\/\/revistaepocadigital.com.ar\/wp-content\/uploads\/2022\/08\/thumbnail.jpg1_-300x67.jpg 300w\" sizes=\"auto, (max-width: 567px) 100vw, 567px\" \/><\/p>\n<p><img loading=\"lazy\" decoding=\"async\" class=\"aligncenter size-full wp-image-17545\" src=\"https:\/\/revistaepocadigital.com.ar\/wp-content\/uploads\/2022\/08\/thumbnail.jpg11.jpg\" alt=\"\" width=\"567\" height=\"127\" srcset=\"https:\/\/revistaepocadigital.com.ar\/wp-content\/uploads\/2022\/08\/thumbnail.jpg11.jpg 567w, https:\/\/revistaepocadigital.com.ar\/wp-content\/uploads\/2022\/08\/thumbnail.jpg11-300x67.jpg 300w\" sizes=\"auto, (max-width: 567px) 100vw, 567px\" \/><br \/>\n<img loading=\"lazy\" decoding=\"async\" class=\"aligncenter size-full wp-image-17546\" src=\"https:\/\/revistaepocadigital.com.ar\/wp-content\/uploads\/2022\/08\/thumbnail.jpg2_.jpg\" alt=\"\" width=\"567\" height=\"127\" srcset=\"https:\/\/revistaepocadigital.com.ar\/wp-content\/uploads\/2022\/08\/thumbnail.jpg2_.jpg 567w, https:\/\/revistaepocadigital.com.ar\/wp-content\/uploads\/2022\/08\/thumbnail.jpg2_-300x67.jpg 300w\" sizes=\"auto, (max-width: 567px) 100vw, 567px\" \/><img loading=\"lazy\" decoding=\"async\" class=\"aligncenter size-full wp-image-17547\" src=\"https:\/\/revistaepocadigital.com.ar\/wp-content\/uploads\/2022\/08\/thumbnail.jpg22.jpg\" alt=\"\" width=\"567\" height=\"127\" srcset=\"https:\/\/revistaepocadigital.com.ar\/wp-content\/uploads\/2022\/08\/thumbnail.jpg22.jpg 567w, https:\/\/revistaepocadigital.com.ar\/wp-content\/uploads\/2022\/08\/thumbnail.jpg22-300x67.jpg 300w\" sizes=\"auto, (max-width: 567px) 100vw, 567px\" \/><img loading=\"lazy\" decoding=\"async\" class=\"aligncenter size-full wp-image-17548\" src=\"https:\/\/revistaepocadigital.com.ar\/wp-content\/uploads\/2022\/08\/thumbnail.jpg3_.jpg\" alt=\"\" width=\"567\" height=\"127\" srcset=\"https:\/\/revistaepocadigital.com.ar\/wp-content\/uploads\/2022\/08\/thumbnail.jpg3_.jpg 567w, https:\/\/revistaepocadigital.com.ar\/wp-content\/uploads\/2022\/08\/thumbnail.jpg3_-300x67.jpg 300w\" sizes=\"auto, (max-width: 567px) 100vw, 567px\" \/><br \/>\n<img loading=\"lazy\" decoding=\"async\" class=\"aligncenter size-full wp-image-17549\" src=\"https:\/\/revistaepocadigital.com.ar\/wp-content\/uploads\/2022\/08\/thumbnail.jpg33.jpg\" alt=\"\" width=\"567\" height=\"127\" srcset=\"https:\/\/revistaepocadigital.com.ar\/wp-content\/uploads\/2022\/08\/thumbnail.jpg33.jpg 567w, https:\/\/revistaepocadigital.com.ar\/wp-content\/uploads\/2022\/08\/thumbnail.jpg33-300x67.jpg 300w\" sizes=\"auto, (max-width: 567px) 100vw, 567px\" \/><\/p>\n<p><img loading=\"lazy\" decoding=\"async\" class=\"aligncenter size-full wp-image-17550\" src=\"https:\/\/revistaepocadigital.com.ar\/wp-content\/uploads\/2022\/08\/thumbnail.jpg55.jpg\" alt=\"\" width=\"567\" height=\"127\" srcset=\"https:\/\/revistaepocadigital.com.ar\/wp-content\/uploads\/2022\/08\/thumbnail.jpg55.jpg 567w, https:\/\/revistaepocadigital.com.ar\/wp-content\/uploads\/2022\/08\/thumbnail.jpg55-300x67.jpg 300w\" sizes=\"auto, (max-width: 567px) 100vw, 567px\" \/><br \/>\n<img loading=\"lazy\" decoding=\"async\" class=\"aligncenter size-full wp-image-17551\" src=\"https:\/\/revistaepocadigital.com.ar\/wp-content\/uploads\/2022\/08\/thumbnail.jpg6_.jpg\" alt=\"\" width=\"567\" height=\"127\" srcset=\"https:\/\/revistaepocadigital.com.ar\/wp-content\/uploads\/2022\/08\/thumbnail.jpg6_.jpg 567w, https:\/\/revistaepocadigital.com.ar\/wp-content\/uploads\/2022\/08\/thumbnail.jpg6_-300x67.jpg 300w\" sizes=\"auto, (max-width: 567px) 100vw, 567px\" \/><\/p>\n<p>&nbsp;<\/p>\n<p style=\"text-align: center;\"><strong>oooooooooooooooooooooooooooooooooooooooooooooooooooooo<\/strong><\/p>\n<p>&nbsp;<\/p>\n<p class=\"yiv7506673452MsoNormal\">ANSES informa que comenz\u00f3 el pago de jubilaciones y pensiones que SUPERAN la suma de 42.178 pesos.<\/p>\n<p class=\"yiv7506673452MsoNormal\"><strong>En este sentido, el cronograma queda conformado de la siguiente manera:<\/strong><\/p>\n<p class=\"yiv7506673452MsoListParagraphCxSpFirst\"><strong>\u00b7\u00a0\u00a0\u00a0\u00a0\u00a0\u00a0\u00a0\u00a0<\/strong><strong>DNI terminados en 0 y 1: 23 de agosto<\/strong><\/p>\n<p class=\"yiv7506673452MsoListParagraphCxSpMiddle\"><strong>\u00b7\u00a0\u00a0\u00a0\u00a0\u00a0\u00a0\u00a0\u00a0<\/strong><strong>DNI terminados en 2 y 3: 24 de agosto<\/strong><\/p>\n<p class=\"yiv7506673452MsoListParagraphCxSpMiddle\"><strong>\u00b7\u00a0\u00a0\u00a0\u00a0\u00a0\u00a0\u00a0\u00a0<\/strong><strong>DNI terminados en 4 y 5: 25 de agosto<\/strong><\/p>\n<p class=\"yiv7506673452MsoListParagraphCxSpMiddle\"><strong>\u00b7\u00a0\u00a0\u00a0\u00a0\u00a0\u00a0\u00a0\u00a0<\/strong><strong>DNI terminados en 6 y 7: 26 de agosto<\/strong><\/p>\n<p class=\"yiv7506673452MsoListParagraphCxSpLast\"><strong>\u00b7\u00a0\u00a0\u00a0\u00a0\u00a0\u00a0\u00a0\u00a0<\/strong><strong>DNI terminados en 8 y 9: 29 de agosto<\/strong><\/p>\n<p>&nbsp;<\/p>\n<hr \/>\n<p>&nbsp;<\/p>\n<p>Hoy se normaliza el servicio de pagos de las distintas asignaciones, pensiones y jubilaciones seg\u00fan la terminaci\u00f3n del documento.<\/p>\n<p>Tras el feriado del lunes, la Administraci\u00f3n Nacional de la Seguridad Social (ANSES) retoma el calendario de pagos de las jubilaciones y pensiones, la Asignaci\u00f3n Universal por Hijo (AUH), la Asignaci\u00f3n Universal por Embarazo (AUE), las Becas Progresar, entre otras prestaciones sociales.<\/p>\n<p>Tambi\u00e9n realizar el \u00faltimo abono de la Asignaci\u00f3n por Prenatal y Maternidad y se pagar\u00e1 la Tarjeta Alimentar para los titulares de la AUH con hijos de hasta 14 a\u00f1os inclusive o con alguna discapacidad.<\/p>\n<p>MI ANSES: CU\u00c1NDO COBRO AGOSTO 2022<br \/>\nEste martes 16 de agosto se retoma el pago de las siguientes prestaciones sociales.<\/p>\n<p>Jubilaciones y pensiones que no superan los $42.128: documentos terminados en 5<br \/>\nAsignaci\u00f3n Universal por Hijo: documento terminado en 5<br \/>\nAsignaci\u00f3n por Prenatal y Maternidad: documentos terminados en 8 y 9<br \/>\nAsignaci\u00f3n Universal por Embarazo: documento terminado en 3<br \/>\nBecas Progresar: documentos terminados en 6 y 7<\/p>\n<p>JUBILADOS Y PENSIONADOS TENDR\u00c1N AUMENTO<br \/>\nEl mi\u00e9rcoles pasado el ministro de Econom\u00eda, Sergio Massa, y la titular de la ANSES, Fernanda Raverta, anunciaron un aumento del 15,53% para todas las jubilaciones, pensiones y asignaciones que se comenzar\u00e1 a pagar en septiembre en conjunto con un bono de $ 7000, monto que ir\u00e1 decreciendo.<\/p>\n<p>CU\u00c1NDO COBRO: JUBILACIONES Y PENSIONES MENORES A $ 42.178<br \/>\nDNI terminados en 5: martes 16 de agosto<br \/>\nDNI terminados en 6: mi\u00e9rcoles 17 de agosto<br \/>\nDNI terminados en 7: jueves 18 de agosto<br \/>\nDNI terminados en 8: viernes 19 de agosto<br \/>\nDNI terminados en 9: lunes 22 de agosto<\/p>\n<p>JUBILACIONES Y PENSIONES MAYORES A $42.178: FECHA DE COBRO AGOSTO 2022<br \/>\nDNI terminados en 0 y 1: martes 23 de agosto<br \/>\nDNI terminados en 2 y 3: mi\u00e9rcoles 24 de agosto<br \/>\nDNI terminados en 4 y 5: jueves 25 de agosto<br \/>\nDNI terminados en 6 y 7: viernes 26 de agosto<br \/>\nDNI terminados en 8 y 9: lunes 29 de agosto<\/p>\n<p>ASIGNACI\u00d3N UNIVERSAL POR HIJO: FECHA DE PAGO AGOSTO 2022<br \/>\nDNI terminados en 5: martes 16 de agosto<br \/>\nDNI terminados en 6: mi\u00e9rcoles 17 de agosto<br \/>\nDNI terminados en 7: jueves 18 de agosto<br \/>\nDNI terminados en 8: viernes 19 de agosto<br \/>\nDNI terminados en 9: lunes 22 de agosto<\/p>\n<p>COMPLEMENTO PARA EL SALARIO FAMILIAR: CALENDARIO DE PAGOS AGOSTO 2022<br \/>\nDNI terminados en 5: martes 16 de agosto<br \/>\nDNI terminados en 6: mi\u00e9rcoles 17 de agosto<br \/>\nDNI terminados en 7: jueves 18 de agosto<br \/>\nDNI terminados en 8: viernes 19 de agosto<br \/>\nDNI terminados en 9: lunes 22 de agosto<\/p>\n<p>ASIGNACI\u00d3N POR EMBARAZO: CU\u00c1NDO COBRO EN AGOSTO 2022<br \/>\nDNI terminados en 3: martes 16 de agosto<br \/>\nDNI terminados en 4: mi\u00e9rcoles 17 de agosto<br \/>\nDNI terminados en 5: jueves 18 de agosto<br \/>\nDNI terminados en 6: viernes 19 de agosto<br \/>\nDNI terminados en 7: lunes 22 de agosto<br \/>\nDNI terminados en 8: martes 23 de agosto<br \/>\nDNI terminados en 9: mi\u00e9rcoles 24 de agosto<\/p>\n<p>ASIGNACI\u00d3N POR PRENATAL Y MATERNIDAD: FECHAS DE COBRO<br \/>\nDNI terminados en 8 y 9: martes 16 de agosto<\/p>\n<p>ASIGNACI\u00d3N POR MATRIMONIO, ADOPCI\u00d3N Y NACIMIENTO: AGOSTO 2022<br \/>\nTodas las terminaciones de DNI: 22 de agosto<\/p>\n<p>&#8212;&#8212;&#8212;&#8212;&#8212;&#8212;&#8212;&#8212;&#8212;&#8212;&#8212;&#8212;&#8212;&#8212;&#8212;&#8212;&#8212;&#8212;&#8212;&#8212;&#8212;&#8212;&#8212;&#8212;&#8212;&#8212;&#8212;&#8212;&#8212;&#8212;&#8212;-<\/p>\n<header class=\"norrin-ybar ybar-dark\">\n<div id=\"ybar\" class=\"ybar-ytheme-fuji2 ybar-property-mail _yb_e2g1a _yb_163pl _yb_ssh6g ybar-track-link-views\" role=\"banner\" data-spaceid=\"159601019\" data-testid=\"\" data-version=\"3.9.112\" data-issinglerowheader=\"false\" data-issinglerowsearchbox=\"\">\n<div id=\"ybar-inner-wrap\" class=\"_yb_k1rki\">\n<div class=\"_yb_2h3km _yb_b4smt\">\n<div class=\"_yb_keold _yb_1esml\">\n<div id=\"ybar-search-box-container\" class=\"_yb_1i9py _yb_v1h7z\" data-search-form-id=\"\">\n<div id=\"mail-search\">\n<div class=\"D_F en_0 H_74JI p_R\" style=\"text-align: center;\" data-test-id=\"search-box\"><strong><button class=\"c27KHO0_n b_0 M_0 i_0 I_2sqbOJ y_Z2hYGcu A_6EqO r_P C_ZkbNhI cvhIH6_T P_0 en_0 u_b k_w ck_eo6 bl_eo6 J_x W_7GHz H_74JI ab_C gl_C D_F cZ1RN91d_n it_dRA I4_2sqbPK\" tabindex=\"10\" title=\"Buscar\" type=\"button\" data-test-id=\"search-basic-btn\" data-iskeynav=\"true\" aria-label=\"Buscar\" data-rapid_p=\"16\" data-v9y=\"1\"><\/button>7,5 MILLONES DE PERSONAS RECIBEN<\/strong><\/div>\n<\/div>\n<\/div>\n<\/div>\n<\/div>\n<\/div>\n<\/div>\n<\/header>\n<div id=\"mail-app-container\" data-reactroot=\"\">\n<div class=\"pointer-mode H_6D6F\">\n<div class=\"D_F ek_BB H_6D6F aw_2941hk ba_10I1Qt az_oOItw ay_Z1nkUQx I_kt4zd\">\n<div id=\"app\" class=\"D_F ek_BB H_6D6F cZ1RN91d_n s_1HCsWR aw_Z22yhkg I_kt4zd az_DW ba_Z2gmOa3 ay_Z1cYiMT c2hBT4u_Zm6i39 cZTwBjO_Zdogtk\" tabindex=\"-1\" data-test-id=\"mail-app\">\n<div class=\"I_ZnwrMC D_F em_N o_h W_6D6F H_6D6F\" data-test-id=\"content-area\">\n<div class=\"D_F em_N o_h s_1HCsWR\" data-test-id=\"content-below-tabs\">\n<div id=\"mail-app-component-container\" class=\"D_F em_N ej_eUh o_h\">\n<div id=\"mail-app-component\" class=\"em_N gl_C I_ZkbNhI j_ZUs0f0 o_h p_R D_F s_e5X x_Z14vXdP\" data-yaft-module=\"norrin_main\" data-test-id=\"mail-app-component\">\n<div class=\"em_N gl_C o_h D_F p_R U_0\">\n<div class=\"D_F ek_BB p_a Z_0 L_0 R_0 T_0 B_0 cZ1RN91d_GG I_ZnwrMC\" data-test-id=\"message-group-view\">\n<div class=\"iz_A I_ZkbNhI em_0 Z_0\" role=\"main\" data-test-id=\"message-group-view-scroller\" aria-label=\"Vista de mensajes\">\n<div data-test-id=\"focus-group\" aria-label=\"Grupo de navegaci\u00f3n del teclado. Usa las flechas para navegar o el tabulador para pasar al siguiente grupo.\">\n<header class=\"D_F m_Z12nDQf P_Z1A2bQX I_ZkbNhI ab_CI\" data-test-id=\"message-group-header\">\n<div class=\"D_F ab_C em_N o_h A_6FsP P_3Y3Gk\" style=\"text-align: center;\"><strong><span class=\"en_N i_3mCHE\" title=\"7,5 MILLONES DE PERSONAS RECIBIR\u00c1N EL SEGUNDO PAGO DEL REFUERZO DE INGRESOS\" data-test-id=\"message-group-subject\"> EL SEGUNDO PAGO DEL REFUERZO DE INGRESOS<\/span><\/strong><\/div>\n<div class=\"D_F ab_C Y_eTB en_0\">\n<div class=\"cdPFi_ZpQYvz H_6MGW W_6MGW Y_689y lv_2gnJCA h_Z13pql2 h4_2d9T5e\" style=\"text-align: center;\" title=\"Destacar\" data-test-id=\"icon-btn-star\" aria-label=\"Este mensaje no est\u00e1 destacado\" aria-pressed=\"false\"><\/div>\n<\/div>\n<\/header>\n<\/div>\n<div data-test-id=\"focus-group\" aria-label=\"Grupo de navegaci\u00f3n del teclado. Usa las flechas para navegar o el tabulador para pasar al siguiente grupo.\">\n<ul class=\"hd_n M_0 X_0\" data-test-id=\"cards\">\n<li class=\"m_Z12nDQf D_F ek_BB ir_0\">\n<div class=\"p_R b_2w4lU5 I_ZkbNhI em_N it_689y X_fq7 N_6LEV iu_FJ is_Z2bg7IA iv_0 iv3_dRA cZdTOHS_28Otf4 j_ZUs0f0 message-view\" tabindex=\"40\" data-test-id=\"message-view\" data-test-expanded=\"true\" data-iskeynav=\"true\">\n<div><\/div>\n<div data-test-id=\"message-body-container\">\n<div class=\"I_ZkbNhI D_FY W_6D6F\" data-test-id=\"message-view-body\">\n<div class=\"msg-body P_wpofO mq_AS\" data-test-id=\"message-view-body-content\">\n<div class=\"jb_0 X_6MGW N_6Fd5\">\n<div>\n<div id=\"yiv0199858036\">\n<div>\n<div class=\"yiv0199858036WordSection1\">\n<p class=\"yiv0199858036MsoNormal\">ANSES informa que desde el <b>mi\u00e9rcoles 15 de junio,<\/b> comienza\u00a0 el segundo pago del Refuerzo de Ingresos para 7,5 millones de trabajadores informales, empleadas\/os de casas particulares, monotributistas sociales y monotributistas A y B seg\u00fan terminaci\u00f3n de DNI.<\/p>\n<p class=\"yiv0199858036MsoNormal\">ESTE ES EL CRONOGRAMA DE PAGOS:<\/p>\n<p class=\"yiv0199858036MsoNormal\">\u00b7\u00a0\u00a0\u00a0\u00a0\u00a0\u00a0\u00a0DNI terminados en\u00a0<b>0:<\/b>\u00a015 de junio<\/p>\n<p class=\"yiv0199858036MsoNormal\">\u00b7\u00a0\u00a0\u00a0\u00a0\u00a0\u00a0\u00a0DNI terminados en\u00a0<b>1<\/b>: 16 de junio<\/p>\n<p class=\"yiv0199858036MsoNormal\">\u00b7\u00a0\u00a0\u00a0\u00a0\u00a0\u00a0\u00a0DNI terminados en\u00a0<b>2<\/b>: 21 de junio<\/p>\n<p class=\"yiv0199858036MsoNormal\">\u00b7\u00a0\u00a0\u00a0\u00a0\u00a0\u00a0\u00a0DNI terminados en\u00a0<b>3<\/b>: 22 de junio<\/p>\n<p class=\"yiv0199858036MsoNormal\">\u00b7\u00a0\u00a0\u00a0\u00a0\u00a0\u00a0\u00a0DNI terminados en\u00a0<b>4<\/b>: 23 de junio<\/p>\n<p class=\"yiv0199858036MsoNormal\">\u00b7\u00a0\u00a0\u00a0\u00a0\u00a0\u00a0\u00a0DNI terminados en\u00a0<b>5<\/b>: 24 de junio<\/p>\n<p class=\"yiv0199858036MsoNormal\">\u00b7\u00a0\u00a0\u00a0\u00a0\u00a0\u00a0\u00a0DNI terminados en\u00a0<b>6<\/b>: 27 de junio<\/p>\n<p class=\"yiv0199858036MsoNormal\">\u00b7\u00a0\u00a0\u00a0\u00a0\u00a0\u00a0\u00a0DNI terminados en\u00a0<b>7<\/b>: 28 de junio<\/p>\n<p class=\"yiv0199858036MsoNormal\">\u00b7\u00a0\u00a0\u00a0\u00a0\u00a0\u00a0\u00a0DNI terminados en\u00a0<b>8<\/b>: 29 de junio<\/p>\n<p class=\"yiv0199858036MsoNormal\">\u00b7\u00a0\u00a0\u00a0\u00a0\u00a0\u00a0\u00a0DNI terminados en\u00a0<b>9<\/b>: 30+ de junio<\/p>\n<p class=\"yiv0199858036MsoNormal\">Cabe aclarar que las personas reciben el Refuerzo de Ingresos en la CBU en la que cobraron la primera cuota y que informaron al momento de completar la inscripci\u00f3n.<\/p>\n<\/div>\n<\/div>\n<\/div>\n<\/div>\n<\/div>\n<\/div>\n<\/div>\n<\/div>\n<\/div>\n<\/li>\n<\/ul>\n<\/div>\n<\/div>\n<\/div>\n<\/div>\n<\/div>\n<\/div>\n<\/div>\n<\/div>\n<\/div>\n<\/div>\n<\/div>\n<\/div>\n<div class=\"msg-body P_wpofO mq_AS\" data-test-id=\"message-view-body-content\">\n<div class=\"jb_0 X_6MGW N_6Fd5\">\n<div>\n<div id=\"yiv9460674520\">\n<div>\n<div class=\"yiv9460674520WordSection1\">\n<p style=\"text-align: center;\" align=\"left\"><strong>&#8212;&#8212;&#8212;&#8212;&#8212;&#8212;&#8212;&#8212;&#8212;&#8212;&#8212;&#8212;&#8212;&#8212;&#8211;<\/strong><\/p>\n<hr \/>\n<p class=\"yiv9460674520MsoNormal\" align=\"left\"><b>Seg\u00fan terminaci\u00f3n del DNI<\/b><\/p>\n<p class=\"yiv9460674520MsoNormal\" align=\"center\"><b>7,5 MILLONES DE PERSONAS COBRAN<\/b><\/p>\n<p class=\"yiv9460674520MsoNormal\" align=\"center\"><b>LA PRIMERA CUOTA DEL REFUERZO DE INGRESOS<\/b><button class=\"c27KHO0_n b_0 M_0 i_0 I_T y_Z2hYGcu A_6EqO r_P C_q cvhIH6_T P_eo6\" tabindex=\"-1\" title=\"Descargar\" type=\"button\" data-test-id=\"icon-btn-download\"><\/button><\/p>\n<p class=\"yiv9460674520MsoNormal\">ANSES inform\u00f3 que, desde el jueves 19 de mayo, <b>7,5 millones<\/b> de trabajadores informales, empleados de casas particulares, monotributistas A, B y sociales cuyas inscripciones al Refuerzo de Ingresos fueron aprobadas, reciben la primera cuota de 9000 pesos.<\/p>\n<p class=\"yiv9460674520MsoNormal\">En este sentido, el cronograma de pago seg\u00fan terminaci\u00f3n de DNI es de la siguiente forma:<\/p>\n<p class=\"yiv9460674520MsoNormal\">\u00b7\u00a0\u00a0\u00a0\u00a0\u00a0\u00a0\u00a0\u00a0DNI terminados en\u00a0<b>0:<\/b>\u00a019 de mayo<\/p>\n<p class=\"yiv9460674520MsoNormal\">\u00b7\u00a0\u00a0\u00a0\u00a0\u00a0\u00a0\u00a0\u00a0DNI terminados en\u00a0<b>1<\/b>: 20 de mayo<\/p>\n<p class=\"yiv9460674520MsoNormal\">\u00b7\u00a0\u00a0\u00a0\u00a0\u00a0\u00a0\u00a0\u00a0DNI terminados en\u00a0<b>2<\/b>: 23 de mayo<\/p>\n<p class=\"yiv9460674520MsoNormal\">\u00b7\u00a0\u00a0\u00a0\u00a0\u00a0\u00a0\u00a0\u00a0DNI terminados en\u00a0<b>3<\/b>: 24 de mayo<\/p>\n<p class=\"yiv9460674520MsoNormal\">\u00b7\u00a0\u00a0\u00a0\u00a0\u00a0\u00a0\u00a0\u00a0DNI terminados en\u00a0<b>4<\/b>: 26 de mayo<\/p>\n<p class=\"yiv9460674520MsoNormal\">\u00b7\u00a0\u00a0\u00a0\u00a0\u00a0\u00a0\u00a0\u00a0DNI terminados en\u00a0<b>5<\/b>: 27 de mayo<\/p>\n<p class=\"yiv9460674520MsoNormal\">\u00b7\u00a0\u00a0\u00a0\u00a0\u00a0\u00a0\u00a0\u00a0DNI terminados en\u00a0<b>6<\/b>: 30 de mayo<\/p>\n<p class=\"yiv9460674520MsoNormal\">\u00b7\u00a0\u00a0\u00a0\u00a0\u00a0\u00a0\u00a0\u00a0DNI terminados en\u00a0<b>7<\/b>: 31 de mayo<\/p>\n<p class=\"yiv9460674520MsoNormal\">\u00b7\u00a0\u00a0\u00a0\u00a0\u00a0\u00a0\u00a0\u00a0DNI terminados en\u00a0<b>8<\/b>: 1 de junio<\/p>\n<p class=\"yiv9460674520MsoNormal\">\u00b7\u00a0\u00a0\u00a0\u00a0\u00a0\u00a0\u00a0\u00a0DNI terminados en\u00a0<b>9<\/b>: 2 de junio<\/p>\n<p class=\"yiv9460674520MsoNormal\">Cabe aclarar que las personas recibir\u00e1n el Refuerzo de Ingresos en la CBU que informaron al momento de completar la inscripci\u00f3n.<\/p>\n<p class=\"yiv9460674520MsoNormal\">Asimismo, se recuerda que en caso de reclamos o de tener que presentar alg\u00fan tipo de documentaci\u00f3n adicional, podr\u00e1n acercarse de forma presencial a las oficinas de ANSES durante todo el mes de mayo.<\/p>\n<p class=\"yiv9460674520MsoNormal\" align=\"right\">\n<\/div>\n<\/div>\n<\/div>\n<\/div>\n<\/div>\n<\/div>\n<div class=\"jb_0 X_6MGW N_6Fd5\">\n<div class=\"P_0 je_fq7\">\n<div class=\"W_3n93F p_R\" data-test-id=\"attachment-item\">\n<div class=\"I_Z1gjdlg k_w H_7yHc p_R o_h\" data-test-id=\"attachment-container\"><\/div>\n<\/div>\n<\/div>\n<\/div>\n<hr \/>\n<p class=\"yiv2548830430MsoNormal\"><b>63% ciento de aumento interanual<\/b><\/p>\n<p class=\"yiv2548830430MsoNormal\" style=\"text-align: left;\" align=\"center\"><b>15% DE AUMENTO EN JUNIO PARA JUBILACIONES, PENSIONES Y ASIGNACIONES<\/b><\/p>\n<p class=\"yiv2548830430MsoNormal\">En el marco de un encuentro con adultas y adultos mayores en la sede central de ANSES, la directora ejecutiva\u00a0<b>Fernanda Raverta<\/b>\u00a0confirm\u00f3 que a partir de junio comenzar\u00e1 a regir el segundo aumento trimestral de 2022 para jubilaciones, pensiones y asignaciones.<\/p>\n<p class=\"yiv2548830430MsoNormal\"><i>&#8220;Les quer\u00eda contar que, a partir de la f\u00f3rmula de movilidad que cada tres meses actualiza los haberes, las jubiladas y jubilados van a tener un aumento del\u00a0<b>15 por ciento<\/b>, siendo este el mayor aumento desde que la f\u00f3rmula de movilidad est\u00e1 vigente\u201d<\/i>, se\u00f1al\u00f3\u00a0<b>Raverta<\/b>. En este sentido, agreg\u00f3:\u00a0<i>\u201cCon este aumento el incremento interanual en junio ser\u00e1 del\u00a0<b>63<\/b>\u00a0<b>por ciento<\/b>\u201d<\/i>.<\/p>\n<p class=\"yiv2548830430MsoNormal\">De este modo, en el primer semestre del a\u00f1o, todas las prestaciones acumulan un incremento del<b>\u00a029,12 por ciento que alcanzar\u00e1 a m\u00e1s de 7,2 millones de jubiladas, jubilados, pensionadas y pensionados<\/b>\u00a0(m\u00e1s de 8,4 millones de beneficios)\u00a0<b>y m\u00e1s de 9 millones de ni\u00f1as, ni\u00f1os y adolescentes<\/b>\u00a0(4,4 millones de Asignaci\u00f3n Universal por Hijo \u2013AUH\u2013, 3,9 millones de Asignaciones Familiares \u2013AAFF\u2013 para asalariados formales o monotributistas y 0,8 millones de jubilados, pensionados o titulares de la Prestaci\u00f3n por Desempleo). Asimismo, impactar\u00e1 tambi\u00e9n en las personas titulares de la Asignaci\u00f3n por Embarazo y las Asignaciones Familiares por Prenatal, Nacimiento, Adopci\u00f3n, Matrimonio y C\u00f3nyuge.<b><\/b><\/p>\n<p class=\"yiv2548830430MsoNormal\">Este aumento del 15 por ciento es ampliamente superior (5,2 puntos porcentuales) al que se hubiese otorgado en el mismo per\u00edodo mediante la f\u00f3rmula anterior (9,8 por ciento). De esta manera, la nueva f\u00f3rmula de movilidad, en los primeros 18 meses de aplicaci\u00f3n tuvo\u00a0<b>17,7 puntos porcentuales por encima de los que hubiese dado la f\u00f3rmula anterior (97,1 por ciento vs. 79,4 por ciento).<\/b><\/p>\n<p class=\"yiv2548830430MsoNormal\">Con este aumento, el haber m\u00ednimo a partir de junio ascender\u00e1 a<b>\u00a037.524,96<\/b>\u00a0<b>pesos<\/b>, cuando en diciembre de 2019 era de 14.068 pesos (167 por ciento de incremento total). Por su parte,\u00a0la AUH y la Asignaci\u00f3n por Embarazo para Protecci\u00f3n Social aumentar\u00e1n a<b>\u00a07332 pesos<\/b>\u00a0(a diciembre de 2019 su valor era de 2746 pesos).<\/p>\n<div align=\"center\">\n<table class=\"yiv2548830430MsoNormalTable\" border=\"0\" width=\"0\" cellspacing=\"0\" cellpadding=\"0\">\n<tbody>\n<tr>\n<td valign=\"top\" width=\"180\">\n<p class=\"yiv2548830430MsoNormal\" align=\"center\">\n<\/td>\n<td valign=\"top\" width=\"191\">\n<p class=\"yiv2548830430MsoNormal\" align=\"center\"><b>Diciembre 2019<\/b><\/p>\n<\/td>\n<td valign=\"top\" width=\"191\">\n<p class=\"yiv2548830430MsoNormal\" align=\"center\"><b>Junio 2022<\/b><\/p>\n<\/td>\n<\/tr>\n<tr>\n<td valign=\"top\" width=\"180\">\n<p class=\"yiv2548830430MsoNormal\" align=\"center\"><b><i>Haber m\u00ednimo<\/i><\/b><b><i><\/i><\/b><\/p>\n<\/td>\n<td valign=\"top\" width=\"191\">\n<p class=\"yiv2548830430MsoNormal\" align=\"center\">$14.067,93<\/p>\n<\/td>\n<td valign=\"top\" width=\"191\">\n<p class=\"yiv2548830430MsoNormal\" align=\"center\">$37.524,96<\/p>\n<\/td>\n<\/tr>\n<tr>\n<td valign=\"top\" width=\"180\">\n<p class=\"yiv2548830430MsoNormal\" align=\"center\"><b><i>2 haberes m\u00ednimos<\/i><\/b><b><i><\/i><\/b><\/p>\n<\/td>\n<td valign=\"top\" width=\"191\">\n<p class=\"yiv2548830430MsoNormal\" align=\"center\">$28.135,86<\/p>\n<\/td>\n<td valign=\"top\" width=\"191\">\n<p class=\"yiv2548830430MsoNormal\" align=\"center\">$75.049,92<\/p>\n<\/td>\n<\/tr>\n<tr>\n<td valign=\"top\" width=\"180\">\n<p class=\"yiv2548830430MsoNormal\" align=\"center\"><b><i>AUH<\/i><\/b><b><i><\/i><\/b><\/p>\n<\/td>\n<td valign=\"top\" width=\"191\">\n<p class=\"yiv2548830430MsoNormal\" align=\"center\">$2746<\/p>\n<\/td>\n<td valign=\"top\" width=\"191\">\n<p class=\"yiv2548830430MsoNormal\" align=\"center\">$7332<\/p>\n<\/td>\n<\/tr>\n<\/tbody>\n<\/table>\n<\/div>\n<p class=\"yiv2548830430MsoNormal\">Al mismo tiempo, a esta movilidad se suman otras medidas que afectaron de forma directa en los ingresos de este universo:<\/p>\n<p class=\"yiv2548830430MsoNormal\">\u2714\u00a0\u00a0\u00a0\u00a0\u00a0\u00a0<b>El bono de 6000<\/b>\u00a0<b>pesos<\/b>\u00a0que se otorg\u00f3 en abril para jubiladas, jubilados, pensionadas y pensionados que perciben hasta un haber m\u00ednimo tuvo un impacto en un total de\u00a0<b>4,58 millones de personas<\/b>.<\/p>\n<p class=\"yiv2548830430MsoNormal\">\u2714\u00a0\u00a0\u00a0\u00a0\u00a0\u00a0<b>El<\/b>\u00a0<b>bono de 12.000<\/b>\u00a0pesos que se comenz\u00f3 a pagar este mes para jubiladas, jubilados, pensionadas y pensionados que perciben hasta dos haberes m\u00ednimos alcanza a\u00a0<b>6,1 millones de personas<\/b>.<\/p>\n<p class=\"yiv2548830430MsoNormal\"><b>\u00a0<\/b><\/p>\n<p class=\"yiv2548830430MsoNormal\"><b>+ Fotos adjuntas<\/b><\/p>\n<p class=\"yiv2548830430MsoNormal\" align=\"right\"><b>Se agradece difusi\u00f3n<\/b><\/p>\n<p style=\"text-align: left;\" align=\"center\"><b>&#8212;&#8212;&#8212;&#8212;&#8212;&#8212;&#8212;&#8212;&#8212;&#8212;&#8212;&#8212;&#8212;&#8212;&#8211;<\/b><\/p>\n<p style=\"text-align: left;\" align=\"center\"><b>LOS JUBILADOS Y PENSIONADOS COMENZARON A COBRAR EL REFUERZO DE INGRESOS<\/b><\/p>\n<div class=\"msg-body P_wpofO mq_AS\" data-test-id=\"message-view-body-content\">\n<div class=\"jb_0 X_6MGW N_6Fd5\">\n<div id=\"yiv4514673917\">\n<div class=\"yiv4514673917WordSection1\">\n<p class=\"yiv4514673917MsoNormal\">ANSES inform\u00f3 que, desde el 9 de mayo, los jubilados y pensionados con hasta dos haberes m\u00ednimos <b>reciben autom\u00e1ticamente<\/b>\u00a0junto con su haber el Refuerzo de Ingresos de 12.000 pesos.<\/p>\n<p class=\"yiv4514673917MsoNormal\">En este sentido, el cronograma de pago para las personas cuyos haberes sean menores a 36.676 pesos es el siguiente:<\/p>\n<p class=\"yiv4514673917MsoNormal\">\u00b7\u00a0\u00a0\u00a0\u00a0\u00a0\u00a0\u00a0\u00a0DNI terminados en\u00a0<b>0:<\/b>\u00a09 de mayo<\/p>\n<p class=\"yiv4514673917MsoNormal\">\u00b7\u00a0\u00a0\u00a0\u00a0\u00a0\u00a0\u00a0\u00a0DNI terminados en\u00a0<b>1:<\/b>\u00a010 de mayo<\/p>\n<p class=\"yiv4514673917MsoNormal\">\u00b7\u00a0\u00a0\u00a0\u00a0\u00a0\u00a0\u00a0\u00a0DNI terminados en\u00a0<b>2:<\/b>\u00a011 de mayo<\/p>\n<p class=\"yiv4514673917MsoNormal\">\u00b7\u00a0\u00a0\u00a0\u00a0\u00a0\u00a0\u00a0\u00a0DNI terminados en\u00a0<b>3:<\/b>\u00a012 de mayo<\/p>\n<p class=\"yiv4514673917MsoNormal\">\u00b7\u00a0\u00a0\u00a0\u00a0\u00a0\u00a0\u00a0\u00a0DNI terminados en\u00a0<b>4<\/b>: 13 de mayo<\/p>\n<p class=\"yiv4514673917MsoNormal\">\u00b7\u00a0\u00a0\u00a0\u00a0\u00a0\u00a0\u00a0\u00a0DNI terminados en\u00a0<b>5:<\/b>\u00a016 de mayo<\/p>\n<p class=\"yiv4514673917MsoNormal\">\u00b7\u00a0\u00a0\u00a0\u00a0\u00a0\u00a0\u00a0\u00a0DNI terminados en\u00a0<b>6:<\/b>\u00a017 de mayo<\/p>\n<p class=\"yiv4514673917MsoNormal\">\u00b7\u00a0\u00a0\u00a0\u00a0\u00a0\u00a0\u00a0\u00a0DNI terminados en\u00a0<b>7:<\/b>\u00a017 de mayo<\/p>\n<p class=\"yiv4514673917MsoNormal\">\u00b7\u00a0\u00a0\u00a0\u00a0\u00a0\u00a0\u00a0\u00a0DNI terminados en\u00a0<b>8:<\/b>\u00a019 de mayo<\/p>\n<p class=\"yiv4514673917MsoNormal\">\u00b7\u00a0\u00a0\u00a0\u00a0\u00a0\u00a0\u00a0\u00a0DNI terminados en\u00a0<b>9:<\/b>\u00a020 de mayo<\/p>\n<p class=\"yiv4514673917MsoNormal\">En tanto, quienes tengan haberes desde 36.676 pesos hasta 65.260 pesos cobran los siguientes d\u00edas:<\/p>\n<p class=\"yiv4514673917MsoNormal\">\u00b7\u00a0\u00a0\u00a0\u00a0\u00a0\u00a0\u00a0\u00a0DNI terminados en\u00a0<b>0 y 1:<\/b>\u00a023 de mayo<\/p>\n<p class=\"yiv4514673917MsoNormal\">\u00b7\u00a0\u00a0\u00a0\u00a0\u00a0\u00a0\u00a0\u00a0DNI terminados en\u00a0<b>2 y 3:<\/b>\u00a024 de mayo<\/p>\n<p class=\"yiv4514673917MsoNormal\">\u00b7\u00a0\u00a0\u00a0\u00a0\u00a0\u00a0\u00a0\u00a0DNI terminados en\u00a0<b>4 y 5:<\/b>\u00a026 de mayo<\/p>\n<p class=\"yiv4514673917MsoNormal\">\u00b7\u00a0\u00a0\u00a0\u00a0\u00a0\u00a0\u00a0\u00a0DNI terminados en\u00a0<b>6 y 7:<\/b>\u00a027 de mayo<\/p>\n<p class=\"yiv4514673917MsoNormal\">\u00b7\u00a0\u00a0\u00a0\u00a0\u00a0\u00a0\u00a0\u00a0DNI terminados en\u00a0<b>8 y 9:<\/b>\u00a030 de mayo<\/p>\n<p class=\"yiv4514673917MsoNormal\">En los casos en que el monto supere las dos jubilaciones m\u00ednimas, la o el titular cobrar\u00e1 un proporcional hasta completar los 77.260 pesos junto con su haber.<\/p>\n<p class=\"yiv4514673917MsoNormal\">ANSES recuerda, adem\u00e1s, que no es necesario que las personas realicen ning\u00fan tr\u00e1mite adicional ni se dirijan a las delegaciones del organismo para solicitar el Refuerzo de Ingresos.<\/p>\n<\/div>\n<\/div>\n<\/div>\n<\/div>\n<p style=\"text-align: center;\" align=\"center\"><strong>&#8212;&#8212;&#8212;&#8212;&#8212;&#8212;&#8212;&#8212;&#8212;&#8212;&#8212;&#8212;&#8212;&#8212;&#8212;&#8212;&#8212;-<\/strong><\/p>\n<p style=\"text-align: left;\" align=\"center\">A partir de mayo, ANSES lanz\u00f3 la campa\u00f1a <i>Ahora es m\u00e1s f\u00e1cil jubilarte<\/i>\u00a0con el objetivo de acompa\u00f1ar a las argentinas y los argentinos durante todo su tr\u00e1mite jubilatorio. De esta forma, el d\u00eda que cumple la edad para jubilarse (60 si son mujeres y 65 si son varones) van a poder acercarse\u00a0<b>sin turno<\/b>, de forma personal y con DNI a la oficina del organismo m\u00e1s cercana a su domicilio para iniciar el tr\u00e1mite jubilatorio.<\/p>\n<div class=\"I_ZkbNhI D_FY W_6D6F\" data-test-id=\"message-view-body\">\n<div class=\"msg-body P_wpofO mq_AS\" data-test-id=\"message-view-body-content\">\n<div class=\"jb_0 X_6MGW N_6Fd5\">\n<div id=\"yiv0317452798\">\n<div class=\"yiv0317452798WordSection1\">\n<p class=\"yiv0317452798MsoNormal\" style=\"text-align: left;\">\u201c<i>Sabemos lo importante que es el momento en que las argentinas y los argentinos inician el camino de su jubilaci\u00f3n. Por eso, en ANSES los vamos a estar esperando en nuestras oficinas para acompa\u00f1arlos en esta nueva etapa que est\u00e1n a punto de comenzar<\/i>\u201d, indic\u00f3 la directora ejecutiva,\u00a0Fernanda Raverta.<\/p>\n<p class=\"yiv0317452798MsoNormal\" style=\"text-align: left;\">Es importante destacar que en ANSES todos los tr\u00e1mites son gratuitos, no necesitan de gestores ni intermediarios y se realizan de forma individual en las oficinas o la web del organismo.<\/p>\n<p class=\"yiv0317452798MsoNormal\" style=\"text-align: left;\"><i>Ahora es m\u00e1s f\u00e1cil jubilarte<\/i>\u00a0es una nueva iniciativa con la que ANSES busca simplificar todos los tr\u00e1mites, acompa\u00f1ando desde el principio a cada argentina y argentino que inicie su jubilaci\u00f3n.<\/p>\n<p class=\"yiv0317452798MsoNormal\" style=\"text-align: left;\">M\u00e1s informaci\u00f3n\u00a0<a href=\"https:\/\/www.anses.gob.ar\/ahora-es-mas-facil-jubilarte\" target=\"_blank\" rel=\"nofollow noopener noreferrer\">aqu\u00ed<\/a>.<\/p>\n<\/div>\n<\/div>\n<\/div>\n<\/div>\n<\/div>\n<p align=\"center\"><strong>&#8212;&#8212;&#8212;&#8212;&#8212;&#8212;&#8212;&#8212;&#8212;&#8212;&#8212;&#8212;&#8212;&#8212;&#8212;-<\/strong><\/p>\n<p class=\"yiv4780275201MsoNormal\" align=\"center\"><b>LOS BENEFICIARIOS DE PENSIONES NO CONTRIBUTIVAS COMENZARON A COBRAR EL REFUERZO DE INGRESOS<\/b><\/p>\n<p class=\"yiv4780275201MsoNormal\">ANSES inform\u00f3 que los titulares de las Pensiones No Contributivas (PNC) perciben desde el lunes 2 de mayo, junto con su haber, el Refuerzo de Ingresos de 12.000 pesos.<\/p>\n<p class=\"yiv4780275201MsoNormal\">En este sentido, el cronograma para Pensiones No Contributivas (PNC) est\u00e1 estipulado de la siguiente manera:<\/p>\n<p class=\"yiv4780275201MsoNormal\">\u00b7\u00a0\u00a0\u00a0\u00a0\u00a0\u00a0\u00a0\u00a0DNI terminados en\u00a0<b>0\u00a0<\/b>y<b>\u00a01<\/b>: 2 de mayo<\/p>\n<p class=\"yiv4780275201MsoNormal\">\u00b7\u00a0\u00a0\u00a0\u00a0\u00a0\u00a0\u00a0\u00a0DNI terminados en\u00a0<b>2<\/b>\u00a0y\u00a0<b>3<\/b>: 3 de mayo<\/p>\n<p class=\"yiv4780275201MsoNormal\">\u00b7\u00a0\u00a0\u00a0\u00a0\u00a0\u00a0\u00a0\u00a0DNI terminados en\u00a0<b>4<\/b>\u00a0y\u00a0<b>5<\/b>: 4 de mayo<\/p>\n<p class=\"yiv4780275201MsoNormal\">\u00b7\u00a0\u00a0\u00a0\u00a0\u00a0\u00a0\u00a0\u00a0DNI terminados en\u00a0<b>6<\/b>\u00a0y\u00a0<b>7<\/b>: 5 de mayo<\/p>\n<p class=\"yiv4780275201MsoNormal\">\u00b7\u00a0\u00a0\u00a0\u00a0\u00a0\u00a0\u00a0\u00a0DNI terminados en\u00a0<b>8<\/b>\u00a0y\u00a0<b>9<\/b>: 6 de mayo<\/p>\n<h2 class=\"yiv4780275201MsoNormal\"><strong>La inscripci\u00f3n contin\u00faa abierta hasta el s\u00e1bado 7 de mayo inclusive, las 24 horas, en\u00a0<a href=\"http:\/\/www.anses.gob.ar\/\" target=\"_blank\" rel=\"nofollow noopener noreferrer\">www.anses.gob.ar<\/a>.<\/strong><\/h2>\n<p class=\"yiv4780275201MsoNormal\"><a href=\"http:\/\/www.anses.gob.ar\/\" target=\"_blank\" rel=\"nofollow noopener noreferrer\"><b>www.anses.gob.ar<\/b><\/a><b><u><\/u><\/b><\/p>\n<p style=\"text-align: center;\"><strong>&#8212;&#8212;&#8212;&#8212;&#8212;&#8212;&#8212;&#8212;&#8212;&#8212;&#8212;<\/strong><\/p>\n<div class=\"msg-body P_wpofO mq_AS\" data-test-id=\"message-view-body-content\">\n<div class=\"jb_0 X_6MGW N_6Fd5\">\n<div id=\"yiv9095205990\">\n<div class=\"yiv9095205990WordSection1\">\n<p class=\"yiv9095205990MsoNormal\" align=\"center\"><b>CALENDARIO DE PAGOS DE MAYO<\/b><\/p>\n<p><strong>ANSES informa el calendario de pagos del mes de <\/strong><strong>mayo<\/strong><strong>\u00a0para jubilados, jubiladas, pensionados y pensionadas, Pensiones No Contributivas, titulares de la Asignaci\u00f3n Universal por Hijo y la Asignaci\u00f3n por Embarazo, Asignaciones Familiares y de Pago \u00danico (Matrimonio, Nacimiento y Adopci\u00f3n) y Prestaci\u00f3n por Desempleo.<\/strong><\/p>\n<div class=\"img-preview-wrapper\"><img loading=\"lazy\" decoding=\"async\" id=\"yiv9095205990Imagen_x0020_9\" class=\"preview\" src=\"https:\/\/apis.mail.yahoo.com\/ws\/v3\/mailboxes\/@.id==VjN-xF3I97EHoROgkj6VNCdRQqeA2JymVf7t_dNnS0aDi3s78AREAsRDD7nmdHgvOMaxQGPOCLL4yv1gdpoOBPLlCw\/messages\/@.id==ANcnoPUeT7BYYm5sDgzFiBS709w\/content\/parts\/@.id==1.2\/thumbnail?appid=YMailNorrin&amp;downloadWhenThumbnailFails=true&amp;pid=1.2\" alt=\"CALENDARIO DE PAGO MAYO_Prensa_JubyPensionados_NoSuperan\" width=\"567\" height=\"128\" \/><button class=\"c27KHO0_n b_0 M_0 i_0 I_T y_Z2hYGcu A_6EqO r_P C_q cvhIH6_T P_eo6\" tabindex=\"-1\" title=\"Descargar\" type=\"button\" data-test-id=\"icon-btn-download\"><\/button><\/div>\n<div class=\"img-preview-wrapper\"><img loading=\"lazy\" decoding=\"async\" id=\"yiv9095205990Imagen_x0020_8\" class=\"preview\" src=\"https:\/\/apis.mail.yahoo.com\/ws\/v3\/mailboxes\/@.id==VjN-xF3I97EHoROgkj6VNCdRQqeA2JymVf7t_dNnS0aDi3s78AREAsRDD7nmdHgvOMaxQGPOCLL4yv1gdpoOBPLlCw\/messages\/@.id==ANcnoPUeT7BYYm5sDgzFiBS709w\/content\/parts\/@.id==1.3\/thumbnail?appid=YMailNorrin&amp;downloadWhenThumbnailFails=true&amp;pid=1.3\" alt=\"CALENDARIO DE PAGO MAYO_Prensa_JubyPensionados_Superan\" width=\"567\" height=\"128\" \/><button class=\"c27KHO0_n b_0 M_0 i_0 I_T y_Z2hYGcu A_6EqO r_P C_q cvhIH6_T P_eo6\" tabindex=\"-1\" title=\"Descargar\" type=\"button\" data-test-id=\"icon-btn-download\"><\/button><\/div>\n<div class=\"img-preview-wrapper\"><img loading=\"lazy\" decoding=\"async\" id=\"yiv9095205990Imagen_x0020_7\" class=\"preview\" src=\"https:\/\/apis.mail.yahoo.com\/ws\/v3\/mailboxes\/@.id==VjN-xF3I97EHoROgkj6VNCdRQqeA2JymVf7t_dNnS0aDi3s78AREAsRDD7nmdHgvOMaxQGPOCLL4yv1gdpoOBPLlCw\/messages\/@.id==ANcnoPUeT7BYYm5sDgzFiBS709w\/content\/parts\/@.id==1.4\/thumbnail?appid=YMailNorrin&amp;downloadWhenThumbnailFails=true&amp;pid=1.4\" alt=\"CALENDARIO DE PAGO MAYO_Prensa_AuhyAaff\" width=\"567\" height=\"128\" \/><button class=\"c27KHO0_n b_0 M_0 i_0 I_T y_Z2hYGcu A_6EqO r_P C_q cvhIH6_T P_eo6\" tabindex=\"-1\" title=\"Descargar\" type=\"button\" data-test-id=\"icon-btn-download\"><\/button><\/div>\n<div class=\"img-preview-wrapper\"><img loading=\"lazy\" decoding=\"async\" id=\"yiv9095205990Imagen_x0020_6\" class=\"preview\" src=\"https:\/\/apis.mail.yahoo.com\/ws\/v3\/mailboxes\/@.id==VjN-xF3I97EHoROgkj6VNCdRQqeA2JymVf7t_dNnS0aDi3s78AREAsRDD7nmdHgvOMaxQGPOCLL4yv1gdpoOBPLlCw\/messages\/@.id==ANcnoPUeT7BYYm5sDgzFiBS709w\/content\/parts\/@.id==1.5\/thumbnail?appid=YMailNorrin&amp;downloadWhenThumbnailFails=true&amp;pid=1.5\" alt=\"CALENDARIO DE PAGO MAYO_Prensa_AsigxEmbarazo\" width=\"567\" height=\"128\" \/><button class=\"c27KHO0_n b_0 M_0 i_0 I_T y_Z2hYGcu A_6EqO r_P C_q cvhIH6_T P_eo6\" tabindex=\"-1\" title=\"Descargar\" type=\"button\" data-test-id=\"icon-btn-download\"><\/button><\/div>\n<div class=\"img-preview-wrapper\"><img loading=\"lazy\" decoding=\"async\" id=\"yiv9095205990Imagen_x0020_5\" class=\"preview\" src=\"https:\/\/apis.mail.yahoo.com\/ws\/v3\/mailboxes\/@.id==VjN-xF3I97EHoROgkj6VNCdRQqeA2JymVf7t_dNnS0aDi3s78AREAsRDD7nmdHgvOMaxQGPOCLL4yv1gdpoOBPLlCw\/messages\/@.id==ANcnoPUeT7BYYm5sDgzFiBS709w\/content\/parts\/@.id==1.6\/thumbnail?appid=YMailNorrin&amp;downloadWhenThumbnailFails=true&amp;pid=1.6\" alt=\"CALENDARIO DE PAGO MAYO_Prensa_PrenatyMaternidad\" width=\"567\" height=\"128\" \/><button class=\"c27KHO0_n b_0 M_0 i_0 I_T y_Z2hYGcu A_6EqO r_P C_q cvhIH6_T P_eo6\" tabindex=\"-1\" title=\"Descargar\" type=\"button\" data-test-id=\"icon-btn-download\"><\/button><\/div>\n<div class=\"img-preview-wrapper\"><img loading=\"lazy\" decoding=\"async\" id=\"yiv9095205990Imagen_x0020_4\" class=\"preview\" src=\"https:\/\/apis.mail.yahoo.com\/ws\/v3\/mailboxes\/@.id==VjN-xF3I97EHoROgkj6VNCdRQqeA2JymVf7t_dNnS0aDi3s78AREAsRDD7nmdHgvOMaxQGPOCLL4yv1gdpoOBPLlCw\/messages\/@.id==ANcnoPUeT7BYYm5sDgzFiBS709w\/content\/parts\/@.id==1.7\/thumbnail?appid=YMailNorrin&amp;downloadWhenThumbnailFails=true&amp;pid=1.7\" alt=\"CALENDARIO DE PAGO MAYO_Prensa_PagoUnico\" width=\"567\" height=\"128\" \/><button class=\"c27KHO0_n b_0 M_0 i_0 I_T y_Z2hYGcu A_6EqO r_P C_q cvhIH6_T P_eo6\" tabindex=\"-1\" title=\"Descargar\" type=\"button\" data-test-id=\"icon-btn-download\"><\/button><\/div>\n<div class=\"img-preview-wrapper\"><img loading=\"lazy\" decoding=\"async\" id=\"yiv9095205990Imagen_x0020_3\" class=\"preview\" src=\"https:\/\/apis.mail.yahoo.com\/ws\/v3\/mailboxes\/@.id==VjN-xF3I97EHoROgkj6VNCdRQqeA2JymVf7t_dNnS0aDi3s78AREAsRDD7nmdHgvOMaxQGPOCLL4yv1gdpoOBPLlCw\/messages\/@.id==ANcnoPUeT7BYYm5sDgzFiBS709w\/content\/parts\/@.id==1.8\/thumbnail?appid=YMailNorrin&amp;downloadWhenThumbnailFails=true&amp;pid=1.8\" alt=\"CALENDARIO DE PAGO MAYO_Prensa_PNC\" width=\"567\" height=\"128\" \/><button class=\"c27KHO0_n b_0 M_0 i_0 I_T y_Z2hYGcu A_6EqO r_P C_q cvhIH6_T P_eo6\" tabindex=\"-1\" title=\"Descargar\" type=\"button\" data-test-id=\"icon-btn-download\"><\/button><\/div>\n<div class=\"img-preview-wrapper\"><img loading=\"lazy\" decoding=\"async\" id=\"yiv9095205990Imagen_x0020_2\" class=\"preview\" src=\"https:\/\/apis.mail.yahoo.com\/ws\/v3\/mailboxes\/@.id==VjN-xF3I97EHoROgkj6VNCdRQqeA2JymVf7t_dNnS0aDi3s78AREAsRDD7nmdHgvOMaxQGPOCLL4yv1gdpoOBPLlCw\/messages\/@.id==ANcnoPUeT7BYYm5sDgzFiBS709w\/content\/parts\/@.id==1.9\/thumbnail?appid=YMailNorrin&amp;downloadWhenThumbnailFails=true&amp;pid=1.9\" alt=\"CALENDARIO DE PAGO MAYO_Prensa_AsigPNC\" width=\"567\" height=\"128\" \/><button class=\"c27KHO0_n b_0 M_0 i_0 I_T y_Z2hYGcu A_6EqO r_P C_q cvhIH6_T P_eo6\" tabindex=\"-1\" title=\"Descargar\" type=\"button\" data-test-id=\"icon-btn-download\"><\/button><strong><a href=\"http:\/\/www.anses.gob.ar\/\" target=\"_blank\" rel=\"nofollow noopener noreferrer\"><b><br \/>\n<\/b><\/a><\/strong><\/div>\n<\/div>\n<\/div>\n<\/div>\n<\/div>\n<div class=\"jb_0 X_6MGW N_6Fd5\">\n<div class=\"P_0 je_fq7\">\n<p><a class=\"D_F ab_GM C_Z29WjXl A_6Eb4 r_P\" href=\"https:\/\/apis.mail.yahoo.com\/ws\/v3\/mailboxes\/@.id==VjN-xF3I97EHoROgkj6VNCdRQqeA2JymVf7t_dNnS0aDi3s78AREAsRDD7nmdHgvOMaxQGPOCLL4yv1gdpoOBPLlCw\/messages\/@.id==ANcnoPUeT7BYYm5sDgzFiBS709w\/content\/parts\/@.id%20in%20%5B'2','3','4','5','6','7','8','9','10'%5D\/refresh?appid=YMailNorrin&amp;ymreqid=a1e28384-e738-286e-1cf9-d80031017e00\" data-test-id=\"download-all-attachments\">Descargar todos los archivos adjuntos en un archivo zip<\/a><\/p>\n<ul class=\"hd_n D_F eo_HB M_gQyVX P_0\">\n<li class=\"E_6Fd5 Y_6LEV\" data-test-id=\"attachment-tray-list-item\">\n<div class=\"W_3n93F p_R\" data-test-id=\"attachment-item\">\n<div class=\"I_Z1gjdlg k_w H_7yHc p_R o_h\" data-test-id=\"attachment-container\">\n<div class=\"D_F ab_C gl_C H_6D6F\"><img decoding=\"async\" class=\"W_6D6F\" src=\"https:\/\/apis.mail.yahoo.com\/ws\/v3\/mailboxes\/@.id==VjN-xF3I97EHoROgkj6VNCdRQqeA2JymVf7t_dNnS0aDi3s78AREAsRDD7nmdHgvOMaxQGPOCLL4yv1gdpoOBPLlCw\/messages\/@.id==ANcnoPUeT7BYYm5sDgzFiBS709w\/content\/parts\/@.id==2\/thumbnail?appid=YMailNorrin&amp;size=400w&amp;w=400&amp;h=400\" data-test-id=\"attachment-thumbnail\" \/><\/div>\n<\/div>\n<div class=\"A_6Eb4 i_6FIA J_x D_F r_P\">\n<div class=\"en_0\">\n<div class=\"D_F u_e69\"><span class=\"G_e o_h\">CALENDARIO DE PAGO MAYO_Prensa_AsigPNC<\/span>.png<\/div>\n<div class=\"u_dzD A_6DUj\">12.4kB<\/div>\n<\/div>\n<\/div>\n<\/div>\n<\/li>\n<li class=\"E_6Fd5 Y_6LEV\" data-test-id=\"attachment-tray-list-item\">\n<div class=\"W_3n93F p_R\" data-test-id=\"attachment-item\">\n<div class=\"I_Z1gjdlg k_w H_7yHc p_R o_h\" data-test-id=\"attachment-container\">\n<div class=\"D_F ab_C gl_C H_6D6F\"><img decoding=\"async\" class=\"W_6D6F\" src=\"https:\/\/apis.mail.yahoo.com\/ws\/v3\/mailboxes\/@.id==VjN-xF3I97EHoROgkj6VNCdRQqeA2JymVf7t_dNnS0aDi3s78AREAsRDD7nmdHgvOMaxQGPOCLL4yv1gdpoOBPLlCw\/messages\/@.id==ANcnoPUeT7BYYm5sDgzFiBS709w\/content\/parts\/@.id==3\/thumbnail?appid=YMailNorrin&amp;size=400w&amp;w=400&amp;h=400\" data-test-id=\"attachment-thumbnail\" \/><\/div>\n<\/div>\n<div class=\"A_6Eb4 i_6FIA J_x D_F r_P\">\n<div class=\"en_0\">\n<div class=\"D_F u_e69\"><span class=\"G_e o_h\">CALENDARIO DE PAGO MAYO_Prensa_AsigxEmbarazo<\/span>.png<\/div>\n<div class=\"u_dzD A_6DUj\">13.4kB<\/div>\n<\/div>\n<\/div>\n<\/div>\n<\/li>\n<li class=\"E_6Fd5 Y_6LEV\" data-test-id=\"attachment-tray-list-item\">\n<div class=\"W_3n93F p_R\" data-test-id=\"attachment-item\">\n<div class=\"I_Z1gjdlg k_w H_7yHc p_R o_h\" data-test-id=\"attachment-container\">\n<div class=\"D_F ab_C gl_C H_6D6F\"><img decoding=\"async\" class=\"W_6D6F\" src=\"https:\/\/apis.mail.yahoo.com\/ws\/v3\/mailboxes\/@.id==VjN-xF3I97EHoROgkj6VNCdRQqeA2JymVf7t_dNnS0aDi3s78AREAsRDD7nmdHgvOMaxQGPOCLL4yv1gdpoOBPLlCw\/messages\/@.id==ANcnoPUeT7BYYm5sDgzFiBS709w\/content\/parts\/@.id==4\/thumbnail?appid=YMailNorrin&amp;size=400w&amp;w=400&amp;h=400\" data-test-id=\"attachment-thumbnail\" \/><\/div>\n<\/div>\n<div class=\"A_6Eb4 i_6FIA J_x D_F r_P\">\n<div class=\"en_0\">\n<div class=\"D_F u_e69\"><span class=\"G_e o_h\">CALENDARIO DE PAGO MAYO_Prensa_AuhyAaff<\/span>.png<\/div>\n<div class=\"u_dzD A_6DUj\">15.4kB<\/div>\n<\/div>\n<\/div>\n<\/div>\n<\/li>\n<li class=\"E_6Fd5 Y_6LEV\" data-test-id=\"attachment-tray-list-item\">\n<div class=\"W_3n93F p_R\" data-test-id=\"attachment-item\">\n<div class=\"I_Z1gjdlg k_w H_7yHc p_R o_h\" data-test-id=\"attachment-container\">\n<div class=\"D_F ab_C gl_C H_6D6F\"><img decoding=\"async\" class=\"W_6D6F\" src=\"https:\/\/apis.mail.yahoo.com\/ws\/v3\/mailboxes\/@.id==VjN-xF3I97EHoROgkj6VNCdRQqeA2JymVf7t_dNnS0aDi3s78AREAsRDD7nmdHgvOMaxQGPOCLL4yv1gdpoOBPLlCw\/messages\/@.id==ANcnoPUeT7BYYm5sDgzFiBS709w\/content\/parts\/@.id==5\/thumbnail?appid=YMailNorrin&amp;size=400w&amp;w=400&amp;h=400\" data-test-id=\"attachment-thumbnail\" \/><\/div>\n<\/div>\n<div class=\"A_6Eb4 i_6FIA J_x D_F r_P\">\n<div class=\"en_0\">\n<div class=\"D_F u_e69\"><span class=\"G_e o_h\">CALENDARIO DE PAGO MAYO_Prensa_Desempleo<\/span>.png<\/div>\n<div class=\"u_dzD A_6DUj\">12.3kB<\/div>\n<\/div>\n<\/div>\n<\/div>\n<\/li>\n<li class=\"E_6Fd5 Y_6LEV\" data-test-id=\"attachment-tray-list-item\">\n<div class=\"W_3n93F p_R\" data-test-id=\"attachment-item\">\n<div class=\"I_Z1gjdlg k_w H_7yHc p_R o_h\" data-test-id=\"attachment-container\">\n<div class=\"D_F ab_C gl_C H_6D6F\"><img decoding=\"async\" class=\"W_6D6F\" src=\"https:\/\/apis.mail.yahoo.com\/ws\/v3\/mailboxes\/@.id==VjN-xF3I97EHoROgkj6VNCdRQqeA2JymVf7t_dNnS0aDi3s78AREAsRDD7nmdHgvOMaxQGPOCLL4yv1gdpoOBPLlCw\/messages\/@.id==ANcnoPUeT7BYYm5sDgzFiBS709w\/content\/parts\/@.id==6\/thumbnail?appid=YMailNorrin&amp;size=400w&amp;w=400&amp;h=400\" data-test-id=\"attachment-thumbnail\" \/><\/div>\n<\/div>\n<\/div>\n<\/li>\n<\/ul>\n<\/div>\n<\/div>\n<p>&nbsp;<\/p>\n<p style=\"text-align: center;\"><strong>&#8212;&#8212;&#8212;&#8212;&#8212;&#8212;&#8212;&#8212;&#8212;&#8212;&#8212;&#8212;-<\/strong><\/p>\n<div class=\"I_ZkbNhI D_FY W_6D6F\" data-test-id=\"message-view-body\">\n<div class=\"msg-body P_wpofO mq_AS\" data-test-id=\"message-view-body-content\">\n<div class=\"jb_0 X_6MGW N_6Fd5\">\n<div id=\"yiv0848035792\">\n<div>\n<div class=\"I_ZkbNhI D_FY W_6D6F\" data-test-id=\"message-view-body\">\n<div class=\"msg-body P_wpofO mq_AS\" data-test-id=\"message-view-body-content\">\n<div class=\"jb_0 X_6MGW N_6Fd5\">\n<div id=\"yiv4824509233\">\n<div class=\"yiv4824509233WordSection1\">\n<p class=\"yiv4824509233MsoNormal\">ANSES recuerda que contin\u00faa abierta la inscripci\u00f3n todos los d\u00edas, <b>durante las 24 horas<\/b>, para percibir el Refuerzo de Ingresos para trabajadoras y trabajadores informales, de casas particulares, monotributistas sociales y de las categor\u00edas A y B.<b><\/b><\/p>\n<p class=\"yiv4824509233MsoNormal\">\u00a0\u00a0\u00a0\u00a0\u00a0\u00a0\u00a0\u00a0 Jubilados y pensionados no deben inscribirse ya que cobrar\u00e1n el Refuerzo con el calendario de haberes habitual.<\/p>\n<p class=\"yiv4824509233MsoNormal\">Todas y todos los trabajadores sin ingresos formales que se encuentran en condiciones de solicitarlo deber\u00e1n inscribirse a trav\u00e9s del sitio web oficial de la ANSES,<b>\u00a0<\/b><a href=\"http:\/\/www.anses.gob.ar\/\" target=\"_blank\" rel=\"nofollow noopener noreferrer\">www.anses.gob.ar<\/a>\u00a0con CUIL y Clave de la Seguridad Social.<\/p>\n<p class=\"yiv4824509233MsoNormal\"><b>Cabe aclarar que, con el objetivo de prevenir posibles estafas, recordamos que la inscripci\u00f3n es INDIVIDUAL y no requiere de ning\u00fan tipo de intermediario.\u00a0<\/b><\/p>\n<p class=\"yiv4824509233MsoNormal\">Se recuerda que el cobro del refuerzo de ingresos es compatible con la Asignaci\u00f3n Universal por Hijo, la Asignaci\u00f3n por Embarazo para Protecci\u00f3n social, con Potenciar Trabajo, con la Prestaci\u00f3n por Desempleo, becas Progresar, programa Acompa\u00f1ar, con estar inscripto en el Registro Nacional de trabajadores de la Econom\u00eda Popular y con los planes alimentarios provinciales y municipales.<\/p>\n<p class=\"yiv4824509233MsoNormal\">Una vez que las y los solicitantes firmen la Declaraci\u00f3n Jurada, se evaluar\u00e1 su situaci\u00f3n socioecon\u00f3mica a fin de que el refuerzo de ingresos llegue efectivamente a las personas para las cuales se implement\u00f3 esta medida.<\/p>\n<p class=\"yiv4824509233MsoNormal\"><b>CRONOGRAMA DEL PROCESO DE INSCRIPCI\u00d3N<\/b><\/p>\n<p class=\"yiv4824509233MsoNormal\"><b>21 de abril<\/b>: Inicio de inscripci\u00f3n &#8211; Actualizaci\u00f3n de datos en mi ANSES<\/p>\n<p class=\"yiv4824509233MsoNormal\"><b>28 de abril:<\/b>\u00a0Se completa la inscripci\u00f3n con la solicitud del Refuerzo, aceptaci\u00f3n de DDJJ y carga del CBU.<\/p>\n<p class=\"yiv4824509233MsoNormal\"><b>5 de mayo:<\/b>\u00a0Desde esta fecha, la persona se entera si tiene derecho al cobro.<\/p>\n<p class=\"yiv4824509233MsoNormal\"><b>19 de mayo:<\/b>\u00a0Se comienza a pagar el Refuerzo de Ingresos<\/p>\n<p class=\"yiv4824509233MsoNormal\">Para m\u00e1s informaci\u00f3n sobre la inscripci\u00f3n, ingresar\u00a0<a href=\"https:\/\/www.anses.gob.ar\/refuerzo-de-ingresos-para-un-crecimiento-con-inclusion\" target=\"_blank\" rel=\"nofollow noopener noreferrer\">aqu\u00ed<\/a>.<\/p>\n<p class=\"yiv4824509233MsoNormal\"><a href=\"http:\/\/www.anses.gob.ar\/\" target=\"_blank\" rel=\"nofollow noopener noreferrer\"><b>www.anses.gob.ar<\/b><\/a><\/p>\n<p class=\"yiv4824509233MsoNormal\">\n<\/div>\n<\/div>\n<\/div>\n<\/div>\n<div class=\"jb_0 X_6MGW N_6Fd5\">\n<div class=\"P_0 je_fq7\">\n<div class=\"W_3n93F p_R\" data-test-id=\"attachment-item\">\n<div class=\"I_Z1gjdlg k_w H_7yHc p_R o_h\" data-test-id=\"attachment-container\">\n<div class=\"D_F ab_C gl_C H_6D6F\"><\/div>\n<\/div>\n<div class=\"A_6Eb4 i_6FIA J_x D_F r_P\"><\/div>\n<\/div>\n<\/div>\n<\/div>\n<\/div>\n<div class=\"H_7jIs D_F ab_C Q_69H5 E_36RhU\" data-test-id=\"toolbar-hover-area\">\n<div class=\"D_F W_6D6F r_BN gl_C\" data-test-id=\"card-toolbar\"><\/div>\n<\/div>\n<\/div>\n<div><\/div>\n<div><\/div>\n<div><\/div>\n<div><\/div>\n<div><\/div>\n<div class=\"yiv0848035792WordSection1\">&#8212;&#8212;&#8212;&#8212;&#8212;&#8212;&#8212;&#8212;&#8212;&#8212;&#8212;&#8212;&#8212;&#8212;&#8212;<\/div>\n<div><strong>BANCOS QUE NO EXIJEN FE DE VIDA<\/strong><\/div>\n<div><\/div>\n<div><\/div>\n<div class=\"yiv0848035792WordSection1\">Este 22 de abril, contin\u00faa el calendario de pagos de jubilaciones y pensiones menores a 36.676 pesos con DNI terminados en <b>9<\/b>.<\/div>\n<div class=\"yiv0848035792WordSection1\">\n<p>&nbsp;<\/p>\n<p class=\"yiv0848035792MsoNormal\"><b>LAS SIGUIENTES ENTIDADES BANCARIAS NO EXIGEN FE DE VIDA:\u00a0<\/b>Banco Naci\u00f3n &#8211; Banco de la Provincia de Buenos Aires &#8211; Banco de C\u00f3rdoba &#8211; Banco de La Pampa.<\/p>\n<p class=\"yiv0848035792MsoNormal\">El resto de las entidades bancarias pagadoras de haberes previsionales controlan la Fe de Vida a trav\u00e9s de distintas posibilidades como una compra mensual con Tarjeta de D\u00e9bito o Cr\u00e9dito del jubilado o pensionado, con aplicaciones m\u00f3viles y, en el caso de que el jubilado o pensionado lo desee, tambi\u00e9n puede hacerlo en forma presencial.<\/p>\n<p class=\"yiv0848035792MsoNormal\"><b>Se recuerda que el cambio de boca de pago es libre y puede realizarse en la oficina de ANSES m\u00e1s cercana al domicilio.<\/b><\/p>\n<\/div>\n<\/div>\n<\/div>\n<p class=\"yiv0848035792MsoNormal\"><a href=\"http:\/\/www.anses.gob.ar\/\" target=\"_blank\" rel=\"nofollow noopener noreferrer\"><b>www.anses.gob.ar<\/b><\/a><\/p>\n<div class=\"jb_0 X_6MGW N_6Fd5\">\n<div id=\"yiv0848035792\">\n<div class=\"yiv0848035792WordSection1\">\n<p class=\"yiv0848035792MsoNormal\">\n<\/div>\n<\/div>\n<\/div>\n<\/div>\n<\/div>\n<p><!--more--><\/p>\n<p class=\"yiv5930638769MsoNormal\" align=\"center\"><b>&#8212;&#8212;&#8212;&#8212;&#8212;&#8212;&#8212;&#8212;&#8212;&#8212;&#8212;&#8212;&#8212;&#8212;<\/b><\/p>\n<p class=\"yiv5930638769MsoNormal\" align=\"center\"><b>RAVERTA DESTAC\u00d3 LA DECISI\u00d3N DEL BANCO NACI\u00d3N DE NO<\/b><\/p>\n<p class=\"yiv5930638769MsoNormal\" align=\"center\"><b>PEDIR M\u00c1S LA FE DE VIDA A LAS Y LOS JUBILADOS<\/b><\/p>\n<p class=\"yiv5930638769MsoNormal\">Tras reunirse con el presidente del Banco de la Naci\u00f3n Argentina (BNA),\u00a0<b>Eduardo Hecker<\/b>, la directora ejecutiva de ANSES,\u00a0<b>Fernanda Raverta<\/b>, destac\u00f3 la decisi\u00f3n tomada por el titular del BNA para que los jubilados y pensionados de ANSES que cobran sus haberes en dicha entidad, ya no deban realizar ning\u00fan tr\u00e1mite para acreditar la Fe de Vida.<\/p>\n<p class=\"yiv5930638769MsoNormal\">Al respecto, la titular de la ANSES se\u00f1al\u00f3: &#8220;<i>Todos sabemos de la importancia que tiene el Banco Naci\u00f3n en nuestro pa\u00eds, acompa\u00f1ando a las y los argentinos en cada rinc\u00f3n de la Argentina, por lo cual, esta medida es de suma importancia ya que ahora todas y todos los jubilados que cobran sus haberes all\u00ed lo podr\u00e1n hacer sin la necesidad de tener que realizar ning\u00fan tr\u00e1mite para acreditar la fe de vida<\/i>&#8220;.<\/p>\n<p class=\"yiv5930638769MsoNormal\">&#8220;<i>Toda simplificaci\u00f3n de los tr\u00e1mites tiene un efecto muy positivo, por lo que esta medida del Banco Naci\u00f3n la tomamos como una muy buena noticia<\/i>&#8220;, agreg\u00f3 la directora ejecutiva.<\/p>\n<p class=\"yiv5930638769MsoNormal\">\u00a0Asimismo, el titular del BNA sostuvo que \u201c<i>el Banco Naci\u00f3n llega a millones de beneficiarios que se encuentran en todos los rincones del pa\u00eds. Tomamos esta medida para facilitarle la vida cotidiana a las y los jubilados, que perciben sus ingresos en las distintas sucursales del Banco<\/i>\u201d.<\/p>\n<p class=\"yiv5930638769MsoNormal\">\u201c<i>Esta decisi\u00f3n forma parte de las pol\u00edticas de mejoras continuas que implement\u00f3 nuestra instituci\u00f3n, para mejorar la calidad de atenci\u00f3n a nuestros usuarios y, en particular, a los que reciben los beneficios de ANSES<\/i>\u201d, concluy\u00f3\u00a0<b>Hecker<\/b>.<\/p>\n<p>&nbsp;<\/p>\n<div class=\"msg-body P_wpofO mq_AS\" data-test-id=\"message-view-body-content\">\n<div class=\"jb_0 X_6MGW N_6Fd5\">\n<div id=\"yiv5937608600\">\n<div class=\"yiv5937608600WordSection1\">\n<div class=\"msg-body P_wpofO mq_AS\" data-test-id=\"message-view-body-content\">\n<div class=\"jb_0 X_6MGW N_6Fd5\">\n<div id=\"yiv3959453485\">\n<div class=\"yiv3959453485WordSection1\">\n<div class=\"msg-body P_wpofO mq_AS\" data-test-id=\"message-view-body-content\">\n<div class=\"jb_0 X_6MGW N_6Fd5\">\n<div class=\"\">\n<div>\n<div class=\"qtd-body\">\n<div id=\"yiv6752964561yqtfd99897\" class=\"yiv6752964561yqt0663161689\">\n<div class=\"I_52qC D_FY W_6D6F\" data-test-id=\"message-view-body\">\n<div class=\"msg-body P_wpofO mq_AS\" data-test-id=\"message-view-body-content\">\n<div class=\"jb_0 X_6MGW N_6Fd5\">\n<div id=\"yiv8412454945\">\n<div class=\"yiv8412454945WordSection1\">\n<div class=\"I_52qC D_FY W_6D6F\" data-test-id=\"message-view-body\">\n<div class=\"msg-body P_wpofO mq_AS\" data-test-id=\"message-view-body-content\">\n<div class=\"jb_0 X_6MGW N_6Fd5\">\n<div id=\"yiv6965799346\">\n<div class=\"yiv6965799346WordSection1\">\n<p class=\"yiv6965799346MsoNormal\"><strong>&#8212;&#8212;&#8212;&#8212;&#8212;&#8212;&#8212;&#8212;&#8212;&#8212;&#8212;&#8212;&#8212;&#8212;-<\/strong><\/p>\n<p class=\"yiv6965799346MsoNormal\"><strong>ANSES inform\u00f3 que el lunes 11 de abril <\/strong>se inici\u00f3 el calendario de pagos de la Asignaci\u00f3n por Embarazo para la Protecci\u00f3n Social.<\/p>\n<p class=\"yiv6965799346MsoNormal\">Asimismo, el mismo d\u00eda tambi\u00e9n comenz\u00f3 el pago de las becas Progresar, por las cuales ANSES y el Ministerio de Educaci\u00f3n garantizan el derecho de terminar los estudios a todas y todos los j\u00f3venes del pa\u00eds.<\/p>\n<\/div>\n<\/div>\n<\/div>\n<\/div>\n<\/div>\n<\/div>\n<p><img loading=\"lazy\" decoding=\"async\" class=\"aligncenter size-full wp-image-15722\" src=\"https:\/\/revistaepocadigital.com.ar\/wp-content\/uploads\/2022\/04\/thumbnail.jpg\" alt=\"\" width=\"283\" height=\"283\" srcset=\"https:\/\/revistaepocadigital.com.ar\/wp-content\/uploads\/2022\/04\/thumbnail.jpg 283w, https:\/\/revistaepocadigital.com.ar\/wp-content\/uploads\/2022\/04\/thumbnail-150x150.jpg 150w\" sizes=\"auto, (max-width: 283px) 100vw, 283px\" \/><\/p>\n<div class=\"yiv8412454945WordSection1\">\n<div class=\"I_52qC D_FY W_6D6F\" data-test-id=\"message-view-body\">\n<div class=\"msg-body P_wpofO mq_AS\" data-test-id=\"message-view-body-content\">\n<div class=\"jb_0 X_6MGW N_6Fd5\">\n<div>\n<div id=\"yiv6965799346\">\n<div>\n<div class=\"yiv6965799346WordSection1\">\n<p align=\"right\"><img loading=\"lazy\" decoding=\"async\" class=\"aligncenter size-full wp-image-15723\" src=\"https:\/\/revistaepocadigital.com.ar\/wp-content\/uploads\/2022\/04\/thumbnail-1.jpg\" alt=\"\" width=\"283\" height=\"283\" srcset=\"https:\/\/revistaepocadigital.com.ar\/wp-content\/uploads\/2022\/04\/thumbnail-1.jpg 283w, https:\/\/revistaepocadigital.com.ar\/wp-content\/uploads\/2022\/04\/thumbnail-1-150x150.jpg 150w\" sizes=\"auto, (max-width: 283px) 100vw, 283px\" \/><\/p>\n<p align=\"right\"><strong><a href=\"http:\/\/www.anses.gob.ar\/\" target=\"_blank\" rel=\"nofollow noopener noreferrer\"><b>www.anses.gob.ar<\/b><\/a><\/strong><\/p>\n<p class=\"yiv6965799346MsoNormal\">\n<\/div>\n<\/div>\n<\/div>\n<\/div>\n<p class=\"yiv8412454945MsoNormal\" align=\"center\"><b>&#8230;&#8230;&#8230;&#8230;&#8230;&#8230;&#8230;&#8230;&#8230;&#8230;&#8230;&#8230;..<\/b><\/p>\n<p align=\"center\"><strong>FE DE VIDA. FIJATE<\/strong><\/p>\n<\/div>\n<\/div>\n<\/div>\n<\/div>\n<\/div>\n<\/div>\n<\/div>\n<\/div>\n<\/div>\n<\/div>\n<\/div>\n<\/div>\n<\/div>\n<\/div>\n<\/div>\n<\/div>\n<p class=\"yiv7780074760MsoNormal\">Hoy contin\u00faa el calendario de pagos de jubilaciones y pensiones menores a 36.676 pesos con DNI terminados en\u00a0<b>2<\/b>.<\/p>\n<p class=\"yiv7780074760MsoNormal\"><b>LAS SIGUIENTES ENTIDADES BANCARIAS NO EXIGEN FE DE VIDA:\u00a0<\/b>Banco Naci\u00f3n &#8211; Banco de la Provincia de Buenos Aires &#8211; Banco de C\u00f3rdoba &#8211; Banco de La Pampa.<\/p>\n<p class=\"yiv7780074760MsoNormal\">El resto de las entidades bancarias pagadoras de haberes previsionales controlan la Fe de Vida a trav\u00e9s de distintas posibilidades como una compra mensual con Tarjeta de D\u00e9bito o Cr\u00e9dito del jubilado o pensionado, con aplicaciones m\u00f3viles y, en el caso de que el jubilado o pensionado lo desee, tambi\u00e9n puede hacerlo en forma presencial.<\/p>\n<p class=\"yiv7780074760MsoNormal\"><b>Se recuerda que el cambio de boca de pago es libre y puede realizarse en la oficina de ANSES m\u00e1s cercana al domicilio.<\/b><\/p>\n<div id=\"yiv3959453485\">\n<div class=\"yiv3959453485WordSection1\">\n<div class=\"msg-body P_wpofO mq_AS\" data-test-id=\"message-view-body-content\">\n<div class=\"jb_0 X_6MGW N_6Fd5\">\n<div class=\"\">\n<div>\n<div class=\"qtd-body\">\n<div id=\"yiv6752964561yqtfd99897\" class=\"yiv6752964561yqt0663161689\">\n<div class=\"I_52qC D_FY W_6D6F\" data-test-id=\"message-view-body\">\n<div class=\"msg-body P_wpofO mq_AS\" data-test-id=\"message-view-body-content\">\n<div class=\"jb_0 X_6MGW N_6Fd5\">\n<div id=\"yiv8412454945\">\n<div class=\"yiv8412454945WordSection1\">\n<div class=\"I_52qC D_FY W_6D6F\" data-test-id=\"message-view-body\">\n<div class=\"msg-body P_wpofO mq_AS\" data-test-id=\"message-view-body-content\">\n<div class=\"jb_0 X_6MGW N_6Fd5\">\n<p class=\"yiv8412454945MsoNormal\" style=\"text-align: center;\"><strong>&#8212;&#8212;&#8212;&#8212;&#8212;&#8212;&#8212;&#8212;&#8212;&#8212;&#8212;&#8211;<\/strong><\/p>\n<\/div>\n<\/div>\n<\/div>\n<\/div>\n<div class=\"jb_0 X_6MGW N_6Fd5\"><\/div>\n<\/div>\n<div class=\"H_7jIs D_F ab_C Q_69H5 E_36RhU\" data-test-id=\"toolbar-hover-area\">\n<div class=\"D_F W_6D6F r_BN gl_C\" style=\"text-align: center;\" data-test-id=\"card-toolbar\"><strong>PAGOS EN ABRIL<\/strong><\/div>\n<\/div>\n<p>&nbsp;<\/p>\n<p><strong>ANSES informa el calendario de pagos del mes de <\/strong><strong>abril<\/strong><strong> para jubilados, jubiladas, pensionados y pensionadas, Pensiones No Contributivas, titulares de la Asignaci\u00f3n Universal por Hijo y la Asignaci\u00f3n por Embarazo, Asignaciones Familiares y de Pago \u00danico (Matrimonio, Nacimiento y Adopci\u00f3n) y Prestaci\u00f3n por Desempleo.<br \/>\n<\/strong><\/p>\n<\/div>\n<\/div>\n<\/div>\n<p><img loading=\"lazy\" decoding=\"async\" class=\"aligncenter size-full wp-image-15623\" src=\"https:\/\/revistaepocadigital.com.ar\/wp-content\/uploads\/2022\/03\/thumbnail.jpg11.jpg\" alt=\"\" width=\"755\" height=\"170\" \/><\/p>\n<div>\n<div class=\"qtd-body\">\n<div id=\"yiv6752964561yqtfd99897\" class=\"yiv6752964561yqt0663161689\">\n<p><img loading=\"lazy\" decoding=\"async\" class=\"alignleft size-full wp-image-15578\" src=\"https:\/\/revistaepocadigital.com.ar\/wp-content\/uploads\/2022\/03\/thumbnail-2.jpg\" alt=\"\" width=\"755\" height=\"170\" srcset=\"https:\/\/revistaepocadigital.com.ar\/wp-content\/uploads\/2022\/03\/thumbnail-2.jpg 755w, https:\/\/revistaepocadigital.com.ar\/wp-content\/uploads\/2022\/03\/thumbnail-2-300x68.jpg 300w, https:\/\/revistaepocadigital.com.ar\/wp-content\/uploads\/2022\/03\/thumbnail-2-696x157.jpg 696w\" sizes=\"auto, (max-width: 755px) 100vw, 755px\" \/><\/p>\n<p align=\"right\"><a href=\"http:\/\/www.anses.gob.ar\/\" target=\"_blank\" rel=\"nofollow noopener noreferrer\" shape=\"rect\"><b>www.anses.gob.ar<\/b><\/a><\/p>\n<p class=\"yiv6752964561MsoNormal\"><img loading=\"lazy\" decoding=\"async\" class=\"aligncenter size-full wp-image-15624\" src=\"https:\/\/revistaepocadigital.com.ar\/wp-content\/uploads\/2022\/03\/thumbnail.jpg22.jpg\" alt=\"\" width=\"890\" height=\"200\" \/><\/p>\n<\/div>\n<\/div>\n<div class=\"yiv6752964561yqt0663161689\"><img loading=\"lazy\" decoding=\"async\" class=\"aligncenter size-full wp-image-15625\" src=\"https:\/\/revistaepocadigital.com.ar\/wp-content\/uploads\/2022\/03\/thumbnail.jpg33.jpg\" alt=\"\" width=\"890\" height=\"200\" \/><\/div>\n<\/div>\n<\/div>\n<\/div>\n<\/div>\n<div class=\"jb_0 X_6MGW N_6Fd5\">\n<div><img loading=\"lazy\" decoding=\"async\" class=\"aligncenter size-full wp-image-15626\" src=\"https:\/\/revistaepocadigital.com.ar\/wp-content\/uploads\/2022\/03\/thumbnail.jpg44.jpg\" alt=\"\" width=\"890\" height=\"200\" \/><\/div>\n<div><\/div>\n<div class=\"P_0 je_fq7\"><\/div>\n<\/div>\n<\/div>\n<\/div>\n<\/div>\n<\/div>\n<p class=\"yiv3750003339MsoNormal\"><strong>&#8212;&#8212;&#8212;&#8212;&#8212;&#8212;&#8212;&#8212;&#8212;&#8212;&#8212;&#8212;&#8212;&#8212;&#8212;&#8212;&#8212;&#8212;&#8212;&#8212;&#8212;<\/strong><\/p>\n<\/div>\n<\/div>\n<\/div>\n<\/div>\n<p class=\"yiv8231781449MsoNormal\"><span class=\"yiv8231781449Ttulo1Car\">Se pagan las Asignaciones Familiares y el Complemento al Salario Familiar<\/span><\/p>\n<p class=\"yiv8231781449MsoNormal\"><span class=\"yiv8231781449Ttulo1Car\">\u00a0<\/span><\/p>\n<p class=\"yiv8231781449MsoNormal\" align=\"center\"><strong><span class=\"yiv8231781449Ttulo1Car\">M\u00c1S DE 900 MIL NI\u00d1OS Y ADOLESCENTES INCOPORADODS AL PAGO DE ASIGNACIONES FAMILIARES<\/span><\/strong><\/p>\n<p class=\"yiv8231781449MsoNormal\" align=\"center\"><span class=\"yiv8231781449Ttulo1Car\">\u00a0<\/span><\/p>\n<p class=\"yiv8231781449MsoNormal\"><span class=\"yiv8231781449Ttulo1Car\">ANSES informa que se incrementa el tope de ingreso del grupo familiar (IGF) as\u00ed como el ingreso individual para percibir las Asignaciones Familiares. De esta manera, m\u00e1s de 900 mil ni\u00f1as, ni\u00f1os y adolescentes de m\u00e1s de 600 mil familias se suman al Sistema de Asignaciones Familiares que comenzaron a abonarse (9\/3).<\/span><\/p>\n<p class=\"yiv8231781449MsoNormal\"><span class=\"yiv8231781449Ttulo1Car\">El tope del IGF que era de 210.278 pesos pasa a 316.731 pesos y del individual, de 105.139 a 158.366 pesos. Este se actualiza seg\u00fan la evoluci\u00f3n de la Remuneraci\u00f3n Imponible Promedio de los Trabajadores Estables (RIPTE) entre octubre de los dos a\u00f1os anteriores inmediatos, en este caso, entre la variaci\u00f3n de octubre de 2021 respecto al de 2020 (50,62 por ciento).<\/span><\/p>\n<p class=\"yiv8231781449MsoNormal\"><span class=\"yiv8231781449Ttulo1Car\">Asimismo, al aumentar los topes familiares e individuales, crece la cantidad de chicas y chicos que perciben el Complemento Mensual del Salario Familiar, por lo que este mes superan los 3,3 millones correspondientes a casi 2,2 millones de familias, los valores m\u00e1s altos desde su creaci\u00f3n en octubre de 2021. Esto implica, respecto del mes anterior, un aumento de m\u00e1s de 500 mil ni\u00f1as, ni\u00f1os y adolescentes de casi 400 mil familias.<\/span><\/p>\n<p class=\"yiv8231781449MsoNormal\"><span class=\"yiv8231781449Ttulo1Car\">Entre la asignaci\u00f3n y el complemento mensual, un hogar con ingresos hasta 98.756 pesos (Rango I) percibe 10.126 pesos por cada hija e hijo mientras que los hogares con ingresos entre 98.756 y 144.838 pesos (Rango II) reciben 6830 pesos por cada hija e hijo.<\/span><\/p>\n<p class=\"yiv8231781449MsoNormal\"><span class=\"yiv8231781449Ttulo1Car\">\u00a0<\/span><\/p>\n<hr \/>\n<div>\n<div class=\"I_52qC D_FY W_6D6F\" data-test-id=\"message-view-body\">\n<div class=\"msg-body P_wpofO mq_AS\" data-test-id=\"message-view-body-content\">\n<div class=\"jb_0 X_6MGW N_6Fd5\">\n<div id=\"yiv0357571231\">\n<div class=\"yiv0357571231WordSection1\">\n<div class=\"msg-body P_wpofO mq_AS\" data-test-id=\"message-view-body-content\">\n<div class=\"jb_0 X_6MGW N_6Fd5\">\n<div id=\"yiv1423566385\">\n<div class=\"yiv1423566385WordSection1\">\n<p style=\"text-align: left;\" align=\"center\"><b><span style=\"font-family: Arial; font-size: x-large;\">MEJORES CONDICIONES PARA ACCEDER A LA JUBILACI\u00d3N ANTICIPADA.<\/span><\/b><\/p>\n<p><span style=\"font-family: Arial; font-size: large;\">A partir la Resoluci\u00f3n 2\/2022, publicada en el Bolet\u00edn Oficial (24\/2), se mejoran las posibilidades de acceder a la Jubilaci\u00f3n Anticipada, ya que se empezar\u00e1n a reconocer los per\u00edodos de licencia por maternidad, el tiempo en que se haya percibido la prestaci\u00f3n por desempleo y los pagos de moratoria hasta el 30 de junio de 2021.<\/span><\/p>\n<p><i><span style=\"font-family: Arial; font-size: large;\">&#8220;Esta ampliaci\u00f3n de la Jubilaci\u00f3n Anticipada para argentinas y argentinos que aportaron toda su vida es un paso m\u00e1s que damos para extender el acceso a la Seguridad Social. En esos momentos en los que el mercado laboral les da la espalda, desde el Estado nacional garantizamos m\u00e1s y mejores derechos, estamos presentes y los acompa\u00f1amos despu\u00e9s de toda una vida de trabajo&#8221;,<\/span><\/i><span style=\"font-family: Arial; font-size: large;\">\u00a0expres\u00f3 la directora ejecutiva de ANSES,\u00a0Fernanda Raverta.<\/span><\/p>\n<p><span style=\"font-family: Arial; font-size: large;\">La Jubilaci\u00f3n Anticipada se comenz\u00f3 a implementar en el mes de octubre de 2021 y estar\u00e1 vigente por dos a\u00f1os. Hasta el momento ya hay iniciados 15 mil tr\u00e1mites de Jubilaci\u00f3n Anticipada y, en el mes de febrero, ya cobraron m\u00e1s de 8800 personas su prestaci\u00f3n.<\/span><\/p>\n<p><span style=\"font-family: Arial; font-size: large;\">Es importante recordar que la Jubilaci\u00f3n Anticipada est\u00e1 destinada a mujeres entre 55 y 59 a\u00f1os y varones entre 60 y 64 que se encontraran en situaci\u00f3n de desempleo al 30 de junio de 2021 y que ya contaran con los 30 a\u00f1os de servicios con aporte. M\u00e1s de la mitad de las personas en esta situaci\u00f3n, hab\u00eda sido despedida durante el per\u00edodo 2016-2019.<\/span><\/p>\n<p><span style=\"font-family: Arial; font-size: large;\">La Jubilaci\u00f3n Anticipada otorga un haber del 80 por ciento del que le corresponder\u00e1 a la persona al momento de alcanzar la edad de retiro (60 las mujeres y 65 los varones). En ese momento, la Prestaci\u00f3n Anticipada se convertir\u00e1 de manera autom\u00e1tica en una jubilaci\u00f3n al 100 por ciento. En el mes de febrero el haber promedio de las personas que ya lograron acceder a la Jubilaci\u00f3n Anticipada fue de 81.637 pesos.<\/span><\/p>\n<p>&nbsp;<\/p>\n<p style=\"text-align: center;\"><strong>&#8212;&#8212;&#8212;&#8212;&#8212;&#8212;&#8212;&#8212;&#8212;&#8212;&#8212;&#8212;-<\/strong><\/p>\n<p class=\"yiv1189431300MsoNormal\"><strong><span style=\"font-family: Arial; font-size: large;\">CON TURNOS PROGRAMADOS.<\/span><\/strong><\/p>\n<p class=\"yiv1189431300MsoNormal\"><span style=\"font-family: Arial; font-size: large;\">Las oficinas de ANSES mantienen con normalidad su horario de atenci\u00f3n al p\u00fablico con turnos programados.<\/span><\/p>\n<p class=\"yiv1189431300MsoNormal\"><span style=\"font-family: Arial; font-size: large;\">Por otra parte, en el caso de otra ola de calor, ANSES recomend\u00f3 utilizar la tarjeta de d\u00e9bito para realizar extracciones en cajeros autom\u00e1ticos, y evitar hacer colas en el horario bancario.<\/span><\/p>\n<p class=\"yiv1189431300MsoNormal\"><span style=\"font-family: Arial; font-size: large;\">Durante enero y febrero ha reforzado la atenci\u00f3n con m\u00e1s de 500 operativos de las Unidades M\u00f3viles del organismo en la costa atl\u00e1ntica, centros tur\u00edsticos y en todas las provincias del pa\u00eds.<\/span><\/p>\n<p>&nbsp;<\/p>\n<\/div>\n<\/div>\n<\/div>\n<\/div>\n<\/div>\n<\/div>\n<\/div>\n<\/div>\n<div class=\"jb_0 X_6MGW N_6Fd5\">\n<div style=\"text-align: center;\"><strong>&#8212;&#8212;&#8212;&#8212;&#8212;&#8212;&#8212;&#8212;&#8212;&#8212;&#8212;&#8212;&#8212;&#8212;&#8212;&#8212;&#8212;&#8212;&#8212;&#8212;&#8212;&#8212;&#8212;&#8212;&#8212;-<\/strong><\/div>\n<\/div>\n<\/div>\n<\/div>\n<div><\/div>\n<div><strong>ANSES Y LA CAME ARTICULARON POL\u00cdTICAS PARA INCENTIVAR EL CONSUMO INTERNO<\/strong><\/div>\n<div><\/div>\n<div class=\"msg-body P_wpofO mq_AS\" data-test-id=\"message-view-body-content\">\n<div class=\"jb_0 X_6MGW N_6Fd5\">\n<div id=\"yiv0892937419\">\n<div id=\"mail-app-container\" data-reactroot=\"\">\n<div class=\"pointer-mode H_6D6F\">\n<div class=\"D_F ek_BB H_6D6F aw_2941hk ba_10I1Qt az_oOItw ay_Z1nkUQx I_kt4zd\">\n<div id=\"app\" class=\"D_F ek_BB H_6D6F cZ1RN91d_n s_1HCsWR aw_Z22yhkg I_kt4zd az_DW ba_Z2gmOa3 ay_Z1cYiMT c2hBT4u_Zm6i39 cZTwBjO_Zdogtk\" tabindex=\"-1\" data-test-id=\"mail-app\">\n<div class=\"I_ZnwrMC D_F em_N o_h W_6D6F H_6D6F\" data-test-id=\"content-area\">\n<div class=\"D_F em_N o_h s_1HCsWR\" data-test-id=\"content-below-tabs\">\n<div id=\"mail-app-component-container\" class=\"D_F em_N ej_eUh o_h\">\n<div id=\"mail-app-component\" class=\"em_N gl_C I_52qC j_ZlOSbd o_h p_R D_F s_e5X x_Z14vXdP\" data-yaft-module=\"norrin_main\" data-test-id=\"mail-app-component\">\n<div class=\"D_F ek_BB p_a Z_0 L_0 R_0 T_0 B_0 cZ1RN91d_GG I_ZnwrMC\" data-test-id=\"message-group-view\">\n<div class=\"iz_A I_52qC em_0 Z_0\" role=\"main\" data-test-id=\"message-group-view-scroller\" aria-label=\"Vista de mensajes\">\n<div data-test-id=\"focus-group\" aria-label=\"Grupo de navegaci\u00f3n del teclado. Usa las flechas para navegar o el tabulador para pasar al siguiente grupo.\">\n<div class=\"p_R b_2w4l8N I_52qC em_N it_689y X_fq7 N_6LEV iu_FJ is_Z2bg7IA iv_0 iv3_dRA cZdTOHS_28Otf4 j_ZlOSbd message-view\" tabindex=\"40\" data-test-id=\"message-view\" data-test-expanded=\"true\" data-iskeynav=\"true\">\n<div data-test-id=\"message-body-container\">\n<div class=\"I_52qC D_FY W_6D6F\" data-test-id=\"message-view-body\">\n<div class=\"msg-body P_wpofO mq_AS\" data-test-id=\"message-view-body-content\">\n<div class=\"jb_0 X_6MGW N_6Fd5\">\n<div id=\"yiv3899771123\">\n<div dir=\"ltr\">\n<div class=\"yiv3899771123WordSection1\">\n<p class=\"yiv3899771123MsoNormal\">La directora ejecutiva de ANSES,\u00a0Fernanda Raverta\u00a0y el presidente de la C\u00e1mara representante de la Mediana Empresa (CAME),\u00a0Alfredo Gonz\u00e1lez, evaluaron el impacto que est\u00e1 teniendo el programa<i>\u00a0Beneficios ANSES<\/i>\u00a0y anunciaron su ampliaci\u00f3n para el verano.<\/p>\n<p class=\"yiv3899771123MsoNormal\">\u201c<i>El programa de Beneficios ANSES tiene que ver con pensar en una Argentina donde a todas y todos nos pueda ir mejor. Si a un comercio le va mejor y vende m\u00e1s, hay nuevos puestos de trabajo, si hay m\u00e1s trabajo hay una mayor recaudaci\u00f3n y por lo tanto podremos lograr mejores jubilaciones<\/i>\u201d, indic\u00f3\u00a0Raverta\u00a0en la sede central de CAME, donde destac\u00f3 la articulaci\u00f3n entre el organismo previsional y la C\u00e1mara.<\/p>\n<\/div>\n<p><img loading=\"lazy\" decoding=\"async\" class=\"aligncenter size-full wp-image-14128\" src=\"https:\/\/revistaepocadigital.com.ar\/wp-content\/uploads\/2021\/12\/ANSES_CAME_4.jpeg\" alt=\"\" width=\"576\" height=\"384\" srcset=\"https:\/\/revistaepocadigital.com.ar\/wp-content\/uploads\/2021\/12\/ANSES_CAME_4.jpeg 576w, https:\/\/revistaepocadigital.com.ar\/wp-content\/uploads\/2021\/12\/ANSES_CAME_4-300x200.jpeg 300w\" sizes=\"auto, (max-width: 576px) 100vw, 576px\" \/><\/p>\n<div class=\"yiv3899771123WordSection1\">\n<p class=\"yiv3899771123MsoNormal\">Por su parte,\u00a0Gonz\u00e1lez\u00a0convoc\u00f3 a \u201c<i>continuar articulando nuevas estrategias de acciones de negocio en conjunto entre la ANSES y CAME, para seguir generando consumo interno y as\u00ed seguir fortaleciendo a las Pymes en nuestro pa\u00eds<\/i>\u201d.<\/p>\n<p class=\"yiv3899771123MsoNormal\">Tambi\u00e9n estuvo presente el secretario general de ANSES,\u00a0Santiago Fraschina, quien analiz\u00f3 el impacto econ\u00f3mico del programa durante el 2021 y destac\u00f3 que \u201c<i>s\u00f3lo durante el mes de noviembre la ANSES invirti\u00f3 378 mil millones de pesos entre todas sus prestaciones y este dinero termina en el consumo<\/i>\u201d.<\/p>\n<p class=\"yiv3899771123MsoNormal\">En tal sentido, se\u00f1al\u00f3: \u201c<i>Queremos que ese consumo est\u00e9 dirigido al peque\u00f1o y mediano comerciante y este es un programa que va en este sentido. Este a\u00f1o logramos un salto cualitativo en la adhesi\u00f3n de comercios al programa de Beneficios ANSES al totalizar 8167 puntos de venta a lo largo de todo el pa\u00eds<\/i>\u201d.<\/p>\n<p class=\"yiv3899771123MsoNormal\">Finalmente, la coordinadora Comercial de Programas Estrat\u00e9gicos de ANSES,\u00a0Gabriela Cortes, afirm\u00f3 que \u201c<i>desde el mes de mayo de 2020 el programa comenz\u00f3 a ser parte de un conjunto de pol\u00edticas p\u00fablicas que apuntan a fortalecer las econom\u00edas locales<\/i>\u201d. Y destac\u00f3: \u201c<i>Para poder llegar a cada rinc\u00f3n del pa\u00eds coordinamos con los municipios y las c\u00e1maras de comercio locales, e hicimos un desarrollo importante en la web del programa, en donde las personas pueden usar el localizador para encontrar a cada comercio adherido<\/i>\u201d.<\/p>\n<p class=\"yiv3899771123MsoNormal\">De esta manera, en v\u00edsperas del comienzo de la temporada estival, se present\u00f3 el\u00a0<i>Beneficios ANSES<\/i>\u00a0<i>Verano<\/i>\u00a0con descuentos en hoteler\u00eda, transporte y esparcimiento en distintos puntos tur\u00edsticos del pa\u00eds.<\/p>\n<p class=\"yiv3899771123MsoNormal\">Particip\u00f3 tambi\u00e9n del encuentro la vicepresidenta de CAME,\u00a0Claudia Fern\u00e1ndez.<\/p>\n<p class=\"yiv3899771123MsoNormal\">Este programa permite que todas aquellas personas titulares de prestaciones accedan a un descuento del 10 por ciento en sus compras todos los d\u00edas lunes usando la tarjeta de d\u00e9bito en comercios adheridos. Son casi 18 millones las personas alcanzadas por\u00a0<i>Beneficios ANSES<\/i>.<\/p>\n<p class=\"yiv3899771123MsoNormal\">Objetivos del programa<\/p>\n<p class=\"yiv3899771123MsoNormal\">\u00b7\u00a0\u00a0\u00a0\u00a0\u00a0\u00a0\u00a0\u00a0Potenciar las ventas de los comercios adheridos.<\/p>\n<p class=\"yiv3899771123MsoNormal\">\u00b7\u00a0\u00a0\u00a0\u00a0\u00a0\u00a0\u00a0\u00a0Incrementar el poder adquisitivo de las personas titulares de prestaciones, a modo de ingreso indirecto.<\/p>\n<p class=\"yiv3899771123MsoNormal\">\u00b7\u00a0\u00a0\u00a0\u00a0\u00a0\u00a0\u00a0\u00a0Dinamizar y potenciar la econom\u00eda local a trav\u00e9s de la adhesi\u00f3n de comercios de cercan\u00edas, peque\u00f1as y medianas empresas que abarquen todos los rubros comerciales<\/p>\n<\/div>\n<\/div>\n<\/div>\n<\/div>\n<\/div>\n<\/div>\n<\/div>\n<\/div>\n<\/div>\n<\/div>\n<\/div>\n<\/div>\n<\/div>\n<\/div>\n<\/div>\n<\/div>\n<\/div>\n<\/div>\n<\/div>\n<\/div>\n<\/div>\n<\/div>\n<p style=\"text-align: center;\"><strong>&#8212;&#8212;&#8212;&#8212;&#8212;&#8212;&#8212;&#8212;&#8212;&#8212;&#8212;&#8212;&#8212;&#8212;&#8212;&#8212;&#8212;<\/strong><\/p>\n<footer id=\"footer\" class=\"footer\" role=\"contentinfo\">\n<div class=\"footer-bar\">\n<div class=\"col-sm-12\">\n<div class=\"container\">\n<div class=\"col-sm-4 logo\"><\/div>\n<\/div>\n<\/div>\n<\/div>\n<\/footer>\n<div class=\"msg-body P_wpofO mq_AS\" data-test-id=\"message-view-body-content\">\n<div class=\"jb_0 X_6MGW N_6Fd5\">\n<div id=\"yiv9799585958\">\n<div class=\"yiv9799585958WordSection1\">\n<p class=\"yiv9415154492MsoNormal\" align=\"center\"><b>ooooooooooooooooooooooooooooooooo<\/b><\/p>\n<p class=\"yiv9415154492MsoNormal\" align=\"center\"><b>LOS J\u00d3VENES DEL PROGRESAR TENDR\u00c1N UN PLUS PARA ASEGURAR LA CONECTIVIDAD\u00a0<\/b><\/p>\n<p class=\"yiv9415154492MsoNormal\" align=\"center\"><i>La titular de la ANSES Fernanda Raverta y el ministro de Educaci\u00f3n Jaime Perczyk anunciaron que los titulares del Progresar acceder\u00e1n a un plus por conectividad y destacaron que el programa est\u00e1 recuperando los niveles de acompa\u00f1amiento a estudiantes que ten\u00eda en 2015<\/i><\/p>\n<p class=\"yiv9415154492MsoNormal\">A partir del 12 de octubre, un mill\u00f3n de estudiantes comenzaron a recibir mensualmente un plus junto a su beca, sin necesidad de realizar ning\u00fan tr\u00e1mite adicional. Esta medida garantiza que todas las y los j\u00f3venes cuenten con las herramientas necesarias para seguir estudiando.<\/p>\n<p class=\"yiv9415154492MsoNormal\">En la Universidad Nacional de Lomas de Zamora (UNLZ) y acompa\u00f1ada por el ministro de Educaci\u00f3n de la Naci\u00f3n,\u00a0<b>Jaime Perczyk<\/b>, la directora ejecutiva de la ANSES,\u00a0<b>Fernanda Raverta<\/b>\u00a0se\u00f1al\u00f3 que\u00a0<i>&#8220;Desde el primer d\u00eda de gesti\u00f3n del ministro\u00a0<b>Perczyk<\/b>\u00a0nos reunimos para evaluar c\u00f3mo mejorar y profundizar el Progresar que hoy acompa\u00f1a a un mill\u00f3n de j\u00f3venes de toda la Argentina\u201d<\/i>.<\/p>\n<p class=\"yiv9415154492MsoNormal\"><i>&#8220;En ese sentido, y como primera medida decidimos dar soluci\u00f3n a un problema que ten\u00edan muchas chicas y chicos para acceder a la conectividad a internet. Es nuestra prioridad que las y los j\u00f3venes de nuestro pa\u00eds puedan acceder a una educaci\u00f3n de mejor calidad y esta medida va en l\u00ednea con esa meta de gobierno\u201d.<\/i><\/p>\n<p class=\"yiv9415154492MsoNormal\"><i>\u201cEl Progresar es una pol\u00edtica que debemos valorar y profundizar porque iguala las oportunidades de todas las chicas y chicos de nuestro pa\u00eds, generando las condiciones y posibilidades para que puedan continuar y terminar sus estudios. Ese nuestro objetivo\u201d<\/i>, resalt\u00f3.<\/p>\n<p class=\"yiv9415154492MsoNormal\">Por su parte, el titular de la cartera educativa asegur\u00f3 que:\u00a0<i>\u201cNos parece central que haya un mill\u00f3n de chicas y chicos que ya cuentan con las becas Progresar. Hoy el Estado invierte para que todas las y los j\u00f3venes se puedan conectar. Queremos una universidad abierta a todas las y los estudiantes y esta iniciativa es de suma trascendencia para lograrlo<\/i><\/p>\n<p class=\"yiv6866791152MsoNormal\">OOOOOOOOOOOOOOOOOOOOOOOOOOOOO<\/p>\n<p>&nbsp;<\/p>\n<p class=\"yiv6866791152MsoNormal\">La directora ejecutiva de la ANSES,<strong>\u00a0Fernanda Raverta,<\/strong> dio detalles del Complemento Mensual para el Salario Familiar que se pagar\u00e1 a partir de este mes a trabajadores en relaci\u00f3n de dependencia, monotributistas hasta la categor\u00eda D y quienes cobran la Prestaci\u00f3n por Desempleo.<\/p>\n<p class=\"yiv6866791152MsoNormal\">Durante las declaraciones, que fueron realizadas en Radio La Red y El Destape Radio,\u00a0Raverta\u00a0destac\u00f3 que la medida:\u00a0<i>\u201ctiene que ver con una decisi\u00f3n del Presidente de la Naci\u00f3n, de pensar en c\u00f3mo ayudar y acompa\u00f1ar a las familias de los trabajadores asalariados. Ustedes saben que se hace un enorme esfuerzo de complementos alimentarios para las familias que no tienen trabajo registrado con la Tarjeta Alimentar y con la Asignaci\u00f3n Universal por Hijo. Bueno, esta medida es para casi 2 millones de titulares que cobran asignaciones familiares por m\u00e1s de 3 millones de ni\u00f1os, ni\u00f1as y adolescentes\u201d.<\/i><\/p>\n<p class=\"yiv6866791152MsoNormal\">\u201c<i>El primer mes va a ser el de octubre, que va a tener un complemento mensual que, en este caso, va a duplicar la asignaci\u00f3n familiar. Hoy, un trabajador que tiene un hijo y cobra por ingreso familiar hasta 78 mil pesos de salario, es decir un trabajador rango 1, cobra 5063 pesos de asignaci\u00f3n familiar. Bueno, en octubre va a cobrar 10.126 pesos por cada uno de sus hijos\u201d,\u00a0<\/i>detall\u00f3 la directora ejecutiva.<\/p>\n<p class=\"yiv6866791152MsoNormal\"><i>\u201cEsto significa que ninguna de las asignaciones de trabajadores con ingresos familiares hasta 78 mil pesos y monotributistas A, B y C; va a ser menor a 10.126 pesos. Y los del rango 2, que cobran entre 78 mil y 105 mil (monotributo categor\u00eda D) tambi\u00e9n cobrar\u00e1n 6830 pesos\u201d<\/i>, aclar\u00f3 la funcionaria.<\/p>\n<p class=\"yiv6866791152MsoNormal\"><i>\u00a0\u201cEs una excelente noticia para esas familias que est\u00e1n haciendo un esfuerzo enorme, que ponen mucho sacrificio en el esfuerzo de trabajar todos los d\u00edas, de llegar a fin de mes, que la pelean d\u00eda a d\u00eda. Con esta medida lo que hacemos como Estado es acompa\u00f1arlos a\u00fan m\u00e1s\u201d.\u00a0<\/i>Y concluy\u00f3:<i>\u00a0<\/i><i>\u201cSomos un gobierno que cree en la responsabilidad de generar condiciones desde que asumimos la gesti\u00f3n y esta medida tiene que ver con eso, con no negar el esfuerzo individual, pero saber que cuando es acompa\u00f1ado por pol\u00edticas p\u00fablicas que generan condiciones, ese esfuerzo individual alcanza hasta fin de mes, rinde m\u00e1s y acompa\u00f1a el desarrollo de los trabajadores\u201d.<\/i><\/p>\n<p class=\"yiv6866791152MsoNormal\"><b>\u00a0<\/b><\/p>\n<p align=\"center\"><strong>hhhhhhhhhhhhhhhhhhhhhhhhhhhhhhhhhhhh<\/strong><\/p>\n<p class=\"yiv9169132826MsoNormal\" align=\"center\"><i>M\u00e1s de 81 mil argentinas y argentinos lograron acceder a sus jubilaciones y pensiones, durante el mes de septiembre, la cantidad m\u00e1s alta en los \u00faltimos 6 a\u00f1os.<\/i><\/p>\n<p class=\"yiv9169132826MsoNormal\">A trav\u00e9s de sus distintos canales de atenci\u00f3n -presencial y virtual-, el organismo\u00a0<b>realiz\u00f3 1.386.539 tr\u00e1mites<\/b>\u00a0entre jubilaciones, pensiones, Asignaciones Universales y Familiares y otros beneficios.<\/p>\n<p class=\"yiv9169132826MsoNormal\">Al respecto, la directora ejecutiva de la ANSES,\u00a0<b>Fernanda Raverta<\/b>, afirm\u00f3: &#8220;<i>Desde principios de a\u00f1o nos comprometimos a redoblar nuestros esfuerzos para recuperar el tiempo que la pandemia nos hab\u00eda quitado y hoy vemos que ese esfuerzo est\u00e1 dando resultados<\/i>\u201d.<\/p>\n<p class=\"yiv9169132826MsoNormal\">Desde enero, el organismo extendi\u00f3 sus horarios de atenci\u00f3n al p\u00fablico y de trabajo al interior de las oficinas, sumando los d\u00edas s\u00e1bados e implementando operativos m\u00f3viles a lo largo y ancho de todo pa\u00eds.<\/p>\n<p class=\"yiv9169132826MsoNormal\">En la modalidad presencial, la ANSES recibi\u00f3 en sus delegaciones a casi un mill\u00f3n de argentinas y argentinos. Por otra parte, mediante la atenci\u00f3n virtual del organismo, se resolvieron 241.028 tr\u00e1mites.<\/p>\n<p class=\"yiv9169132826MsoNormal\">En este marco,\u00a0<b>Raverta<\/b>\u00a0se\u00f1al\u00f3 que, m\u00e1s all\u00e1 de los n\u00fameros, \u201c<i>detr\u00e1s de cada uno de esos tr\u00e1mites hay familias argentinas que esperan una respuesta del Estado y para eso es que trabajamos todos los d\u00edas con enorme dedicaci\u00f3n<\/i>\u201d.<\/p>\n<p class=\"yiv9799585958MsoNormal\">\n<\/div>\n<\/div>\n<\/div>\n<\/div>\n<p class=\"yiv2372895906MsoNormal\" style=\"text-align: center;\"><strong>LLLLLLLLLLLLLLLLLLLLLLLLLLLLLLLLLLLLLLLLLLLLLLLLL<\/strong><\/p>\n<div><\/div>\n<div class=\"msg-body P_wpofO mq_AS\" data-test-id=\"message-view-body-content\">\n<div class=\"jb_0 X_6MGW N_6Fd5\">\n<div id=\"yiv3972721245\">\n<div class=\"yiv3972721245WordSection1\">\n<div class=\"H_7jIs D_F ab_C Q_69H5 E_36RhU\" data-test-id=\"toolbar-hover-area\">\n<div class=\"D_F W_6D6F r_BN gl_C\" data-test-id=\"card-toolbar\">\n<div class=\"D_F ab_C en_0 b_Z14vXdP e_3mS2U I_52qC P_Z1otBpf\">\n<ul class=\"hd_n P_0 H_6D6F M_0 ir3_0 iy_h D_F ab_C\" tabindex=\"0\" role=\"menubar\" data-test-id=\"navigable-list\">\n<li class=\"G_e p_R\" role=\"menuitem\">\n<div data-test-id=\"message-body-container\">\n<div class=\"I_52qC D_FY W_6D6F\" data-test-id=\"message-view-body\">\n<div class=\"msg-body P_wpofO mq_AS\" data-test-id=\"message-view-body-content\">\n<div class=\"jb_0 X_6MGW N_6Fd5\">\n<div id=\"yiv2760186357\">\n<div class=\"yiv2760186357WordSection1\">\n<div class=\"msg-body P_wpofO mq_AS\" data-test-id=\"message-view-body-content\">\n<div class=\"jb_0 X_6MGW N_6Fd5\">\n<div>\n<div id=\"yiv1874784976\">\n<div>\n<div class=\"yiv1874784976WordSection1\">\n<p class=\"yiv1874784976MsoNormal\" align=\"center\"><b>LAS HA RESUELTO A M\u00c1S DEL 55% DE LAS JUBILACIONES CON APORTES POR TAREAS DE CUIDADO INICIADAS EN AGOSTO<\/b><\/p>\n<p class=\"yiv1874784976MsoNormal\" align=\"center\"><b>\u00a0<\/b><\/p>\n<p class=\"yiv1874784976MsoNormal\"><span lang=\"ES\">Durante el primer mes de implementaci\u00f3n del reconocimiento de aportes por tareas de cuidado, la ANSES inici\u00f3 en todo el pa\u00eds\u00a0<b>46.388<\/b>\u00a0expedientes de jubilaci\u00f3n, de los cuales\u00a0<b>25.886<\/b>\u00a0ya fueron resueltos, es decir, el\u00a0<b>55,8 por ciento<\/b>\u00a0de los mismos. A su vez, se otorgaron\u00a0<b>123.078 turnos<\/b>\u00a0para iniciar el tr\u00e1mite en agosto.<\/span><\/p>\n<p class=\"yiv1874784976MsoNormal\"><span lang=\"ES\">Cabe recordar, que este reconocimiento enmarcado en el\u00a0<a href=\"https:\/\/www.boletinoficial.gob.ar\/detalleAviso\/primera\/246989\/20210719\" target=\"_blank\" rel=\"nofollow noopener noreferrer\">Decreto 475\/2021<\/a>, facilita el acceso a la jubilaci\u00f3n a las mujeres con hijos que est\u00e1n en edad de jubilarse y que no cuentan con los aportes necesarios.<\/span><\/p>\n<p class=\"yiv1874784976MsoNormal\">La provincia en la que se iniciaron la mayor cantidad de jubilaciones durante agosto es Buenos Aires con 18.226, seguida por C\u00f3rdoba con 3932, Santa Fe con 3340, la Ciudad Aut\u00f3noma de Buenos Aires con 3006 y Mendoza con 2630.<\/p>\n<p class=\"yiv1874784976MsoNormal\"><b>Caracter\u00edsticas de la pol\u00edtica<\/b><\/p>\n<p class=\"yiv1874784976MsoNormal\"><span lang=\"ES\">El reconocimiento computa:<\/span><\/p>\n<p class=\"yiv1874784976MsoNormal\"><span lang=\"ES\">\u00b7\u00a0\u00a0\u00a0\u00a0\u00a0\u00a0\u00a0\u00a0<\/span><span lang=\"ES\">1 a\u00f1o de aporte por cada hijo o hija;<\/span><\/p>\n<p class=\"yiv1874784976MsoNormal\"><span lang=\"ES\">\u00b7\u00a0\u00a0\u00a0\u00a0\u00a0\u00a0\u00a0\u00a0<\/span><span lang=\"ES\">2 a\u00f1os por hijo o hija adoptado o adoptada siendo menor de edad;<\/span><\/p>\n<p class=\"yiv1874784976MsoNormal\"><span lang=\"ES\">\u00b7\u00a0\u00a0\u00a0\u00a0\u00a0\u00a0\u00a0\u00a0<\/span><span lang=\"ES\">1 a\u00f1o adicional por cada hijo o hija con discapacidad;<\/span><\/p>\n<p class=\"yiv1874784976MsoNormal\"><span lang=\"ES\">\u00b7\u00a0\u00a0\u00a0\u00a0\u00a0\u00a0\u00a0\u00a0<\/span><span lang=\"ES\">2 a\u00f1os adicionales en caso de que el ni\u00f1o o ni\u00f1a haya percibido la Asignaci\u00f3n Universal por Hijo (AUH) por al menos 12 meses.<\/span><\/p>\n<p class=\"yiv1874784976MsoNormal\"><span lang=\"ES\">Asimismo, se reconocen los plazos de licencia por maternidad y de licencia por excedencia de maternidad a las mujeres que hayan hecho uso de estos per\u00edodos al momento del nacimiento de sus hijos o hijas. Esta medida de inclusi\u00f3n es compatible y, de ser necesario, puede complementarse con las moratorias vigentes.<\/span><\/p>\n<p class=\"yiv1874784976MsoNormal\"><span lang=\"ES\">Para m\u00e1s informaci\u00f3n, las interesadas pueden ingresar al\u00a0<a href=\"http:\/\/www.anses.gob.ar\/reconocimiento-de-aportes-por-tareas-de-cuidado\" target=\"_blank\" rel=\"nofollow noopener noreferrer\">sitio de la ANSES<\/a>.<\/span><\/p>\n<p class=\"yiv1874784976MsoNormal\"><span lang=\"ES\">\u00a0<\/span><\/p>\n<p style=\"text-align: center;\"><strong>&#8212;&#8212;&#8212;&#8212;&#8212;&#8212;&#8212;&#8212;&#8212;&#8212;&#8212;&#8212;&#8212;&#8212;&#8212;-<\/strong><\/p>\n<\/div>\n<\/div>\n<\/div>\n<\/div>\n<\/div>\n<\/div>\n<div class=\"jb_0 X_6MGW N_6Fd5\">\n<div class=\"P_0 je_fq7\">\n<ul class=\"hd_n D_F eo_HB M_gQyVX P_0\">\n<li class=\"E_6Fd5 Y_6LEV\" data-test-id=\"attachment-tray-list-item\">\n<div class=\"W_3n93F p_R\" data-test-id=\"attachment-item\">\n<div class=\"I_2iedTo k_w H_7yHc p_R o_h\" data-test-id=\"attachment-container\"><\/div>\n<\/div>\n<\/li>\n<\/ul>\n<\/div>\n<\/div>\n<\/div>\n<\/div>\n<\/div>\n<\/div>\n<\/div>\n<\/div>\n<\/li>\n<\/ul>\n<\/div>\n<\/div>\n<\/div>\n<\/div>\n<\/div>\n<\/div>\n<\/div>\n<div class=\"I_52qC D_FY W_6D6F\" data-test-id=\"message-view-body\">\n<div class=\"msg-body P_wpofO mq_AS\" data-test-id=\"message-view-body-content\">\n<div class=\"jb_0 X_6MGW N_6Fd5\">\n<div id=\"yiv2823373563\">\n<div class=\"yiv2823373563WordSection1\">\n<div class=\"I_52qC D_FY W_6D6F\" data-test-id=\"message-view-body\">\n<div class=\"jb_0 X_6MGW N_6Fd5\">\n<div class=\"P_0 je_fq7\"><\/div>\n<\/div>\n<\/div>\n<p class=\"yiv2823373563MsoNormal\"><b>LA ANSES INAUGUR\u00d3 UNA NUEVA OFICINA EN PILAR<\/b><\/p>\n<\/div>\n<\/div>\n<\/div>\n<\/div>\n<\/div>\n<div class=\"D_F ek_BB H_6D6F aw_2941hk ba_10I1Qt az_oOItw ay_Z1nkUQx I_kt4zd\">\n<div id=\"app\" class=\"D_F ek_BB H_6D6F cZ1RN91d_n s_1HCsWR aw_Z22yhkg I_kt4zd az_DW ba_Z2gmOa3 ay_Z1cYiMT c2hBT4u_Zm6i39 cZTwBjO_Zdogtk\" tabindex=\"-1\" data-test-id=\"mail-app\">\n<div class=\"I_ZnwrMC D_F em_N o_h W_6D6F H_6D6F\" data-test-id=\"content-area\">\n<div class=\"D_F em_N o_h s_1HCsWR\" data-test-id=\"content-below-tabs\">\n<div id=\"mail-app-component-container\" class=\"D_F em_N ej_eUh o_h\">\n<div id=\"mail-app-component\" class=\"em_N gl_C I_52qC j_ZlOSbd o_h p_R D_F s_e5X x_Z14vXdP\" data-yaft-module=\"norrin_main\" data-test-id=\"mail-app-component\">\n<div class=\"D_F ek_BB p_a Z_0 L_0 R_0 T_0 B_0 cZ1RN91d_GG I_ZnwrMC\" data-test-id=\"message-group-view\">\n<div class=\"iz_A I_52qC em_0 Z_0\" role=\"main\" data-test-id=\"message-group-view-scroller\" aria-label=\"Vista de mensajes\">\n<div data-test-id=\"focus-group\" aria-label=\"Grupo de navegaci\u00f3n del teclado. Usa las flechas para navegar o el tabulador para pasar al siguiente grupo.\">\n<ul class=\"hd_n M_0 X_0\" data-test-id=\"cards\">\n<li class=\"m_Z12nDQf D_F ek_BB ir_0\">\n<div class=\"I_52qC D_FY W_6D6F\" data-test-id=\"message-view-body\">\n<div class=\"jb_0 X_6MGW N_6Fd5\">\n<div class=\"P_0 je_fq7\">\n<ul class=\"hd_n D_F eo_HB M_gQyVX P_0\">\n<li class=\"E_6Fd5 Y_6LEV\" data-test-id=\"attachment-tray-list-item\">\n<div class=\"W_3n93F p_R\" data-test-id=\"attachment-item\">\n<div class=\"A_6Eb4 i_6FIA J_x D_F r_P\">\n<div class=\"en_0\">\n<div class=\"u_dzD A_6DUj\">\n<div class=\"I_52qC D_FY W_6D6F\" data-test-id=\"message-view-body\">\n<div class=\"msg-body P_wpofO mq_AS\" data-test-id=\"message-view-body-content\">\n<div class=\"jb_0 X_6MGW N_6Fd5\">\n<div id=\"yiv2287868306\">\n<div class=\"yiv2287868306WordSection1\">\n<div class=\"I_52qC D_FY W_6D6F\" data-test-id=\"message-view-body\">\n<div class=\"msg-body P_wpofO mq_AS\" data-test-id=\"message-view-body-content\">\n<div class=\"jb_0 X_6MGW N_6Fd5\">\n<div id=\"yiv2308675754\">\n<div class=\"yiv2308675754WordSection1\">\n<p class=\"yiv2308675754MsoNormal\">Con el fin de seguir llevando la Seguridad Social, la ANSES inaugur\u00f3 (12\/8) una nueva oficina de atenci\u00f3n en la localidad de Derqui, municipio de Pilar. Estuvieron presentes el intendente de ese distrito bonaerense, <b>Federico Achaval,\u00a0<\/b>el jefe del bloque oficialista en la C\u00e1mara de Diputados,\u00a0<b>M\u00e1ximo Kirchner<\/b>, y la directora ejecutiva de la ANSES,\u00a0<b>Fernanda Raverta<\/b>.<\/p>\n<p class=\"yiv2308675754MsoNormal\">Estuvo presente tambi\u00e9n en la inauguraci\u00f3n la subsecretaria de Pol\u00edticas de G\u00e9nero y Diversidad Sexual de la Provincia de Buenos Aires,\u00a0<b>Luc\u00eda Portos<\/b>. Adem\u00e1s, fueron parte del encuentro el secretario de Gobierno y Desarrollo Comunitario,\u00a0<b>Santiago Laurent,<\/b>\u00a0y la secretaria de las Mujeres, Pol\u00edticas de G\u00e9nero y Diversidad Sexual,\u00a0<b>Eva Molina,\u00a0<\/b>ambos de Pilar.<\/p>\n<\/div>\n<\/div>\n<\/div>\n<\/div>\n<div class=\"jb_0 X_6MGW N_6Fd5\">\n<div class=\"P_0 je_fq7\"><\/div>\n<\/div>\n<\/div>\n<div class=\"H_7jIs D_F ab_C Q_69H5 E_36RhU\" data-test-id=\"toolbar-hover-area\">\n<div class=\"D_F W_6D6F r_BN gl_C\" data-test-id=\"card-toolbar\">\n<div class=\"D_F ab_C en_0 b_Z14vXdP e_3mS2U I_52qC P_Z1otBpf\"><\/div>\n<\/div>\n<\/div>\n<p style=\"text-align: center;\" align=\"left\"><strong>&#8212;&#8212;&#8212;&#8212;&#8212;&#8212;&#8212;&#8212;&#8212;&#8212;&#8211;<\/strong><\/p>\n<p class=\"yiv2287868306MsoNormal\" align=\"left\"><b>I<\/b><\/p>\n<\/div>\n<\/div>\n<\/div>\n<\/div>\n<\/div>\n<\/div>\n<\/div>\n<\/div>\n<\/div>\n<\/li>\n<\/ul>\n<\/div>\n<\/div>\n<\/div>\n<\/li>\n<\/ul>\n<\/div>\n<\/div>\n<\/div>\n<\/div>\n<\/div>\n<\/div>\n<\/div>\n<\/div>\n<\/div>\n<\/div>\n<\/div>\n<\/div>\n","protected":false},"excerpt":{"rendered":"<p>INFORMACI\u00d3N QUE TE IMPORTA.<\/p>\n","protected":false},"author":3,"featured_media":17815,"comment_status":"open","ping_status":"open","sticky":false,"template":"","format":"standard","meta":{"footnotes":"","jetpack_publicize_message":"","jetpack_publicize_feature_enabled":true,"jetpack_social_post_already_shared":false,"jetpack_social_options":{"image_generator_settings":{"template":"highway","default_image_id":0,"font":"","enabled":false},"version":2}},"categories":[81,13],"tags":[21,154,142],"class_list":["post-14394","post","type-post","status-publish","format-standard","has-post-thumbnail","hentry","category-anses","category-interes-general","tag-anses","tag-beneficios","tag-pagos"],"jetpack_publicize_connections":[],"jetpack_featured_media_url":"https:\/\/revistaepocadigital.com.ar\/wp-content\/uploads\/2022\/09\/ANSES-Libreta-AUH.png","jetpack_likes_enabled":true,"_links":{"self":[{"href":"https:\/\/revistaepocadigital.com.ar\/index.php?rest_route=\/wp\/v2\/posts\/14394","targetHints":{"allow":["GET"]}}],"collection":[{"href":"https:\/\/revistaepocadigital.com.ar\/index.php?rest_route=\/wp\/v2\/posts"}],"about":[{"href":"https:\/\/revistaepocadigital.com.ar\/index.php?rest_route=\/wp\/v2\/types\/post"}],"author":[{"embeddable":true,"href":"https:\/\/revistaepocadigital.com.ar\/index.php?rest_route=\/wp\/v2\/users\/3"}],"replies":[{"embeddable":true,"href":"https:\/\/revistaepocadigital.com.ar\/index.php?rest_route=%2Fwp%2Fv2%2Fcomments&post=14394"}],"version-history":[{"count":0,"href":"https:\/\/revistaepocadigital.com.ar\/index.php?rest_route=\/wp\/v2\/posts\/14394\/revisions"}],"wp:featuredmedia":[{"embeddable":true,"href":"https:\/\/revistaepocadigital.com.ar\/index.php?rest_route=\/wp\/v2\/media\/17815"}],"wp:attachment":[{"href":"https:\/\/revistaepocadigital.com.ar\/index.php?rest_route=%2Fwp%2Fv2%2Fmedia&parent=14394"}],"wp:term":[{"taxonomy":"category","embeddable":true,"href":"https:\/\/revistaepocadigital.com.ar\/index.php?rest_route=%2Fwp%2Fv2%2Fcategories&post=14394"},{"taxonomy":"post_tag","embeddable":true,"href":"https:\/\/revistaepocadigital.com.ar\/index.php?rest_route=%2Fwp%2Fv2%2Ftags&post=14394"}],"curies":[{"name":"wp","href":"https:\/\/api.w.org\/{rel}","templated":true}]}}