{"id":14429,"date":"2022-01-12T09:05:00","date_gmt":"2022-01-12T12:05:00","guid":{"rendered":"https:\/\/revistaepocadigital.com.ar\/?p=14429"},"modified":"2022-01-12T09:05:00","modified_gmt":"2022-01-12T12:05:00","slug":"ola-de-calor-como-cuidar-la-energia","status":"publish","type":"post","link":"https:\/\/revistaepocadigital.com.ar\/?p=14429","title":{"rendered":"OLA DE CALOR   \u00bfC\u00d3MO CUIDAR LA ENERG\u00cdA?"},"content":{"rendered":"<p><strong>EDEN TAMBI\u00c9N RECOMIENDA.<\/strong><!--more--><\/p>\n<p>Ante una nueva ola de calor pronosticada por el Servicio Meteorol\u00f3gico Nacional para esta semana, con temperaturas que pueden superar los 36\u00b0C, EDEN recuerda las recomendaciones para un consumo de energ\u00eda racional y eficiente.<\/p>\n<p>&nbsp;<\/p>\n<p><img loading=\"lazy\" decoding=\"async\" class=\"aligncenter size-full wp-image-14433\" src=\"https:\/\/revistaepocadigital.com.ar\/wp-content\/uploads\/2022\/01\/EDEN-CONSEJO-ETIQUETA-EFICIENCIA-ENERGETICA.jpg\" alt=\"\" width=\"1563\" height=\"2223\" srcset=\"https:\/\/revistaepocadigital.com.ar\/wp-content\/uploads\/2022\/01\/EDEN-CONSEJO-ETIQUETA-EFICIENCIA-ENERGETICA.jpg 1563w, https:\/\/revistaepocadigital.com.ar\/wp-content\/uploads\/2022\/01\/EDEN-CONSEJO-ETIQUETA-EFICIENCIA-ENERGETICA-211x300.jpg 211w, https:\/\/revistaepocadigital.com.ar\/wp-content\/uploads\/2022\/01\/EDEN-CONSEJO-ETIQUETA-EFICIENCIA-ENERGETICA-844x1200.jpg 844w, https:\/\/revistaepocadigital.com.ar\/wp-content\/uploads\/2022\/01\/EDEN-CONSEJO-ETIQUETA-EFICIENCIA-ENERGETICA-768x1092.jpg 768w, https:\/\/revistaepocadigital.com.ar\/wp-content\/uploads\/2022\/01\/EDEN-CONSEJO-ETIQUETA-EFICIENCIA-ENERGETICA-1080x1536.jpg 1080w, https:\/\/revistaepocadigital.com.ar\/wp-content\/uploads\/2022\/01\/EDEN-CONSEJO-ETIQUETA-EFICIENCIA-ENERGETICA-1440x2048.jpg 1440w, https:\/\/revistaepocadigital.com.ar\/wp-content\/uploads\/2022\/01\/EDEN-CONSEJO-ETIQUETA-EFICIENCIA-ENERGETICA-696x990.jpg 696w, https:\/\/revistaepocadigital.com.ar\/wp-content\/uploads\/2022\/01\/EDEN-CONSEJO-ETIQUETA-EFICIENCIA-ENERGETICA-1068x1519.jpg 1068w, https:\/\/revistaepocadigital.com.ar\/wp-content\/uploads\/2022\/01\/EDEN-CONSEJO-ETIQUETA-EFICIENCIA-ENERGETICA-295x420.jpg 295w, https:\/\/revistaepocadigital.com.ar\/wp-content\/uploads\/2022\/01\/EDEN-CONSEJO-ETIQUETA-EFICIENCIA-ENERGETICA-591x840.jpg 591w\" sizes=\"auto, (max-width: 1563px) 100vw, 1563px\" \/><\/p>\n<p>&nbsp;<\/p>\n<p>Usar el aire acondicionado siempre a 24\u00b0C, manteniendo puertas y ventanas cerradas para evitar la filtraci\u00f3n de aire, y controlar el buen estado de los filtros. Apagarlo al retirarse de la habitaci\u00f3n.<\/p>\n<p>Lavar con carga completa en el lavarropa y elegir los ciclos de lavado cortos.<\/p>\n<p>Usar l\u00e1mparas led o de bajo consumo.<\/p>\n<p>Controlar burletes de la heladera y que est\u00e9 nivelada.<\/p>\n<p>Comenzar a planchar una vez que se enchufa la plancha y desenchufarla antes de concluir para aprovechar el calor remanente.<\/p>\n<p>Apagar los artefactos el\u00e9ctricos cuando no se est\u00e9n usando.<\/p>\n<p>Al comprar nuevos artefactos, verificar la etiqueta de eficiencia energ\u00e9tica y elegir los de menor consumo.<\/p>\n<p>Para m\u00e1s consejos, los usuarios pueden acceder a la App EDEN M\u00f3vil, Sucursal Virtual https:\/\/sucursalvirtual.edensa.com.ar\/, y a la secci\u00f3n Energ\u00eda Responsable de la web www.edensa.com.ar.<\/p>\n<p>Asimismo, EDEN cuenta con un simulador de consumo que orienta al usuario en el c\u00e1lculo del consumo total seg\u00fan los artefactos disponibles en cada hogar.<\/p>\n<p>Canales de atenci\u00f3n y reclamos EDEN:<\/p>\n<p>0800-999-3336: reclamos t\u00e9cnicos las 24 hs todos los d\u00edas<\/p>\n<p>0810-999-3336: consultas comerciales de lunes a viernes de 8 a 18 hs.<\/p>\n<p>WhatsApp: 336 452 6944 wa.me\/543364526944<\/p>\n<p>App EDEN M\u00f3vil<\/p>\n<p>Sucursal Virtual EDEN: https:\/\/sucursalvirtual.edensa.com.ar\/<\/p>\n<p>atencionalusuario@edensa.com.ar<\/p>\n<p>&#8212;&#8212;&#8212;&#8212;&#8212;&#8212;&#8212;&#8212;&#8212;&#8212;&#8212;&#8212;&#8212;&#8212;&#8212;&#8212;&#8212;<\/p>\n<p>Segu\u00ed todas las novedades de EDEN en:<\/p>\n<p>Web: www.edensa.com.ar<\/p>\n<p>Instagram: @edencomunica<\/p>\n<p>Facebook: EDENComunica<\/p>\n<p>Twitter: @EDENSAcomunica<\/p>\n<p>Linkedin: https:\/\/www.linkedin.com\/company\/edensa\/<\/p>\n<p>YouTube: EDEN Comunica<\/p>\n","protected":false},"excerpt":{"rendered":"<p>EDEN TAMBI\u00c9N RECOMIENDA.<\/p>\n","protected":false},"author":3,"featured_media":14431,"comment_status":"open","ping_status":"open","sticky":false,"template":"","format":"standard","meta":{"footnotes":"","jetpack_publicize_message":"","jetpack_publicize_feature_enabled":true,"jetpack_social_post_already_shared":false,"jetpack_social_options":{"image_generator_settings":{"template":"highway","default_image_id":0,"font":"","enabled":false},"version":2}},"categories":[6],"tags":[1722,39],"class_list":["post-14429","post","type-post","status-publish","format-standard","has-post-thumbnail","hentry","category-barrios","tag-calor","tag-eden"],"jetpack_publicize_connections":[],"jetpack_featured_media_url":"https:\/\/revistaepocadigital.com.ar\/wp-content\/uploads\/2022\/01\/EDEN-AIRE-ACONDICIONADO.png","jetpack_likes_enabled":true,"_links":{"self":[{"href":"https:\/\/revistaepocadigital.com.ar\/index.php?rest_route=\/wp\/v2\/posts\/14429","targetHints":{"allow":["GET"]}}],"collection":[{"href":"https:\/\/revistaepocadigital.com.ar\/index.php?rest_route=\/wp\/v2\/posts"}],"about":[{"href":"https:\/\/revistaepocadigital.com.ar\/index.php?rest_route=\/wp\/v2\/types\/post"}],"author":[{"embeddable":true,"href":"https:\/\/revistaepocadigital.com.ar\/index.php?rest_route=\/wp\/v2\/users\/3"}],"replies":[{"embeddable":true,"href":"https:\/\/revistaepocadigital.com.ar\/index.php?rest_route=%2Fwp%2Fv2%2Fcomments&post=14429"}],"version-history":[{"count":0,"href":"https:\/\/revistaepocadigital.com.ar\/index.php?rest_route=\/wp\/v2\/posts\/14429\/revisions"}],"wp:featuredmedia":[{"embeddable":true,"href":"https:\/\/revistaepocadigital.com.ar\/index.php?rest_route=\/wp\/v2\/media\/14431"}],"wp:attachment":[{"href":"https:\/\/revistaepocadigital.com.ar\/index.php?rest_route=%2Fwp%2Fv2%2Fmedia&parent=14429"}],"wp:term":[{"taxonomy":"category","embeddable":true,"href":"https:\/\/revistaepocadigital.com.ar\/index.php?rest_route=%2Fwp%2Fv2%2Fcategories&post=14429"},{"taxonomy":"post_tag","embeddable":true,"href":"https:\/\/revistaepocadigital.com.ar\/index.php?rest_route=%2Fwp%2Fv2%2Ftags&post=14429"}],"curies":[{"name":"wp","href":"https:\/\/api.w.org\/{rel}","templated":true}]}}