{"id":1443,"date":"2019-01-30T10:37:25","date_gmt":"2019-01-30T13:37:25","guid":{"rendered":"https:\/\/revistaepocadigital.com.ar\/?p=1443"},"modified":"2019-01-30T16:51:53","modified_gmt":"2019-01-30T19:51:53","slug":"carnavales-2019-pusieron-primera-en-robles-y-con-mucha-gente","status":"publish","type":"post","link":"https:\/\/revistaepocadigital.com.ar\/?p=1443","title":{"rendered":"Carnavales 2019, pusieron primera en Robles y con mucha gente"},"content":{"rendered":"<p><strong>FEBRERO ES EL MES DE LOS CARNAVALES EN EXALTACI\u00d3N DE LA CRUZ.<\/strong><!--more--><\/p>\n<p>El puntapi\u00e9 lo dieron los corsos en <strong>Parada Robles,<\/strong> ante una nutrida concurrencia de vecinos y p\u00fablicos de otras localidades. La esperada fiesta del carnaval recorre en febrero todo el distrito de <strong>Exaltaci\u00f3n de la Cruz<\/strong>, como una forma de divermento y de pasar buenos momentos en familia y con amigos.<\/p>\n<p><img loading=\"lazy\" decoding=\"async\" class=\"alignnone size-full wp-image-1448\" src=\"https:\/\/revistaepocadigital.com.ar\/wp-content\/uploads\/2019\/01\/car-rob.jpg\" alt=\"\" width=\"720\" height=\"712\" srcset=\"https:\/\/revistaepocadigital.com.ar\/wp-content\/uploads\/2019\/01\/car-rob.jpg 720w, https:\/\/revistaepocadigital.com.ar\/wp-content\/uploads\/2019\/01\/car-rob-300x297.jpg 300w, https:\/\/revistaepocadigital.com.ar\/wp-content\/uploads\/2019\/01\/car-rob-696x688.jpg 696w, https:\/\/revistaepocadigital.com.ar\/wp-content\/uploads\/2019\/01\/car-rob-425x420.jpg 425w\" sizes=\"auto, (max-width: 720px) 100vw, 720px\" \/><\/p>\n<p>El <strong>Boulevard Central de Parada Robles<\/strong> se vio invadido de gente a la espera del show de comparsas y grupos que animan los carnavales, dicho sea de paso en el caso de Robles, a beneficio del sistema de salud de la localidad.<\/p>\n<p>Alrededor de unas tres mil personas se acercaron a disfrutar de comparsas, murgas y bater\u00edas, y bailaron con la m\u00fasica del grupo de Cumbia sin L\u00edmite y no falt\u00f3 la tradicional &#8220;guerra&#8221; de espuma. Para la concreci\u00f3n del espect\u00e1culo, colaboraron instituciones intermedias, vecinos en general, comerciantes y la gesti\u00f3n municipal.<\/p>\n<p><img loading=\"lazy\" decoding=\"async\" class=\"alignnone size-full wp-image-1449\" src=\"https:\/\/revistaepocadigital.com.ar\/wp-content\/uploads\/2019\/01\/car-rob-march19.jpg\" alt=\"\" width=\"540\" height=\"715\" srcset=\"https:\/\/revistaepocadigital.com.ar\/wp-content\/uploads\/2019\/01\/car-rob-march19.jpg 540w, https:\/\/revistaepocadigital.com.ar\/wp-content\/uploads\/2019\/01\/car-rob-march19-227x300.jpg 227w, https:\/\/revistaepocadigital.com.ar\/wp-content\/uploads\/2019\/01\/car-rob-march19-317x420.jpg 317w\" sizes=\"auto, (max-width: 540px) 100vw, 540px\" \/><\/p>\n<p>Participaron <strong>Los Elegantes de Solis, Cumbia Sin L\u00edmite, Los Inigualables, la comparsa Trimanday, El Tr\u00e9bol, Unidos do Zamba, Los Inigualables, So Alegr\u00eda, El Tr\u00e9bol y Bater\u00eda La Mar\u00eda. <\/strong>Las noches de carnaval de la familia se trasladaban a <strong>Capilla del Se\u00f1or<\/strong> a partir del s\u00e1bado 2 de febrero.<\/p>\n<p>Fotos: prensa municipalidad y gentileza E. Marchese.<\/p>\n","protected":false},"excerpt":{"rendered":"<p>FEBRERO ES EL MES DE LOS CARNAVALES EN EXALTACI\u00d3N DE LA CRUZ.<\/p>\n","protected":false},"author":4,"featured_media":1447,"comment_status":"open","ping_status":"open","sticky":false,"template":"","format":"standard","meta":{"footnotes":"","jetpack_publicize_message":"","jetpack_publicize_feature_enabled":true,"jetpack_social_post_already_shared":false,"jetpack_social_options":{"image_generator_settings":{"template":"highway","default_image_id":0,"font":"","enabled":false},"version":2}},"categories":[5,6],"tags":[180],"class_list":["post-1443","post","type-post","status-publish","format-standard","has-post-thumbnail","hentry","category-aqui-parada-robles","category-barrios","tag-carnvales-2019"],"jetpack_publicize_connections":[],"jetpack_featured_media_url":"https:\/\/revistaepocadigital.com.ar\/wp-content\/uploads\/2019\/01\/carna-roble-marche19.jpg","jetpack_likes_enabled":true,"_links":{"self":[{"href":"https:\/\/revistaepocadigital.com.ar\/index.php?rest_route=\/wp\/v2\/posts\/1443","targetHints":{"allow":["GET"]}}],"collection":[{"href":"https:\/\/revistaepocadigital.com.ar\/index.php?rest_route=\/wp\/v2\/posts"}],"about":[{"href":"https:\/\/revistaepocadigital.com.ar\/index.php?rest_route=\/wp\/v2\/types\/post"}],"author":[{"embeddable":true,"href":"https:\/\/revistaepocadigital.com.ar\/index.php?rest_route=\/wp\/v2\/users\/4"}],"replies":[{"embeddable":true,"href":"https:\/\/revistaepocadigital.com.ar\/index.php?rest_route=%2Fwp%2Fv2%2Fcomments&post=1443"}],"version-history":[{"count":0,"href":"https:\/\/revistaepocadigital.com.ar\/index.php?rest_route=\/wp\/v2\/posts\/1443\/revisions"}],"wp:featuredmedia":[{"embeddable":true,"href":"https:\/\/revistaepocadigital.com.ar\/index.php?rest_route=\/wp\/v2\/media\/1447"}],"wp:attachment":[{"href":"https:\/\/revistaepocadigital.com.ar\/index.php?rest_route=%2Fwp%2Fv2%2Fmedia&parent=1443"}],"wp:term":[{"taxonomy":"category","embeddable":true,"href":"https:\/\/revistaepocadigital.com.ar\/index.php?rest_route=%2Fwp%2Fv2%2Fcategories&post=1443"},{"taxonomy":"post_tag","embeddable":true,"href":"https:\/\/revistaepocadigital.com.ar\/index.php?rest_route=%2Fwp%2Fv2%2Ftags&post=1443"}],"curies":[{"name":"wp","href":"https:\/\/api.w.org\/{rel}","templated":true}]}}