{"id":14444,"date":"2022-01-17T09:47:22","date_gmt":"2022-01-17T12:47:22","guid":{"rendered":"https:\/\/revistaepocadigital.com.ar\/?p=14444"},"modified":"2022-01-18T23:24:21","modified_gmt":"2022-01-19T02:24:21","slug":"nuevos-turnos-para-vacunarte","status":"publish","type":"post","link":"https:\/\/revistaepocadigital.com.ar\/?p=14444","title":{"rendered":"NUEVOS TURNOS DE REFUERZO PARA VACUNARTE"},"content":{"rendered":"<div class=\"kvgmc6g5 cxmmr5t8 oygrvhab hcukyx3x c1et5uql ii04i59q\"><\/div>\n<div>\n<div class=\"ll8tlv6m j83agx80 btwxx1t3 n851cfcs hv4rvrfc dati1w0a pybr56ya\">\n<div class=\"buofh1pr\">\n<div class=\"j83agx80 cbu4d94t ew0dbk1b irj2b8pg\">\n<div class=\"qzhwtbm6 knvmm38d\"><strong>INFO IMPORTANTE. ANUNCIO DEL GOBERNADOR KICILLOF.<\/strong><\/div>\n<\/div>\n<\/div>\n<div class=\"nqmvxvec j83agx80 jnigpg78 cxgpxx05 dflh9lhu sj5x9vvc scb9dxdr odw8uiq3\">\n<div>\n<div class=\"oajrlxb2 gs1a9yip mtkw9kbi tlpljxtp qensuy8j ppp5ayq2 rq0escxv nhd2j8a9 mg4g778l pfnyh3mw p7hjln8o tgvbjcpo hpfvmrgz i1ao9s8h esuyzwwr f1sip0of du4w35lb n00je7tq arfg74bv qs9ysxi8 k77z8yql btwxx1t3 abiwlrkh p8dawk7l lzcic4wl dwo3fsh8 g5ia77u1 goun2846 ccm00jje s44p3ltw mk2mc5f4 rt8b4zig n8ej3o3l agehan2d sk4xxmp2 pq6dq46d kvgmc6g5 cxmmr5t8 oygrvhab hcukyx3x jb3vyjys rz4wbd8a qt6c0cv9 a8nywdso l9j0dhe7 pzggbiyp pkj7ub1o bqnlxs5p kkg9azqs c24pa1uk ln9iyx3p fe6kdd0r ar1oviwq l10q8mi9 sq40qgkc s8quxz6p pdjglbur\" tabindex=\"0\" role=\"button\" aria-expanded=\"false\" aria-haspopup=\"menu\" aria-label=\"Acciones para esta publicaci\u00f3n\">\n<div class=\"i09qtzwb n7fi1qx3 b5wmifdl hzruof5a pmk7jnqg j9ispegn kr520xx4 c5ndavph art1omkt ot9fgl3s s45kfl79 emlxlaya bkmhp75w spb7xbtv\" data-visualcompletion=\"ignore\"><\/div>\n<\/div>\n<\/div>\n<\/div>\n<\/div>\n<\/div>\n<p><!--more--><\/p>\n<div>\n<div class=\"\" dir=\"auto\">\n<div id=\"jsc_c_vx\" class=\"ecm0bbzt hv4rvrfc ihqw7lf3 dati1w0a\" data-ad-comet-preview=\"message\" data-ad-preview=\"message\">\n<div class=\"j83agx80 cbu4d94t ew0dbk1b irj2b8pg\">\n<div class=\"qzhwtbm6 knvmm38d\">\n<div class=\"kvgmc6g5 cxmmr5t8 oygrvhab hcukyx3x c1et5uql ii04i59q\">\n<div dir=\"auto\"><\/div>\n<\/div>\n<div class=\"cxmmr5t8 oygrvhab hcukyx3x c1et5uql o9v6fnle ii04i59q\">\n<div dir=\"auto\">La provincia de Buenos Aires inform\u00f3 que se enviaron 631 mil turnos de dosis de refuerzo.<\/div>\n<\/div>\n<div class=\"cxmmr5t8 oygrvhab hcukyx3x c1et5uql o9v6fnle ii04i59q\">\n<div dir=\"auto\">Revis\u00e1 tu mail, la p\u00e1gina o la app.<\/div>\n<\/div>\n<div class=\"cxmmr5t8 oygrvhab hcukyx3x c1et5uql o9v6fnle ii04i59q\">\n<div dir=\"auto\"><span class=\"pq6dq46d tbxw36s4 knj5qynh kvgmc6g5 ditlmg2l oygrvhab nvdbi5me sf5mxxl7 gl3lb2sf hhz5lgdu\"><img loading=\"lazy\" decoding=\"async\" src=\"https:\/\/static.xx.fbcdn.net\/images\/emoji.php\/v9\/t9e\/1\/16\/27a1.png\" alt=\"\u27a1\ufe0f\" width=\"16\" height=\"16\" \/><\/span> Record\u00e1 que la primera y segunda dosis es libre para mayores de 3 a\u00f1os, y la tercera es libre para mayores de 60, personal de salud e inmunocomprometidos.<\/div>\n<\/div>\n<\/div>\n<\/div>\n<\/div>\n<\/div>\n<\/div>\n<p>&nbsp;<\/p>\n<div class=\"I_52qC D_FY W_6D6F\" data-test-id=\"message-view-body\">\n<div class=\"msg-body P_wpofO mq_AS\" data-test-id=\"message-view-body-content\">\n<div class=\"jb_0 X_6MGW N_6Fd5\">\n<div>\n<div dir=\"ltr\">El\u00a0 anuncio del gobernador Kicillof anunci\u00f3 dosis de refuerzo libre para personal de seguridad y personas gestantes o en periodo de lactancia*. Fue durante una conferencia de prensa en Monte Hermoso donde se brindaron detalles sobre la situaci\u00f3n epidemiol\u00f3gica<\/div>\n<div dir=\"ltr\"><\/div>\n<div dir=\"ltr\">\u201cA partir de ma\u00f1ana (19\/1) , la vacunaci\u00f3n libre con dosis de refuerzo alcanzar\u00e1 tambi\u00e9n a los trabajadores de la seguridad, las personas gestantes y quienes se encuentran en periodo de lactancia, siempre que hayan completado sus esquemas primarios hace al menos cuatro meses\u201d, anunci\u00f3 esta tarde el gobernador de la provincia de Buenos Aires, Axel Kicillof. Fue durante una conferencia de prensa realizada en el municipio de Monte Hermoso, junto a los ministros de Producci\u00f3n, Ciencia e Innovaci\u00f3n Tecnol\u00f3gica, Augusto Costa; y de Salud, Nicol\u00e1s Kreplak; y el intendente local, Marcos Fern\u00e1ndez.<\/div>\n<div dir=\"ltr\"><\/div>\n<div dir=\"ltr\">La vacunaci\u00f3n para estos grupos podr\u00e1 realizarse sin turno en cualquier vacunatorio de la Provincia y, en el caso de las personas gestantes y quienes se encuentran amamantando, no se requerir\u00e1 que la informaci\u00f3n est\u00e9 actualizada en los registros de la plataforma VacunatePBA.\u00a0 Desde diciembre la aplicaci\u00f3n libre de la tercera dosis ya est\u00e1 disponible para mayores de 60 a\u00f1os y mayores de 50 que hayan recibido las vacunas de Sinopharm; inmunocomprometidos que hayan sido inoculados con el segundo componente hace al menos un mes; y personal de salud.<\/div>\n<div dir=\"ltr\"><\/div>\n<div dir=\"ltr\">En ese sentido, Kicillof destac\u00f3 que \u201chemos hecho un esfuerzo muy grande para sostener la temporada desde el plano sanitario, fortaleciendo la capacidad de atenci\u00f3n y, sobre todo, promoviendo la vacunaci\u00f3n\u201d. \u201cEs muy importante que todos est\u00e9n inmunizados, ya que los datos arrojan que los no vacunados tienen 36 veces m\u00e1s posibilidades de cursar la enfermedad de forma grave\u201d, se\u00f1al\u00f3.<\/div>\n<div dir=\"ltr\"><\/div>\n<div dir=\"ltr\">Respecto de la situaci\u00f3n epidemiol\u00f3gica, Kreplak inform\u00f3 que \u201cse contabilizaron hoy 49.794 casos de Covid-19 en la Provincia, en tanto que el promedio diario semanal supera los 41 mil contagios\u201d. \u201cGracias a la exitosa campa\u00f1a de vacunaci\u00f3n, hay un desacople con los casos graves: apenas el 48,3% de las camas de terapia intensiva est\u00e1n ocupadas, siendo solamente un 28,2% las que se explican a causa del coronavirus\u201d, detall\u00f3.<\/div>\n<div dir=\"ltr\"><\/div>\n<div dir=\"ltr\">Hasta el momento, se aplicaron m\u00e1s de 16,8 millones de vacunas, alcanzando al 90,5% de las y los bonaerenses con la primera dosis; al 78,3% con la segunda; y al 22,4% con el refuerzo.<\/div>\n<div dir=\"ltr\">\u201cGracias a la inversi\u00f3n, el trabajo conjunto y la planificaci\u00f3n, estamos llevando adelante una temporada hist\u00f3rica, que supera incluso los resultados obtenidos antes de la pandemia\u201d, expres\u00f3 Kicillof y agreg\u00f3: \u201cHemos dispuesto un operativo de seguridad sin precedentes y una bater\u00eda de pol\u00edticas orientadas a crear fondos espec\u00edficos y cr\u00e9dito para apuntalar el turismo\u201d.<\/div>\n<div dir=\"ltr\"><\/div>\n<div dir=\"ltr\">Por su parte, Costa enfatiz\u00f3: \u201cCon los n\u00fameros de la primera quincena de enero finalizada, podemos confirmar que estamos transitando la mejor temporada de los \u00faltimos diez a\u00f1os, ya que en estos 15 d\u00edas fueron 1.850.000 los turistas que eligieron los destinos de la provincia de Buenos Aires\u201d. \u201cEsto es producto de una Provincia que se prepar\u00f3 y que despleg\u00f3 una serie de pol\u00edticas para acompa\u00f1ar al sector tur\u00edstico y cultural, lo que nos permite volver a posicionarnos como el principal destino tur\u00edstico del pa\u00eds\u201d, a\u00f1adi\u00f3.<\/div>\n<div dir=\"ltr\"><\/div>\n<div dir=\"ltr\">Por su parte, el intendente Fern\u00e1ndez resalt\u00f3 la jornada de trabajo junto a representantes de sectores productivos locales \u201cen la que qued\u00f3 claro el esfuerzo que ha hecho la Provincia para alcanzar esta temporada de verano\u201d. \u201cEstamos sumamente felices por cosechar los frutos de este trabajo que no fue una casualidad, sino que es producto de la articulaci\u00f3n entre Naci\u00f3n, Provincia y municipios para que todos podamos estar disfrutando de esta temporada\u201d, agreg\u00f3.<\/div>\n<div dir=\"ltr\"><\/div>\n<div dir=\"ltr\">Por \u00faltimo, Kicillof resalt\u00f3 que \u201cla provincia de Buenos Aires est\u00e1 atravesando una temporada hist\u00f3rica, producto de la planificaci\u00f3n y la inversi\u00f3n en materia de salud, seguridad y cultura\u201d. \u201cVamos a seguir apuntalando los cuidados y la vacunaci\u00f3n porque el turismo es esparcimiento y tranquilidad, pero tambi\u00e9n producci\u00f3n y trabajo para los y las bonaerenses\u201d, concluy\u00f3.<\/div>\n<div dir=\"ltr\"><\/div>\n<\/div>\n<\/div>\n<\/div>\n<\/div>\n<div class=\"H_7jIs D_F ab_C Q_69H5 E_36RhU\" data-test-id=\"toolbar-hover-area\">\n<div class=\"D_F W_6D6F r_BN gl_C\" data-test-id=\"card-toolbar\">\n<div class=\"D_F ab_C en_0 b_Z14vXdP e_3mS2U I_52qC P_Z1otBpf\">\n<hr class=\"M_0 P_0 cn_0\" \/>\n<\/div>\n<\/div>\n<\/div>\n","protected":false},"excerpt":{"rendered":"<p>INFO IMPORTANTE. ANUNCIO DEL GOBERNADOR KICILLOF.<\/p>\n","protected":false},"author":3,"featured_media":14445,"comment_status":"open","ping_status":"open","sticky":false,"template":"","format":"standard","meta":{"footnotes":"","jetpack_publicize_message":"","jetpack_publicize_feature_enabled":true,"jetpack_social_post_already_shared":false,"jetpack_social_options":{"image_generator_settings":{"template":"highway","default_image_id":0,"font":"","enabled":false},"version":2}},"categories":[14],"tags":[771,894],"class_list":["post-14444","post","type-post","status-publish","format-standard","has-post-thumbnail","hentry","category-la-gente","tag-turnos","tag-vacunacion"],"jetpack_publicize_connections":[],"jetpack_featured_media_url":"https:\/\/revistaepocadigital.com.ar\/wp-content\/uploads\/2022\/01\/270249307_5121676937885224_8102607342124438604_n.jpg","jetpack_likes_enabled":true,"_links":{"self":[{"href":"https:\/\/revistaepocadigital.com.ar\/index.php?rest_route=\/wp\/v2\/posts\/14444","targetHints":{"allow":["GET"]}}],"collection":[{"href":"https:\/\/revistaepocadigital.com.ar\/index.php?rest_route=\/wp\/v2\/posts"}],"about":[{"href":"https:\/\/revistaepocadigital.com.ar\/index.php?rest_route=\/wp\/v2\/types\/post"}],"author":[{"embeddable":true,"href":"https:\/\/revistaepocadigital.com.ar\/index.php?rest_route=\/wp\/v2\/users\/3"}],"replies":[{"embeddable":true,"href":"https:\/\/revistaepocadigital.com.ar\/index.php?rest_route=%2Fwp%2Fv2%2Fcomments&post=14444"}],"version-history":[{"count":0,"href":"https:\/\/revistaepocadigital.com.ar\/index.php?rest_route=\/wp\/v2\/posts\/14444\/revisions"}],"wp:featuredmedia":[{"embeddable":true,"href":"https:\/\/revistaepocadigital.com.ar\/index.php?rest_route=\/wp\/v2\/media\/14445"}],"wp:attachment":[{"href":"https:\/\/revistaepocadigital.com.ar\/index.php?rest_route=%2Fwp%2Fv2%2Fmedia&parent=14444"}],"wp:term":[{"taxonomy":"category","embeddable":true,"href":"https:\/\/revistaepocadigital.com.ar\/index.php?rest_route=%2Fwp%2Fv2%2Fcategories&post=14444"},{"taxonomy":"post_tag","embeddable":true,"href":"https:\/\/revistaepocadigital.com.ar\/index.php?rest_route=%2Fwp%2Fv2%2Ftags&post=14444"}],"curies":[{"name":"wp","href":"https:\/\/api.w.org\/{rel}","templated":true}]}}