{"id":14480,"date":"2022-01-16T11:36:46","date_gmt":"2022-01-16T14:36:46","guid":{"rendered":"https:\/\/revistaepocadigital.com.ar\/?p=14480"},"modified":"2022-01-16T11:36:46","modified_gmt":"2022-01-16T14:36:46","slug":"gran-preocupacion-por-los-incendios-en-la-zona-bomberos-58-salidas-en-15-dias-del-mes","status":"publish","type":"post","link":"https:\/\/revistaepocadigital.com.ar\/?p=14480","title":{"rendered":"Gran preocupaci\u00f3n por los incendios en la zona, Bomberos 58 salidas! en 15 d\u00edas del mes"},"content":{"rendered":"<div class=\"kvgmc6g5 cxmmr5t8 oygrvhab hcukyx3x c1et5uql ii04i59q\">\n<div dir=\"auto\"><strong>LA OLA DE TAN INTENSO CALOR, SUMADA A LA SEQU\u00cdA.<\/strong><\/div>\n<\/div>\n<p><!--more--><\/p>\n<div dir=\"auto\"><\/div>\n<div dir=\"auto\">Produc\u00edan efectos muy serios en distintos puntos del pa\u00eds, fen\u00f3meno que tambi\u00e9n se replicaba en Exaltaci\u00f3n de la Cruz y la regi\u00f3n, mientras se aguardaba que la lluvia tan esperada, ca\u00edda en las \u00faltimas horas, trajera algo de alivio.<\/div>\n<div dir=\"auto\"><\/div>\n<div dir=\"auto\"><img loading=\"lazy\" decoding=\"async\" class=\"aligncenter size-full wp-image-14488\" src=\"https:\/\/revistaepocadigital.com.ar\/wp-content\/uploads\/2022\/01\/271_n.jpg\" alt=\"\" width=\"600\" height=\"277\" srcset=\"https:\/\/revistaepocadigital.com.ar\/wp-content\/uploads\/2022\/01\/271_n.jpg 600w, https:\/\/revistaepocadigital.com.ar\/wp-content\/uploads\/2022\/01\/271_n-300x139.jpg 300w\" sizes=\"auto, (max-width: 600px) 100vw, 600px\" \/><\/div>\n<div dir=\"auto\"><\/div>\n<div dir=\"auto\"><\/div>\n<div dir=\"auto\">La gravedad de la situaci\u00f3n en la zona, la reflej\u00f3 al hablar con EPOCA, <em>Angel S\u00e1nchez,<\/em> presidente de la Asociaci\u00f3n de Bomberos Voluntarios de Exaltaci\u00f3n de la Cruz,<em><strong> &#8220;La situaci\u00f3n estaba por dem\u00e1s complicada, los incendios en las\u00a0 zonas rurales en especial. El calor, la falta de lluvias&#8221;, sostuvo.<\/strong><\/em><\/div>\n<div dir=\"auto\"><\/div>\n<div dir=\"auto\"><img loading=\"lazy\" decoding=\"async\" class=\"aligncenter size-full wp-image-14489\" src=\"https:\/\/revistaepocadigital.com.ar\/wp-content\/uploads\/2022\/01\/27n.jpg\" alt=\"\" width=\"598\" height=\"280\" srcset=\"https:\/\/revistaepocadigital.com.ar\/wp-content\/uploads\/2022\/01\/27n.jpg 598w, https:\/\/revistaepocadigital.com.ar\/wp-content\/uploads\/2022\/01\/27n-300x140.jpg 300w\" sizes=\"auto, (max-width: 598px) 100vw, 598px\" \/><\/div>\n<div dir=\"auto\"><\/div>\n<div dir=\"auto\"><\/div>\n<div dir=\"auto\"><strong><em>&#8220;Nuestros bomberos voluntarios estan haciendo un esfuerzo terrible, para tratar de enfrentar al fuego. Terrible lo sucedidos, hay que tener muy en cuenta que en los 15 d\u00edas de verano, el personal ha salido en 58 ocasiones!, una locura, a socorrer por incendios producidos, y asumiendo grandes en riesgos, para apagar incendios en zonas ribere\u00f1os&#8221;.\u00a0 &#8220;El trabajo que hacen es de suma\u00a0 importancia. Y deben hacer\u00a0 \u00a0un esfuerzo tremende metidos en medio del fuego, quedan agotados&#8221;.<\/em><\/strong><\/div>\n<div dir=\"auto\"><\/div>\n<div dir=\"auto\">Contar con agua, jugos, hielo es\u00a0 de suma importancia para ayudar a los bomberos que trabajan en forma denodada en estos d\u00edas. El concejal Palmieri don\u00f3 a los Bomberos, packs de jugos y agua mineral.<\/div>\n<div dir=\"auto\"><img loading=\"lazy\" decoding=\"async\" class=\"aligncenter size-full wp-image-14486\" src=\"https:\/\/revistaepocadigital.com.ar\/wp-content\/uploads\/2022\/01\/271891793_605004290789540_1796842556400463350_n-1.jpg\" alt=\"\" width=\"600\" height=\"272\" srcset=\"https:\/\/revistaepocadigital.com.ar\/wp-content\/uploads\/2022\/01\/271891793_605004290789540_1796842556400463350_n-1.jpg 600w, https:\/\/revistaepocadigital.com.ar\/wp-content\/uploads\/2022\/01\/271891793_605004290789540_1796842556400463350_n-1-300x136.jpg 300w\" sizes=\"auto, (max-width: 600px) 100vw, 600px\" \/><\/div>\n<div dir=\"auto\"><\/div>\n<div dir=\"auto\"><em>Durante los \u00faltimos d\u00edas se registraron focos de incendio de pastizales en diversas zonas de los distritos vecinos de Pilar y Z\u00e1rate, y focos de la Provincia de Entre R\u00edos, en la zona del delta.<\/em><\/div>\n<div dir=\"auto\"><\/div>\n<div dir=\"auto\">Por este motivo, y a causa de la direcci\u00f3n del viento, fue que ha habido humo y ceniza en Exaltaci\u00f3n de la Cruz. <em>&#8220;Desde la Reducci\u00f3n de Riesgos y Protecci\u00f3n Civil se alerta a la comunidad de los posibles efectos que podr\u00eda tener el humo en las personas y ,adem\u00e1s, se solicita prevenir cualquier tipo de acci\u00f3n que pueda provocar incendios en el pueblo<\/em><\/div>\n","protected":false},"excerpt":{"rendered":"<p>LA OLA DE TAN INTENSO CALOR, SUMADA A LA SEQU\u00cdA.<\/p>\n","protected":false},"author":4,"featured_media":14487,"comment_status":"open","ping_status":"open","sticky":false,"template":"","format":"standard","meta":{"footnotes":"","jetpack_publicize_message":"","jetpack_publicize_feature_enabled":true,"jetpack_social_post_already_shared":false,"jetpack_social_options":{"image_generator_settings":{"template":"highway","default_image_id":0,"font":"","enabled":false},"version":2}},"categories":[13],"tags":[365,1727,955],"class_list":["post-14480","post","type-post","status-publish","format-standard","has-post-thumbnail","hentry","category-interes-general","tag-bomberos","tag-enero","tag-incendios"],"jetpack_publicize_connections":[],"jetpack_featured_media_url":"https:\/\/revistaepocadigital.com.ar\/wp-content\/uploads\/2022\/01\/271891793_605004290789540_1796842556400463350_n.jpg","jetpack_likes_enabled":true,"_links":{"self":[{"href":"https:\/\/revistaepocadigital.com.ar\/index.php?rest_route=\/wp\/v2\/posts\/14480","targetHints":{"allow":["GET"]}}],"collection":[{"href":"https:\/\/revistaepocadigital.com.ar\/index.php?rest_route=\/wp\/v2\/posts"}],"about":[{"href":"https:\/\/revistaepocadigital.com.ar\/index.php?rest_route=\/wp\/v2\/types\/post"}],"author":[{"embeddable":true,"href":"https:\/\/revistaepocadigital.com.ar\/index.php?rest_route=\/wp\/v2\/users\/4"}],"replies":[{"embeddable":true,"href":"https:\/\/revistaepocadigital.com.ar\/index.php?rest_route=%2Fwp%2Fv2%2Fcomments&post=14480"}],"version-history":[{"count":0,"href":"https:\/\/revistaepocadigital.com.ar\/index.php?rest_route=\/wp\/v2\/posts\/14480\/revisions"}],"wp:featuredmedia":[{"embeddable":true,"href":"https:\/\/revistaepocadigital.com.ar\/index.php?rest_route=\/wp\/v2\/media\/14487"}],"wp:attachment":[{"href":"https:\/\/revistaepocadigital.com.ar\/index.php?rest_route=%2Fwp%2Fv2%2Fmedia&parent=14480"}],"wp:term":[{"taxonomy":"category","embeddable":true,"href":"https:\/\/revistaepocadigital.com.ar\/index.php?rest_route=%2Fwp%2Fv2%2Fcategories&post=14480"},{"taxonomy":"post_tag","embeddable":true,"href":"https:\/\/revistaepocadigital.com.ar\/index.php?rest_route=%2Fwp%2Fv2%2Ftags&post=14480"}],"curies":[{"name":"wp","href":"https:\/\/api.w.org\/{rel}","templated":true}]}}