{"id":1452,"date":"2019-01-31T19:48:08","date_gmt":"2019-01-31T22:48:08","guid":{"rendered":"https:\/\/revistaepocadigital.com.ar\/?p=1452"},"modified":"2019-01-31T19:52:37","modified_gmt":"2019-01-31T22:52:37","slug":"son-vecinos-de-exaltacion-de-la-cruz","status":"publish","type":"post","link":"https:\/\/revistaepocadigital.com.ar\/?p=1452","title":{"rendered":"SON VECINOS DE EXALTACION DE LA CRUZ."},"content":{"rendered":"<p><strong>HAN SABIDO OCUPAR\u00a0 CARGOS.<\/strong><!--more--><\/p>\n<p>Cargos p\u00fablicos en la administraci\u00f3n municipal, y en el \u00e1mbito partidario y legislativo de la provincia de Buenos Aires. Entre otros, <strong>Eduardo Pereyra,<\/strong> otrora funcionario m\u00faltiple en los primeros a\u00f1os de la actual gesti\u00f3n comunal cuando la liderara <strong>Ricardo Bozzani<\/strong>, y <strong>Fabi\u00e1n Mussi<\/strong> referente del justicialismo, quien supo presidir el PJ local, y desarroll\u00f3 funciones en la c\u00e1mara de diputados de la provincia de Buenos Aires, y se desempe\u00f1\u00f3 con funcionario de la municipalidad de <strong>Ramallo<\/strong> hasta hace un par de a\u00f1os, habiendo arribado el a\u00f1o pasado a un acuerdo pol\u00edtico con<strong> Horacio Errazu,<\/strong> quien apunta a presentarse como candidato a intendente por el Frente Renovador en las elecciones del mes de octubre.<\/p>\n<p>Dos hombres ligados a la pol\u00edtica desde hace mucho, que por esos avatares de la vida y objetivos personales, tomaron otros caminos. En el caso de<strong> Pereyra<\/strong>, como ha publicado el sitio <em>capillaonline<\/em> de acuerdo a la nota del medio de la ciudad de <strong>Campana<\/strong>, <em>El Campanense<\/em>, desempe\u00f1a funciones como <strong>director del \u00e1rea de mantenimiento<\/strong> de la municipalidad de Campana, encabezada por <strong>Sebasti\u00e1n Abella<\/strong>. Justamente el medio period\u00edstico, reflej\u00f3 el recorrido de Abella por el nuevo edificio de su municipio, donde se reuni\u00f3 con el equipo de la secretar\u00eda de descentralizaci\u00f3n en esas oficinas, a modo de planificar las tareas de mantenimiento de la vecina ciudad, encontr\u00e1ndose entre los funcionarios <strong>Sergio Roses<\/strong> (secretario de descentralizaci\u00f3n) y los directores <strong>Sandro Moine<\/strong> (descentralizaci\u00f3n) y <strong>Eduardo Pereyra <\/strong>de mantenimiento (foto apertura). Con los funcionarios y empleados municipales. <strong>Abella<\/strong> quien hace poco se reuni\u00f3 con el intendente de <strong>Exaltaci\u00f3n de la Cruz, Adri\u00e1n S\u00e1nchez<\/strong>, para hablar de la problem\u00e1tica resurgida a partir del reinicio de las obras de construcci\u00f3n de las cabinas de <strong>peaje<\/strong> en la autovia 6 en el partido de Campana con incidencia por cierto, en Exaltaci\u00f3n de la Cruz.<\/p>\n<p>Foto: gentileza El Campanense<\/p>\n","protected":false},"excerpt":{"rendered":"<p>HAN SABIDO OCUPAR\u00a0 CARGOS.<\/p>\n","protected":false},"author":4,"featured_media":1455,"comment_status":"open","ping_status":"open","sticky":false,"template":"","format":"standard","meta":{"footnotes":"","jetpack_publicize_message":"","jetpack_publicize_feature_enabled":true,"jetpack_social_post_already_shared":false,"jetpack_social_options":{"image_generator_settings":{"template":"highway","default_image_id":0,"font":"","enabled":false},"version":2}},"categories":[16],"tags":[37,182,181],"class_list":["post-1452","post","type-post","status-publish","format-standard","has-post-thumbnail","hentry","category-municipales","tag-destacada","tag-mussi","tag-pereyra"],"jetpack_publicize_connections":[],"jetpack_featured_media_url":"https:\/\/revistaepocadigital.com.ar\/wp-content\/uploads\/2019\/01\/abella-pereyra-e-19.jpg","jetpack_likes_enabled":true,"_links":{"self":[{"href":"https:\/\/revistaepocadigital.com.ar\/index.php?rest_route=\/wp\/v2\/posts\/1452","targetHints":{"allow":["GET"]}}],"collection":[{"href":"https:\/\/revistaepocadigital.com.ar\/index.php?rest_route=\/wp\/v2\/posts"}],"about":[{"href":"https:\/\/revistaepocadigital.com.ar\/index.php?rest_route=\/wp\/v2\/types\/post"}],"author":[{"embeddable":true,"href":"https:\/\/revistaepocadigital.com.ar\/index.php?rest_route=\/wp\/v2\/users\/4"}],"replies":[{"embeddable":true,"href":"https:\/\/revistaepocadigital.com.ar\/index.php?rest_route=%2Fwp%2Fv2%2Fcomments&post=1452"}],"version-history":[{"count":0,"href":"https:\/\/revistaepocadigital.com.ar\/index.php?rest_route=\/wp\/v2\/posts\/1452\/revisions"}],"wp:featuredmedia":[{"embeddable":true,"href":"https:\/\/revistaepocadigital.com.ar\/index.php?rest_route=\/wp\/v2\/media\/1455"}],"wp:attachment":[{"href":"https:\/\/revistaepocadigital.com.ar\/index.php?rest_route=%2Fwp%2Fv2%2Fmedia&parent=1452"}],"wp:term":[{"taxonomy":"category","embeddable":true,"href":"https:\/\/revistaepocadigital.com.ar\/index.php?rest_route=%2Fwp%2Fv2%2Fcategories&post=1452"},{"taxonomy":"post_tag","embeddable":true,"href":"https:\/\/revistaepocadigital.com.ar\/index.php?rest_route=%2Fwp%2Fv2%2Ftags&post=1452"}],"curies":[{"name":"wp","href":"https:\/\/api.w.org\/{rel}","templated":true}]}}