{"id":14547,"date":"2022-01-20T23:02:09","date_gmt":"2022-01-21T02:02:09","guid":{"rendered":"https:\/\/revistaepocadigital.com.ar\/?p=14547"},"modified":"2022-01-20T23:02:09","modified_gmt":"2022-01-21T02:02:09","slug":"el-concejo-de-escandalo-en-escandalo-el-turno-del-aumento-de-tasas","status":"publish","type":"post","link":"https:\/\/revistaepocadigital.com.ar\/?p=14547","title":{"rendered":"El Concejo de esc\u00e1ndalo en esc\u00e1ndalo, el turno del aumento de tasas"},"content":{"rendered":"<div class=\"du4w35lb k4urcfbm l9j0dhe7 sjgh65i0\">\n<div class=\"du4w35lb l9j0dhe7\">\n<div class=\"\">\n<div class=\"\">\n<div class=\"lzcic4wl\" role=\"article\" aria-posinset=\"2\" aria-describedby=\"jsc_c_2i4 jsc_c_2i5 jsc_c_2i6 jsc_c_2i8 jsc_c_2i7\" aria-labelledby=\"jsc_c_2i3\">\n<div class=\"j83agx80 cbu4d94t\">\n<div class=\"rq0escxv l9j0dhe7 du4w35lb\">\n<div class=\"j83agx80 l9j0dhe7 k4urcfbm\">\n<div class=\"rq0escxv l9j0dhe7 du4w35lb hybvsw6c io0zqebd m5lcvass fbipl8qg nwvqtn77 k4urcfbm ni8dbmo4 stjgntxs sbcfpzgs\">\n<div>\n<div class=\"\" dir=\"auto\">\n<div id=\"jsc_c_2i5\" class=\"ecm0bbzt hv4rvrfc ihqw7lf3 dati1w0a\" data-ad-comet-preview=\"message\" data-ad-preview=\"message\">\n<div class=\"j83agx80 cbu4d94t ew0dbk1b irj2b8pg\">\n<div class=\"qzhwtbm6 knvmm38d\">\n<div class=\"kvgmc6g5 cxmmr5t8 oygrvhab hcukyx3x c1et5uql ii04i59q\">\n<div dir=\"auto\">\n<div class=\"rq0escxv l9j0dhe7 du4w35lb hpfvmrgz g5gj957u aov4n071 oi9244e8 bi6gxh9e h676nmdw aghb5jc5 o387gat7 g1e6inuh fhuww2h9 rek2kq2y\">\n<div class=\"lpgh02oy\">\n<div data-pagelet=\"ProfileTilesFeed_1\">\n<div class=\"sjgh65i0\">\n<div class=\"j83agx80 l9j0dhe7 k4urcfbm\">\n<div class=\"rq0escxv l9j0dhe7 du4w35lb hybvsw6c io0zqebd m5lcvass fbipl8qg nwvqtn77 k4urcfbm ni8dbmo4 stjgntxs sbcfpzgs\">\n<div class=\"sej5wr8e\">\n<div class=\"rq0escxv l9j0dhe7 du4w35lb j83agx80 pfnyh3mw i1fnvgqd gs1a9yip owycx6da btwxx1t3 hv4rvrfc dati1w0a discj3wi b5q2rw42 lq239pai mysgfdmx hddg9phg\">\n<div class=\"rq0escxv l9j0dhe7 du4w35lb j83agx80 cbu4d94t d2edcug0 hpfvmrgz rj1gh0hx buofh1pr g5gj957u p8fzw8mz pcp91wgn iuny7tx3 ipjc6fyt\">\n<div class=\"dlv3wnog enqfppq2 lhclo0ds j83agx80\">\n<div class=\"qno324ep l9j0dhe7 tvmbv18p j83agx80\">\n<div class=\"k4urcfbm l9j0dhe7 stjgntxs ni8dbmo4 cgat1ltu datstx6m\">\n<div class=\"i09qtzwb rq0escxv n7fi1qx3 pmk7jnqg j9ispegn kr520xx4\"><strong>EL CONCEJAL PATRICIO DIEZ (JUNTOS), COMO SU BLOQUE TITULARON COMO &#8220;ESCANDALOSO&#8221; LO OCURRIDO EN LA SESI\u00d3N EXTRAORDINARIA<\/strong>.<\/div>\n<div><\/div>\n<div><\/div>\n<div class=\"i09qtzwb rq0escxv n7fi1qx3 pmk7jnqg j9ispegn kr520xx4\">Tuvo lugar (19\/1) la sesi\u00f3n extraordinaria en la se iba a tratar el incremento de las tasas municipales. La reuni\u00f3n tuvo ribetes escandalosos y serios cuestionamientos de la oposici\u00f3n, adem\u00e1s de corrobarse un dato pol\u00edtico de suma importancia y gravedad, como fue la concreci\u00f3n formal del alineamiento a las filas del bloque oficialista de la concejal Ver\u00f3nica Dreier, hasta hace poco reconocida militante radical y alineada a la coalici\u00f3n Juntos.<\/div>\n<div><\/div>\n<div class=\"i09qtzwb rq0escxv n7fi1qx3 pmk7jnqg j9ispegn kr520xx4\">M\u00e1s all\u00e1 de lo sucedido en la sesi\u00f3n, y la pol\u00e9mica por su validez o nulidad como ha proclamado la oposici\u00f3n, qued\u00f3 evidenciado el rol clave de Dreier,\u00a0 quien ante el retiro del recinto del bloque de Juntos, al permanecer la concejal en su banca dio el quorum vital.<\/div>\n<div class=\"i09qtzwb rq0escxv n7fi1qx3 pmk7jnqg j9ispegn kr520xx4\">Diez como sus pares levantaron la voz, encrespados, y denunci\u00f3, &#8220;el Art\u00edculo 29 de la Ley Org\u00e1nica de las Municipalidades dice que la norma impositiva debe ser tratada en comisi\u00f3n&#8221;, paso que no ocurri\u00f3. De ah\u00ed que,\u00a0 sostuvo, &#8220;ante el delirio del oficialismo de votar la ordenanza impositiva sin debate ni tratamiento desde Juntos nos retiramos del recinto. No vamos a ser c\u00f3mplices de que se violen las leyes, solo para permitir que se le aumenten todav\u00eda m\u00e1s los impuestos a la gente&#8221;.<\/div>\n<\/div>\n<\/div>\n<\/div>\n<\/div>\n<\/div>\n<\/div>\n<div><\/div>\n<\/div>\n<\/div>\n<\/div>\n<\/div>\n<\/div>\n<div><img loading=\"lazy\" decoding=\"async\" class=\"i09qtzwb n7fi1qx3 datstx6m pmk7jnqg j9ispegn kr520xx4 k4urcfbm bixrwtb6\" src=\"https:\/\/scontent-eze1-1.xx.fbcdn.net\/v\/t39.30808-6\/p180x540\/272090951_320592043410442_9083505622833775863_n.jpg?_nc_cat=108&amp;ccb=1-5&amp;_nc_sid=8bfeb9&amp;_nc_eui2=AeEs1ULmnhCJY7pUf24WPJB3NXbqWEXc9JA1dupYRdz0kELvxjE5NBQCkZ6f8gZAk-w&amp;_nc_ohc=SqVvHFpgZj4AX-jNd5O&amp;_nc_ht=scontent-eze1-1.xx&amp;oh=00_AT9T1Fi2UcPKbav9FjczbHiO5UEk2_2sjEQiHLrKhBRPTQ&amp;oe=61ED3A16\" alt=\"Puede ser una imagen de 6 personas y texto que dice &quot;Sesi\u00f3n del Honorable Concejo Deliberante MIERCOLES 19 DE ENERO DEL A\u00d1O 2022&quot;\" width=\"960\" height=\"540\" \/><\/div>\n<div class=\"lpgh02oy\">\n<div data-pagelet=\"ProfileTilesFeed_1\">\n<div class=\"sjgh65i0\">\n<div class=\"j83agx80 l9j0dhe7 k4urcfbm\">\n<div class=\"rq0escxv l9j0dhe7 du4w35lb hybvsw6c io0zqebd m5lcvass fbipl8qg nwvqtn77 k4urcfbm ni8dbmo4 stjgntxs sbcfpzgs\">\n<div class=\"sej5wr8e\">\n<div class=\"rq0escxv l9j0dhe7 du4w35lb j83agx80 pfnyh3mw i1fnvgqd gs1a9yip owycx6da btwxx1t3 hv4rvrfc dati1w0a discj3wi b5q2rw42 lq239pai mysgfdmx hddg9phg\">\n<div class=\"rq0escxv l9j0dhe7 du4w35lb j83agx80 cbu4d94t d2edcug0 hpfvmrgz rj1gh0hx buofh1pr g5gj957u p8fzw8mz pcp91wgn iuny7tx3 ipjc6fyt\">\n<div class=\"dlv3wnog enqfppq2 lhclo0ds j83agx80\">\n<div class=\"qno324ep l9j0dhe7 tvmbv18p j83agx80\">\n<div class=\"k4urcfbm l9j0dhe7 stjgntxs ni8dbmo4 cgat1ltu datstx6m\">\n<div class=\"i09qtzwb rq0escxv n7fi1qx3 pmk7jnqg j9ispegn kr520xx4\">La concejal Dreier tambi\u00e9n fue duramente cuestionada por Diez y sus pares, &#8220;violando claramente la ley el oficialismo con la presencia de la concejal Ludwig Dreier, quien les dio qu\u00f3rum, sanciona sin ning\u00fan tipo de tratamiento un aumento de tasas, a las corridas, sin explicar siquiera de que porcentaje es el aumento&#8221;.<\/div>\n<div class=\"i09qtzwb rq0escxv n7fi1qx3 pmk7jnqg j9ispegn kr520xx4\">Los embates opositores siguieron, &#8220;nadie de los que han votado este mamarracho, sabe con claridad cu\u00e1nto le van a aumentar los impuestos a la gente&#8221;. Hicieron hincapi\u00e9 en que entre los incrementos, aparece el servicio de agua corriente, en el\u00a0 centro de la escena durante los \u00faltimos d\u00edas de intenso calor, &#8220;un servicio sumamente deficiente y que en vez de ocuparse de resolver que funciona se ocupan en que salga m\u00e1s caro&#8221;, dispar\u00f3 Diez hacia el oficialismo.<\/div>\n<div><\/div>\n<div class=\"i09qtzwb rq0escxv n7fi1qx3 pmk7jnqg j9ispegn kr520xx4\">&#8220;Nos gobierna una banda de personas que se niegan a cumplir con las leyes como si Exaltaci\u00f3n de la Cruz no estuviera en la provincia de Buenos Aires y en la Rep\u00fablica Argentina. Sepa cada contribuyente que la ordenanza que sancionen para cobrarle las tasas en 2022 es nula&#8221;, acus\u00f3 la oposici\u00f3n.<\/div>\n<div><\/div>\n<div class=\"i09qtzwb rq0escxv n7fi1qx3 pmk7jnqg j9ispegn kr520xx4\">&#8220;Iremos a la Justicia a hacer respetar la ley y la constituci\u00f3n, para defender a nuestros vecinos, y para que cada concejal que levante la mano para votar hoy esto (afirmativa o negativamente da igual) responda de sus actos&#8221;, dispar\u00f3 el bloque opositor.<\/div>\n<\/div>\n<\/div>\n<\/div>\n<\/div>\n<\/div>\n<\/div>\n<\/div>\n<\/div>\n<\/div>\n<\/div>\n<\/div>\n<\/div>\n<\/div>\n<\/div>\n<\/div>\n<\/div>\n<\/div>\n<\/div>\n<\/div>\n<\/div>\n<\/div>\n<\/div>\n<div><\/div>\n<div><\/div>\n<div class=\"ni8dbmo4 stjgntxs l9j0dhe7 d0szoon8\">https:\/\/youtu.be\/f9vJ8wDULOA<\/div>\n<\/div>\n<\/div>\n<\/div>\n<\/div>\n<\/div>\n<\/div>\n","protected":false},"excerpt":{"rendered":"<p>EL CONCEJAL PATRICIO DIEZ (JUNTOS), COMO SU BLOQUE TITULARON COMO &#8220;ESCANDALOSO&#8221; LO OCURRIDO EN LA SESI\u00d3N EXTRAORDINARIA. Tuvo lugar (19\/1) la sesi\u00f3n extraordinaria en la se iba a tratar el incremento de las tasas municipales. La reuni\u00f3n tuvo ribetes escandalosos y serios cuestionamientos de la oposici\u00f3n, adem\u00e1s de corrobarse un dato pol\u00edtico de suma importancia [&hellip;]<\/p>\n","protected":false},"author":4,"featured_media":14548,"comment_status":"open","ping_status":"open","sticky":false,"template":"","format":"standard","meta":{"footnotes":"","jetpack_publicize_message":"","jetpack_publicize_feature_enabled":true,"jetpack_social_post_already_shared":false,"jetpack_social_options":{"image_generator_settings":{"template":"highway","default_image_id":0,"font":"","enabled":false},"version":2}},"categories":[17],"tags":[1735,379],"class_list":["post-14547","post","type-post","status-publish","format-standard","has-post-thumbnail","hentry","category-politica","tag-aumento-tasas-2022","tag-hcd"],"jetpack_publicize_connections":[],"jetpack_featured_media_url":"https:\/\/revistaepocadigital.com.ar\/wp-content\/uploads\/2022\/01\/hdc-22.jpg","jetpack_likes_enabled":true,"_links":{"self":[{"href":"https:\/\/revistaepocadigital.com.ar\/index.php?rest_route=\/wp\/v2\/posts\/14547","targetHints":{"allow":["GET"]}}],"collection":[{"href":"https:\/\/revistaepocadigital.com.ar\/index.php?rest_route=\/wp\/v2\/posts"}],"about":[{"href":"https:\/\/revistaepocadigital.com.ar\/index.php?rest_route=\/wp\/v2\/types\/post"}],"author":[{"embeddable":true,"href":"https:\/\/revistaepocadigital.com.ar\/index.php?rest_route=\/wp\/v2\/users\/4"}],"replies":[{"embeddable":true,"href":"https:\/\/revistaepocadigital.com.ar\/index.php?rest_route=%2Fwp%2Fv2%2Fcomments&post=14547"}],"version-history":[{"count":0,"href":"https:\/\/revistaepocadigital.com.ar\/index.php?rest_route=\/wp\/v2\/posts\/14547\/revisions"}],"wp:featuredmedia":[{"embeddable":true,"href":"https:\/\/revistaepocadigital.com.ar\/index.php?rest_route=\/wp\/v2\/media\/14548"}],"wp:attachment":[{"href":"https:\/\/revistaepocadigital.com.ar\/index.php?rest_route=%2Fwp%2Fv2%2Fmedia&parent=14547"}],"wp:term":[{"taxonomy":"category","embeddable":true,"href":"https:\/\/revistaepocadigital.com.ar\/index.php?rest_route=%2Fwp%2Fv2%2Fcategories&post=14547"},{"taxonomy":"post_tag","embeddable":true,"href":"https:\/\/revistaepocadigital.com.ar\/index.php?rest_route=%2Fwp%2Fv2%2Ftags&post=14547"}],"curies":[{"name":"wp","href":"https:\/\/api.w.org\/{rel}","templated":true}]}}