{"id":14567,"date":"2022-01-21T20:08:49","date_gmt":"2022-01-21T23:08:49","guid":{"rendered":"https:\/\/revistaepocadigital.com.ar\/?p=14567"},"modified":"2022-01-21T20:08:49","modified_gmt":"2022-01-21T23:08:49","slug":"la-estrategia-de-la-oposicion-fue-vergonzosa-y-sancho-es-un-egocentrico-el-concejal-real-salas-replica-a-la-oposicion","status":"publish","type":"post","link":"https:\/\/revistaepocadigital.com.ar\/?p=14567","title":{"rendered":"&#8220;La estrategia de la oposici\u00f3n fue vergonzosa y Sancho es un egoc\u00e9ntrico&#8221;. El concejal Real Salas replica a la oposici\u00f3n"},"content":{"rendered":"<p><strong>NO PARAN DE REPICAR LOS &#8220;MISILAZOS&#8221; VERBALES, ORIGINADOS EN LA &#8220;BATALLA&#8221; EN EL HCD ANTE EL TRATAMIENTO DE LA ORDENANZA TRIBUTARIA QUE HA ORIGINADO UN AUMENTO DEL 40% EN LAS TASAS MUNICIPALES<\/strong>.<!--more--><\/p>\n<p>La visi\u00f3n desde las filas oficialistas en el Concejo, en las ant\u00edpodas desde ya, a la sostenida en la oposici\u00f3n, se la ha brindado a EPOCA en un di\u00e1logo a solas, el concejal <strong>Mart\u00edn Real Salas.<\/strong> El vecino de Los Cardales justific\u00f3 los pasos dados ajustados a las normas y, para variar, desparram\u00f3 cr\u00edticas a Juntos y a Ra\u00fal Sancho.<\/p>\n<p>&#8211;<strong>\u00bfQue opina sobre lo ocurrido en el HCD, en la sesi\u00f3n extraordinaria, donde se trataba el incremento de las tasas municipales, que finaliz\u00f3 con el retiro de la oposici\u00f3n?<\/strong><br \/>\n&#8211;<em>Veamos. La ordenanza tributaria en cuesti\u00f3n, ya estaba en la comisi\u00f3n corrrespondiente y hac\u00eda bastante tiempo. No fue como se ha dicho<\/em> (la oposici\u00f3n) <em>que nunca entr\u00f3 en la comisi\u00f3n. Pas\u00f3 que Juntos trat\u00f3 de dilatar su tratamiento para llegar a diciembre \u00faltimo y no tratarla, y asi llegar a no tener una ordenanza fiscal impositiva como debe existir para el funcionamiento de un municipio y con obligaciones que surgen de la misma. La estrategia de la oposici\u00f3n fue vergonzosa, no fue para mostrar alg\u00fan tipo de estrategia, sino para mostrar a la gente lo que realmente son y lo que piensan, y que es entorpecer en forma continua el funcionamiento del municipio y la gesti\u00f3n del intendente Diego Nanni. Cargo al cual con el fin de satisfacer su ego personal y llegar a costa de maniobras, pretende ejercer Ra\u00fal Sancho. Volviendo a la sesi\u00f3n que nos ocupa, estuvimos todos los concejales presentes, menos justamente Sancho quien se encontraba de vacaciones. Sin embargo, se lo autoriz\u00f3 a participar de manera virtual, por lo tanto hubo quorum completo. Primero se ley\u00f3 la preparatoria, nos constitu\u00edmos en comisi\u00f3n y ah\u00ed, el bloque opositor se levant\u00f3 de sus bancas y se retir\u00f3. Fue algo muy grave, que habla\u00f3de la falta de responsabilidad a la hora de tratar algo tan serio como es para el municipio, la ordenanza fiscal impositiva<\/em>.<\/p>\n<p><strong>-La oposici\u00f3n acus\u00f3 al oficialismo y ha sostenido que la sesi\u00f3n fue nula, porque el tema de la ordenanza debi\u00f3 pasar primero por la comisi\u00f3n.<\/strong><\/p>\n<p>&#8211;<em>Decir que la sesi\u00f3n fue nula, es uno de los pocos argumentos digamos, que ha manifestado el bloque opositor; decir eso es insostenible, cuando no llevaron ni una sola idea, ninguna porpuesta para hacer alguna modificaci\u00f3n a la ordenanza, que realmente necesita el pueblo. Fueron con el \u00fanico objetivo de levantarse de las bancas, y luego salir con un comnicado en las redes sociales. Nosotros en el oficialismo, estamos completammente seguros de lo que hicimos, que fue legislar para el pueblo y darle las herrramientas al municipio para seguir adelante.<\/em><br \/>\n<em>Estamos en medio de la pandemia, en un un momento muy complejo, donde se necesita tener salud y atenci\u00f3n y d\u00eda a d\u00eda para eso contar con los medios para atender las necesidades. Lo que hicimos en el HCD, estuvo muy bien hecho de nuestra parte. No fue nulo ni anticonstitucional, los que si no cumplieron fueron los de la oposici\u00f3n al levantarse de sus bancas, y sobretodo fue vergonzoso. Se puede votar en forma afimativa o negativa, pero nunca dedjar la banca que le dio el pueblo.<\/em><\/p>\n<p>&#8211;<strong>La concejal Ver\u00f3nica Dreier, se mantuvo en su banca pese al retiro de su bloque y habilit\u00f3 el quorum. Dreier se encuentra muy cuestionada, y en el ojo de la tormenta luego de no apoyar al candidato de su partido Juntos, (Sancho) ganador de las elecciones para presidir el HCD como se descontaba, \u00bfse ha sumado al bloque del oficialismo?<\/strong><br \/>\n<em>-La concejal Dreier forma parte del bloque Cambiemos-Juntos y es radical; y por lo que se supo, no hubo acuerdo en conversaciones que tuvo con Ra\u00fal Sancho<\/em> (antes del inicio del nuevo per\u00edodo) <em>por lo egoc\u00e9ntrico que es Sancho. Pero bueno, es un problema a resolver entre ellos, de ning\u00fan modo forma parte del bloque del oficialismo; ella es parte de la oposici\u00f3n si bien su pares la est\u00e1n maltratando mucho y ninguneando.<\/em><\/p>\n<p>&nbsp;<\/p>\n<figure id=\"attachment_14572\" aria-describedby=\"caption-attachment-14572\" style=\"width: 667px\" class=\"wp-caption aligncenter\"><img loading=\"lazy\" decoding=\"async\" class=\"size-large wp-image-14572\" src=\"https:\/\/revistaepocadigital.com.ar\/wp-content\/uploads\/2022\/01\/real-sala-nanni-667x1200.jpg\" alt=\"\" width=\"667\" height=\"1200\" srcset=\"https:\/\/revistaepocadigital.com.ar\/wp-content\/uploads\/2022\/01\/real-sala-nanni-667x1200.jpg 667w, https:\/\/revistaepocadigital.com.ar\/wp-content\/uploads\/2022\/01\/real-sala-nanni-167x300.jpg 167w, https:\/\/revistaepocadigital.com.ar\/wp-content\/uploads\/2022\/01\/real-sala-nanni-768x1382.jpg 768w, https:\/\/revistaepocadigital.com.ar\/wp-content\/uploads\/2022\/01\/real-sala-nanni-696x1253.jpg 696w, https:\/\/revistaepocadigital.com.ar\/wp-content\/uploads\/2022\/01\/real-sala-nanni-233x420.jpg 233w, https:\/\/revistaepocadigital.com.ar\/wp-content\/uploads\/2022\/01\/real-sala-nanni-467x840.jpg 467w, https:\/\/revistaepocadigital.com.ar\/wp-content\/uploads\/2022\/01\/real-sala-nanni.jpg 800w\" sizes=\"auto, (max-width: 667px) 100vw, 667px\" \/><figcaption id=\"caption-attachment-14572\" class=\"wp-caption-text\">Junto a Nanni. (Foto archivo 2021)<\/figcaption><\/figure>\n<p>&nbsp;<\/p>\n<p><strong>-Quedaron definididos los aumentos en las tasas, \u00bfpuede precisar y cuando se dan a conocer a los vecinos?<\/strong><br \/>\n&#8211;<em>El incremento fue el menor entre los municipios de la provincia de Buenos Aires, el menos &#8220;leonino&#8221; (sic), aumentan el 40% en todos los rubros. Esto va a permitir seguir garantizando al vecino que no sea un impacto tan fuerte a su bolsillo, para poder seguir bridandole salud de alta complejidad en Exaltaci\u00f3n de la Cruz, sin necesidad de movlizarse a otros lugares; tambi\u00e9n continuar invirtiendo en seguridad, otra apuesta del municipio, invertir en m\u00f3viles, combustibles, c\u00e1maras de seguridad. Algo similar se puede decir en materia de educaci\u00f3n, para que los jovenes por ejemplo, se queden en el distrito para poder seguir estudiando y brind\u00e1ndoles lo mejor. A su vez, a la gesti\u00f3n le importa mucho la pol\u00edtica medioambiental, que llev\u00f3 a que se hicieran grandes inversiones, como la que se hizo en el basural, tambi\u00e9n en el \u00e1rea el\u00e9ctrica, y la nueva ordenanza tributaria tambi\u00e9n era necesaria para afrontar aumentos en combustibles o de la canasta b\u00e1sica, para atender todas las cuestiones era necesaria la ordenanza tributaria fiscal. Como mencion\u00e9, los plazos para fijarla, estaban agotados por todo lo q vivimos el a\u00f1o pasado, las elecciones, la andemia. La ordenanza siempre estuvo en tiempo y forma, y siempre la oposici\u00f3n la dilat\u00f3<\/em>.<\/p>\n<p>&#8211;<strong>La lectura efectuada por usted desde ya, est\u00e1 en las ant\u00edpodas de lo sostenido y denunciado por la oposici\u00f3n&#8230;<\/strong><br \/>\n<em>-Pasaron tres meses del a\u00f1o pasado sin que Juntos mirara la ordenanza; especulando en la redes sociales y dici\u00e9ndole a los vecinos que ven\u00edan aumentos de tasas, y siempre con la irresponsabilidad con que se manejan para generar una disconformidad en los vecimos, pero nosotros tenemos reitero la tranquilidad de estar haciendo las cosas con la responsabilidad que amerita m\u00e1s en lo tiempos que atravesamos.<\/em><\/p>\n","protected":false},"excerpt":{"rendered":"<p>NO PARAN DE REPICAR LOS &#8220;MISILAZOS&#8221; VERBALES, ORIGINADOS EN LA &#8220;BATALLA&#8221; EN EL HCD ANTE EL TRATAMIENTO DE LA ORDENANZA TRIBUTARIA QUE HA ORIGINADO UN AUMENTO DEL 40% EN LAS TASAS MUNICIPALES.<\/p>\n","protected":false},"author":4,"featured_media":14571,"comment_status":"open","ping_status":"open","sticky":false,"template":"","format":"standard","meta":{"footnotes":"","jetpack_publicize_message":"","jetpack_publicize_feature_enabled":true,"jetpack_social_post_already_shared":false,"jetpack_social_options":{"image_generator_settings":{"template":"highway","default_image_id":0,"font":"","enabled":false},"version":2}},"categories":[17],"tags":[379,1736,1737],"class_list":["post-14567","post","type-post","status-publish","format-standard","has-post-thumbnail","hentry","category-politica","tag-hcd","tag-real-salas","tag-tasas-2022"],"jetpack_publicize_connections":[],"jetpack_featured_media_url":"https:\/\/revistaepocadigital.com.ar\/wp-content\/uploads\/2022\/01\/reAL-SALA..jpg","jetpack_likes_enabled":true,"_links":{"self":[{"href":"https:\/\/revistaepocadigital.com.ar\/index.php?rest_route=\/wp\/v2\/posts\/14567","targetHints":{"allow":["GET"]}}],"collection":[{"href":"https:\/\/revistaepocadigital.com.ar\/index.php?rest_route=\/wp\/v2\/posts"}],"about":[{"href":"https:\/\/revistaepocadigital.com.ar\/index.php?rest_route=\/wp\/v2\/types\/post"}],"author":[{"embeddable":true,"href":"https:\/\/revistaepocadigital.com.ar\/index.php?rest_route=\/wp\/v2\/users\/4"}],"replies":[{"embeddable":true,"href":"https:\/\/revistaepocadigital.com.ar\/index.php?rest_route=%2Fwp%2Fv2%2Fcomments&post=14567"}],"version-history":[{"count":0,"href":"https:\/\/revistaepocadigital.com.ar\/index.php?rest_route=\/wp\/v2\/posts\/14567\/revisions"}],"wp:featuredmedia":[{"embeddable":true,"href":"https:\/\/revistaepocadigital.com.ar\/index.php?rest_route=\/wp\/v2\/media\/14571"}],"wp:attachment":[{"href":"https:\/\/revistaepocadigital.com.ar\/index.php?rest_route=%2Fwp%2Fv2%2Fmedia&parent=14567"}],"wp:term":[{"taxonomy":"category","embeddable":true,"href":"https:\/\/revistaepocadigital.com.ar\/index.php?rest_route=%2Fwp%2Fv2%2Fcategories&post=14567"},{"taxonomy":"post_tag","embeddable":true,"href":"https:\/\/revistaepocadigital.com.ar\/index.php?rest_route=%2Fwp%2Fv2%2Ftags&post=14567"}],"curies":[{"name":"wp","href":"https:\/\/api.w.org\/{rel}","templated":true}]}}