{"id":14577,"date":"2022-01-22T22:06:12","date_gmt":"2022-01-23T01:06:12","guid":{"rendered":"https:\/\/revistaepocadigital.com.ar\/?p=14577"},"modified":"2022-01-22T22:06:12","modified_gmt":"2022-01-23T01:06:12","slug":"en-carlos-lemee-la-unidad-sanitaria-movil-este-lunes-24","status":"publish","type":"post","link":"https:\/\/revistaepocadigital.com.ar\/?p=14577","title":{"rendered":"En Carlos Lem\u00e9e, la unidad sanitaria m\u00f3vil este lunes 24"},"content":{"rendered":"<p>EN EL BARRIO: CARLOS LEME\u00c9<\/p>\n<p>El pr\u00f3ximo lunes 24 de enero se llevaradelante una nueva jornada de salud con laa unidad sanitaria m\u00f3vil en Carlos Leme\u00e9, a partir de las 9 horas. Profesionales realizar\u00e1n controles de salud y aptos f\u00edsicos.<br \/>\nAdem\u00e1s, completar\u00e1n esquemas de vacunaci\u00f3n de calendario, planillas del Anses, controles de tensi\u00f3n arterial y glucemia, al tiempo que se realizar\u00e1n recetas, organizar\u00e1n turnos m\u00e9dicos para la atenci\u00f3n en los CAPS y se entregar\u00e1n m\u00e9todos anticonceptivos<\/p>\n","protected":false},"excerpt":{"rendered":"<p>EN EL BARRIO: CARLOS LEME\u00c9 El pr\u00f3ximo lunes 24 de enero se llevaradelante una nueva jornada de salud con laa unidad sanitaria m\u00f3vil en Carlos Leme\u00e9, a partir de las 9 horas. Profesionales realizar\u00e1n controles de salud y aptos f\u00edsicos. Adem\u00e1s, completar\u00e1n esquemas de vacunaci\u00f3n de calendario, planillas del Anses, controles de tensi\u00f3n arterial y [&hellip;]<\/p>\n","protected":false},"author":3,"featured_media":14578,"comment_status":"open","ping_status":"open","sticky":false,"template":"","format":"standard","meta":{"footnotes":"","jetpack_publicize_message":"","jetpack_publicize_feature_enabled":true,"jetpack_social_post_already_shared":false,"jetpack_social_options":{"image_generator_settings":{"template":"highway","default_image_id":0,"font":"","enabled":false},"version":2}},"categories":[6,13],"tags":[261,119],"class_list":["post-14577","post","type-post","status-publish","format-standard","has-post-thumbnail","hentry","category-barrios","category-interes-general","tag-barrios","tag-salud"],"jetpack_publicize_connections":[],"jetpack_featured_media_url":"https:\/\/revistaepocadigital.com.ar\/wp-content\/uploads\/2022\/01\/272147374_5167976966588554_8230175655289985952_n.jpg","jetpack_likes_enabled":true,"_links":{"self":[{"href":"https:\/\/revistaepocadigital.com.ar\/index.php?rest_route=\/wp\/v2\/posts\/14577","targetHints":{"allow":["GET"]}}],"collection":[{"href":"https:\/\/revistaepocadigital.com.ar\/index.php?rest_route=\/wp\/v2\/posts"}],"about":[{"href":"https:\/\/revistaepocadigital.com.ar\/index.php?rest_route=\/wp\/v2\/types\/post"}],"author":[{"embeddable":true,"href":"https:\/\/revistaepocadigital.com.ar\/index.php?rest_route=\/wp\/v2\/users\/3"}],"replies":[{"embeddable":true,"href":"https:\/\/revistaepocadigital.com.ar\/index.php?rest_route=%2Fwp%2Fv2%2Fcomments&post=14577"}],"version-history":[{"count":0,"href":"https:\/\/revistaepocadigital.com.ar\/index.php?rest_route=\/wp\/v2\/posts\/14577\/revisions"}],"wp:featuredmedia":[{"embeddable":true,"href":"https:\/\/revistaepocadigital.com.ar\/index.php?rest_route=\/wp\/v2\/media\/14578"}],"wp:attachment":[{"href":"https:\/\/revistaepocadigital.com.ar\/index.php?rest_route=%2Fwp%2Fv2%2Fmedia&parent=14577"}],"wp:term":[{"taxonomy":"category","embeddable":true,"href":"https:\/\/revistaepocadigital.com.ar\/index.php?rest_route=%2Fwp%2Fv2%2Fcategories&post=14577"},{"taxonomy":"post_tag","embeddable":true,"href":"https:\/\/revistaepocadigital.com.ar\/index.php?rest_route=%2Fwp%2Fv2%2Ftags&post=14577"}],"curies":[{"name":"wp","href":"https:\/\/api.w.org\/{rel}","templated":true}]}}