{"id":14656,"date":"2022-02-02T00:28:46","date_gmt":"2022-02-02T03:28:46","guid":{"rendered":"https:\/\/revistaepocadigital.com.ar\/?p=14656"},"modified":"2022-02-02T00:30:09","modified_gmt":"2022-02-02T03:30:09","slug":"machismos-paremos-la-pelota-de-los-mandatos","status":"publish","type":"post","link":"https:\/\/revistaepocadigital.com.ar\/?p=14656","title":{"rendered":"Machismos: paremos la pelota de los mandatos"},"content":{"rendered":"<p><strong>\u201cNo llores\u201d.\u00a0 La reveladora nota de Nuria Pena, Coordinadora de la Iniciativa Spotlight en Argentina y Victoria Cole, CEO de Wunderman Thompson Argentina y Directora de la Comisi\u00f3n Diversidad del CPA.<\/strong><!--more--><\/p>\n<p>T<strong>en\u00e9s que mantener a tu familia\u201d. \u201c\u00bfTodav\u00eda sos virgen?\u201d \u201c\u00bfEn serio gan\u00e1s menos que tu mujer?\u201d.<\/strong><\/p>\n<p>En distintos \u00e1mbitos de nuestra cotidianeidad, todos y todas alguna vez reprodujimos o fuimos testigos de alguna frase de este tipo dirigida hacia un var\u00f3n. Detr\u00e1s de estos comentarios, existe un mandato social dicot\u00f3mico: los varones deben ser fuertes, activos, autosuficientes, racionales, valientes y exitosos, no as\u00ed las mujeres. Adem\u00e1s, se trata de comentarios que reproducen e incentivan imaginarios sociales sumamente opresivos en los que no hay lugar para otras identidades no binarias y que excluyen a quienes no se identifican ni con una ni con otra.<\/p>\n<p>Estos discursos validan normas y pr\u00e1cticas que duelen, que excluyen, que contienen en mayor o menor medida mensajes que avalan y justifican modelos de masculinidades que limitan y son caldo de cultivo para las formas de violencia m\u00e1s extremas. Se trata de discursos y pr\u00e1cticas que engendran violencia hacia quienes no encajan en estas estructuras estancas, y no se identifican ni desean identificarse con identidades binarias, que lejos de ampliar los campos de posibilidades de \u201cser\u201d, los limitan.<\/p>\n<p>Hablarles a los varones se convierte entonces en una necesidad fundamental para construir v\u00ednculos m\u00e1s libres y diversos. Estos mandatos son parte de un sistema desigual que queremos desarmar para ponerle fin a las violencias de g\u00e9nero, y su forma m\u00e1s extrema, los femicidios.<\/p>\n<p>Las cifras no cesan<strong>. En 2021, de acuerdo con los datos de La Casa del Encuentro, Argentina report\u00f3 un femicidio, transfemicidio y travesticidio cada 29 horas.<\/strong> Estos n\u00fameros alertan a la sociedad y demuestran que, si bien la agenda de g\u00e9nero est\u00e1 cada vez m\u00e1s presente en la conversaci\u00f3n, es necesario profundizar los esfuerzos de manera colectiva.<\/p>\n<p><img loading=\"lazy\" decoding=\"async\" class=\"aligncenter size-full wp-image-14660\" src=\"https:\/\/revistaepocadigital.com.ar\/wp-content\/uploads\/2022\/02\/588599_20220130130642.jpg\" alt=\"\" width=\"1076\" height=\"663\" srcset=\"https:\/\/revistaepocadigital.com.ar\/wp-content\/uploads\/2022\/02\/588599_20220130130642.jpg 1076w, https:\/\/revistaepocadigital.com.ar\/wp-content\/uploads\/2022\/02\/588599_20220130130642-300x185.jpg 300w, https:\/\/revistaepocadigital.com.ar\/wp-content\/uploads\/2022\/02\/588599_20220130130642-768x473.jpg 768w, https:\/\/revistaepocadigital.com.ar\/wp-content\/uploads\/2022\/02\/588599_20220130130642-356x220.jpg 356w, https:\/\/revistaepocadigital.com.ar\/wp-content\/uploads\/2022\/02\/588599_20220130130642-712x440.jpg 712w, https:\/\/revistaepocadigital.com.ar\/wp-content\/uploads\/2022\/02\/588599_20220130130642-696x429.jpg 696w, https:\/\/revistaepocadigital.com.ar\/wp-content\/uploads\/2022\/02\/588599_20220130130642-1068x658.jpg 1068w, https:\/\/revistaepocadigital.com.ar\/wp-content\/uploads\/2022\/02\/588599_20220130130642-682x420.jpg 682w\" sizes=\"auto, (max-width: 1076px) 100vw, 1076px\" \/><\/p>\n<p>&nbsp;<\/p>\n<p>Es muy com\u00fan encontrar un rechazo casi generalizado a formas de violencia extrema, pero no tanto a formas de violencias m\u00e1s sutiles y menos visibles. Por dar un ejemplo, muy pocas veces se reflexiona sobre las pr\u00e1cticas que los varones hacen sin consentimiento para conseguir un beso, una cita o tener sexo. Problematizar estos mandatos y posiciones de privilegios es clave para desarmar y cuestionar las relaciones de desigualdad y de complicidad.<\/p>\n<p><strong>En un contexto donde la violencia machista est\u00e1 sumamente presente -305 femicidios en 2021,<\/strong> de acuerdo con las cifras de la Casa del Encuentro- y para generar conciencia sobre esta problem\u00e1tica, desde la Iniciativa Spotlight, una alianza entre la Uni\u00f3n Europea y las Naciones Unidas por el fin de las violencias de g\u00e9nero, y el Consejo Publicitario Argentino nos unimos para crear \u201cParemos La Pelota\u201d: una campa\u00f1a que le habla a los varones y tiene como objetivo invitar a reflexionar sobre las actitudes machistas que reproducen violencias.<\/p>\n<p>Ante la aparici\u00f3n de escraches y denuncias constantes, sobre todo en las redes sociales, la primera reacci\u00f3n de la mayor\u00eda de los varones suele ser el miedo, el enojo o la protesta. Pero es importante trascender esa reacci\u00f3n, e invitar a repensar actitudes machistas que a\u00fan se encuentran naturalizadas en nuestra sociedad.<\/p>\n<p>Las y los invitamos a cuestionarnos y tomar acci\u00f3n en los espacios que habitamos. Paremos la pelota y empecemos un partido nuevo por masculinidades m\u00e1s libres, respetuosas y diversas.<\/p>\n<p>Para conocer y compartir la campa\u00f1a \u201cParemos La Pelota\u201d, visit\u00e1 www.paremoslapelota.org<\/p>\n","protected":false},"excerpt":{"rendered":"<p>\u201cNo llores\u201d.\u00a0 La reveladora nota de Nuria Pena, Coordinadora de la Iniciativa Spotlight en Argentina y Victoria Cole, CEO de Wunderman Thompson Argentina y Directora de la Comisi\u00f3n Diversidad del CPA.<\/p>\n","protected":false},"author":3,"featured_media":14659,"comment_status":"open","ping_status":"open","sticky":false,"template":"","format":"standard","meta":{"footnotes":"","jetpack_publicize_message":"","jetpack_publicize_feature_enabled":true,"jetpack_social_post_already_shared":false,"jetpack_social_options":{"image_generator_settings":{"template":"highway","default_image_id":0,"font":"","enabled":false},"version":2}},"categories":[14],"tags":[1739],"class_list":["post-14656","post","type-post","status-publish","format-standard","has-post-thumbnail","hentry","category-la-gente","tag-machismo"],"jetpack_publicize_connections":[],"jetpack_featured_media_url":"https:\/\/revistaepocadigital.com.ar\/wp-content\/uploads\/2022\/02\/FKH-UWbVIAAqu7y.jpg","jetpack_likes_enabled":true,"_links":{"self":[{"href":"https:\/\/revistaepocadigital.com.ar\/index.php?rest_route=\/wp\/v2\/posts\/14656","targetHints":{"allow":["GET"]}}],"collection":[{"href":"https:\/\/revistaepocadigital.com.ar\/index.php?rest_route=\/wp\/v2\/posts"}],"about":[{"href":"https:\/\/revistaepocadigital.com.ar\/index.php?rest_route=\/wp\/v2\/types\/post"}],"author":[{"embeddable":true,"href":"https:\/\/revistaepocadigital.com.ar\/index.php?rest_route=\/wp\/v2\/users\/3"}],"replies":[{"embeddable":true,"href":"https:\/\/revistaepocadigital.com.ar\/index.php?rest_route=%2Fwp%2Fv2%2Fcomments&post=14656"}],"version-history":[{"count":0,"href":"https:\/\/revistaepocadigital.com.ar\/index.php?rest_route=\/wp\/v2\/posts\/14656\/revisions"}],"wp:featuredmedia":[{"embeddable":true,"href":"https:\/\/revistaepocadigital.com.ar\/index.php?rest_route=\/wp\/v2\/media\/14659"}],"wp:attachment":[{"href":"https:\/\/revistaepocadigital.com.ar\/index.php?rest_route=%2Fwp%2Fv2%2Fmedia&parent=14656"}],"wp:term":[{"taxonomy":"category","embeddable":true,"href":"https:\/\/revistaepocadigital.com.ar\/index.php?rest_route=%2Fwp%2Fv2%2Fcategories&post=14656"},{"taxonomy":"post_tag","embeddable":true,"href":"https:\/\/revistaepocadigital.com.ar\/index.php?rest_route=%2Fwp%2Fv2%2Ftags&post=14656"}],"curies":[{"name":"wp","href":"https:\/\/api.w.org\/{rel}","templated":true}]}}