{"id":14686,"date":"2022-02-03T15:30:45","date_gmt":"2022-02-03T18:30:45","guid":{"rendered":"https:\/\/revistaepocadigital.com.ar\/?p=14686"},"modified":"2022-02-04T00:42:17","modified_gmt":"2022-02-04T03:42:17","slug":"los-bomberos-no-pueden-ni-deben-ser-usados-por-los-politicos-contundente-angel-sanchez-titular-de-la-asociacion-en-capilla","status":"publish","type":"post","link":"https:\/\/revistaepocadigital.com.ar\/?p=14686","title":{"rendered":"&#8220;Los Bomberos no pueden ni deben ser usados por los pol\u00edticos&#8221;, contundente Angel S\u00e1nchez, titular de la Asociaci\u00f3n en Capilla"},"content":{"rendered":"<p><strong>LA INTERMINABLE POL\u00c9MICA ORIGINADA POR EL AUMENTO DE LAS TASAS MUNICIPALES, TAMBI\u00c9N SE HIZO SENTIR EN LOS BOMBEROS VOLUNTARIOS.<\/strong><!--more--><\/p>\n<p>EPOCA requiri\u00f3 el punto de vista de Angel S\u00e1nchez, presidente de la Asociaci\u00f3n de Bomberos Voluntarios de Capilla del Se\u00f1or. El concejal Ra\u00fal Sancho (Juntos) en nota aparte en el marco de sus cr\u00edticas reiteradas y de alto voltaje, donde tambi\u00e9n han incidido intereses pol\u00edticos partidarios, cuando cuestion\u00f3 el aumento de las tasas municipales, aludi\u00f3 a los Bomberos Voluntarios. Sobre la gran controversia, se expidi\u00f3 la justicia (ver nota aparte)<\/p>\n<p><strong>S\u00e1nchez<\/strong> dio su parecer, \u00b7&#8221;<em>la medida aplicada por la municipalidad desde hace mucho, no obliga a los vecinos a aportar ese peque\u00f1o porcentaje que incluyen las facturas por las tasas, a beneficio de los Bomberos Voluntarias cada vez que se pagan las tasas municipales&#8221;.<\/em><\/p>\n<p><strong><a href=\"https:\/\/revistaepocadigital.com.ar\/wp-content\/uploads\/2022\/02\/carb.bmp\"><img loading=\"lazy\" decoding=\"async\" class=\"aligncenter size-full wp-image-14689\" src=\"https:\/\/revistaepocadigital.com.ar\/wp-content\/uploads\/2022\/02\/carb.bmp\" alt=\"\" width=\"300\" height=\"180\" \/><\/a><\/strong><\/p>\n<p><em>Uno de los recientes incendios al que concuririeron los Bomberos.<\/em><\/p>\n<p><em>&#8220;Nosotros como instituci\u00f3n.<\/em> -detall\u00f3 S\u00e1nchez-<em> nos reunimos con funcionarios del municipio en noviembre del a\u00f1o pasado, para conversar sobre lo que lo que est\u00e1 reglamentado, sobre lo que le corresponde en un peque\u00f1o porcentaje de las tasas a los Bomberos Voluntarios. Repito el municipio no obliga a la gente a hacer ese aporte. Lo que nosotros consideramos y lo hablamos en la municipalidad con la gente del \u00e1rea contable, fue que se consum\u00edan 120 litros de gasoil por mes y cobrabamos solo 67 pesos mensuales en cada factura. Por eso propusimos en el mes de diciembre, que el aporte se elevara a 120 pesos por mes por factura, a modo de compensar algo al menos los aumentos que ha habido&#8221;.<\/em><\/p>\n<p>Explic\u00f3 despu\u00e9s el presidente de la Asociaci\u00f3n <em>&#8220;conversamos tambi\u00e9n con el intendente Nanni y con concejales; en el inter\u00edn de esos d\u00edas el intendente me llam\u00f3 por tel\u00e9fono para que yo hablara con el concejal Ra\u00fal Sancho, para que apoyara tambi\u00e9n el proyecto, lo llam\u00e9 y me dijo que lo apoyararmos nosotros como Bomberos que pod\u00edamos tener mas eco, si bien dijo que ellos tambi\u00e9n iban a apoyar&#8221;<\/em><\/p>\n<p>&#8211;<strong>\u00bfInfluye la pol\u00edtica en el seno de los Bomberos Voluntarios?<\/strong><br \/>\n&#8211;<em>Vale mucho la pena aclarar, nunca est\u00e1 dem\u00e1s. que la Asociaci\u00f3n Bomberos Voluntarios de Capilla del Se\u00f1or, nunca se mete en pol\u00edtica, para nada, los bomberos son voluntarios y no tienen color pol\u00edtico. El \u00fanico objetivo y por el cual se trabaja, es el dar el mejor servicio posible a los vecinos cuando lo precisen. Tampoco nos contactamos con pol\u00edticos, y sobre los politicos una menci\u00f3n, durante la ola de incendios y siniestros que hubo hace poco, el concejal Palmieri fue uno de los pocos que se nos acerc\u00f3, incluso don\u00f3 bebidas y agua, unos 30\/40 pack para nuestros bomberos en esos d\u00edas de calor terribles, despu\u00e9s de cada salida volv\u00edan agotados al cuartel. Hubo un incendio en el parque industrial de Cardales, que les llevo dos d\u00edas, sabado y domingo, hicieron un esfuerzo impresionante y terminaron agotados. Tambi\u00e9n el octubre\/noviembre del a\u00f1o pasado, nos visit\u00f3 en el cuartel el concejal Alonso, interes\u00e1ndose por la marcha de nuestra entidad<\/em>.<\/p>\n<p><strong>-Los Bomberos de Capilla como se financian?<\/strong><br \/>\n&#8211;<em>Se recibe un subsidio anual del gobierno nacional de 3,2 millones se pesos y adem\u00e1 otro subsidio mensual de 270 mil pesos. Y los costos para mantener activo al cuartel y a todo el personal, son muy importantes. Por ejemplo, llenar el tanque de 1500 litros de gasoil <\/em><br \/>\n<em>representaban 140 mil pesos a pagar. Cada service por ejemplo en los frenos de un unidad ronda los 400 mil pesos. De todas maneras, nuestra directiva de la Asociaci\u00f3n sigue trabajando a full, hace poco compramos un cami\u00f3n cistena con un capacidad para 10 mil litros de agua, un Mercedes Benz modelo 90, trambi\u00e9n compramos un Renault para 13 mil litros de agua, modelo 2002.<\/em><\/p>\n<p><strong>-\u00bfQue esperan los Bomberos?<\/strong><br \/>\n&#8211;<em>Vuelvo a decir, nunca se mezcla en nuestra instituci\u00f3n a la pol\u00edtica bajo ningun aspecto, esta prohibido hablar de politica. La unica preocupaci\u00f3n es la instituci\u00f3n y el personal, al que por ejemplo lo damos obra social y jubilacion luego de 25 a\u00f1os de servicio\u00b4. Nuestros vecinos tienen que saber bien el enorme servicio que le prestan los muchachos y chicas bomberos.<\/em><\/p>\n<p><strong><em>&#8220;Los Bomberos no pueden ni deben ser usados por los pol\u00edticos, les pido a los concejales que lo concienticen y se comporten en tal sentido&#8221;, <\/em><\/strong>enfatiz\u00f3 S\u00e1nchez al concluir el di\u00e1logo con EPOCA.<\/p>\n<p>&nbsp;<\/p>\n","protected":false},"excerpt":{"rendered":"<p>LA INTERMINABLE POL\u00c9MICA ORIGINADA POR EL AUMENTO DE LAS TASAS MUNICIPALES, TAMBI\u00c9N SE HIZO SENTIR EN LOS BOMBEROS VOLUNTARIOS.<\/p>\n","protected":false},"author":4,"featured_media":0,"comment_status":"open","ping_status":"open","sticky":false,"template":"","format":"standard","meta":{"footnotes":"","jetpack_publicize_message":"","jetpack_publicize_feature_enabled":true,"jetpack_social_post_already_shared":false,"jetpack_social_options":{"image_generator_settings":{"template":"highway","default_image_id":0,"font":"","enabled":false},"version":2}},"categories":[13],"tags":[365,165,643],"class_list":["post-14686","post","type-post","status-publish","format-standard","hentry","category-interes-general","tag-bomberos","tag-sanchez","tag-tasas"],"jetpack_publicize_connections":[],"jetpack_featured_media_url":"","jetpack_likes_enabled":true,"_links":{"self":[{"href":"https:\/\/revistaepocadigital.com.ar\/index.php?rest_route=\/wp\/v2\/posts\/14686","targetHints":{"allow":["GET"]}}],"collection":[{"href":"https:\/\/revistaepocadigital.com.ar\/index.php?rest_route=\/wp\/v2\/posts"}],"about":[{"href":"https:\/\/revistaepocadigital.com.ar\/index.php?rest_route=\/wp\/v2\/types\/post"}],"author":[{"embeddable":true,"href":"https:\/\/revistaepocadigital.com.ar\/index.php?rest_route=\/wp\/v2\/users\/4"}],"replies":[{"embeddable":true,"href":"https:\/\/revistaepocadigital.com.ar\/index.php?rest_route=%2Fwp%2Fv2%2Fcomments&post=14686"}],"version-history":[{"count":0,"href":"https:\/\/revistaepocadigital.com.ar\/index.php?rest_route=\/wp\/v2\/posts\/14686\/revisions"}],"wp:attachment":[{"href":"https:\/\/revistaepocadigital.com.ar\/index.php?rest_route=%2Fwp%2Fv2%2Fmedia&parent=14686"}],"wp:term":[{"taxonomy":"category","embeddable":true,"href":"https:\/\/revistaepocadigital.com.ar\/index.php?rest_route=%2Fwp%2Fv2%2Fcategories&post=14686"},{"taxonomy":"post_tag","embeddable":true,"href":"https:\/\/revistaepocadigital.com.ar\/index.php?rest_route=%2Fwp%2Fv2%2Ftags&post=14686"}],"curies":[{"name":"wp","href":"https:\/\/api.w.org\/{rel}","templated":true}]}}