{"id":1492,"date":"2019-02-01T17:53:28","date_gmt":"2019-02-01T20:53:28","guid":{"rendered":"https:\/\/revistaepocadigital.com.ar\/?p=1492"},"modified":"2019-02-01T17:53:28","modified_gmt":"2019-02-01T20:53:28","slug":"viene-maria-eugenia-vidal-a-capilla","status":"publish","type":"post","link":"https:\/\/revistaepocadigital.com.ar\/?p=1492","title":{"rendered":"\u00bfVIENE MARIA EUGENIA VIDAL A CAPILLA?"},"content":{"rendered":"<p><strong>LA GOBERNADORA VISITA CIUDADES DEL INTERIOR PROVINCIAL.<\/strong><!--more--><\/p>\n<p>Ha estado en la <strong>Comisar\u00eda de la Mujer<\/strong> del partido de <strong>Ameghino<\/strong> y adem\u00e1s, se reuni\u00f3 con el intendente local, <strong>CalixtoTellechea<\/strong>. Su presencia que se extendi\u00f3 a los municipios de <strong>Leandro N. Alem y Roque P\u00e9rez,<\/strong> yforma parte de las visitas habituales que efect\u00faa al interior bonaerenses.<\/p>\n<p><em>&#8220;Nos interesa hablar de los problemas que tiene la provincia y las ciudades, para eso venimos a cada municipio y vamos a la oficina del intendente, sea de Cambiemos o no&#8221;<\/em>, asegur\u00f3<strong> Vidal,<\/strong> y remarc\u00f3 que &#8220;<em>sin dudas de donde venimos nos puede llevar tiempo resolver estas cuestiones, pero el camino empez\u00f3 y la responsabilidad es de todos, frente a la gente hay un solo Estado, no se trata de municipio o provincia, no puede haber divisiones ni tratar de patear la pelota de un lado a otro&#8221;.<\/em><\/p>\n<p>Durante 2018 y lo que va de 2019 <strong>la gobernadora, se propuso visitar los 135 distritos de la provincia de Buenos Aires como ya lo hizo en 2016, objetivo que cumplir\u00e1 en los pr\u00f3ximos d\u00edas. Se desprende entonces, que deber\u00eda visitar tambi\u00e9n Capilla <\/strong><strong>del Se\u00f1or, cabecera del partido de Exaltaci\u00f3n de la Cruz.<\/strong><\/p>\n<figure id=\"attachment_1497\" aria-describedby=\"caption-attachment-1497\" style=\"width: 900px\" class=\"wp-caption alignnone\"><img loading=\"lazy\" decoding=\"async\" class=\"size-full wp-image-1497\" src=\"https:\/\/revistaepocadigital.com.ar\/wp-content\/uploads\/2019\/02\/vidal-police-19.jpg\" alt=\"\" width=\"900\" height=\"504\" srcset=\"https:\/\/revistaepocadigital.com.ar\/wp-content\/uploads\/2019\/02\/vidal-police-19.jpg 900w, https:\/\/revistaepocadigital.com.ar\/wp-content\/uploads\/2019\/02\/vidal-police-19-300x168.jpg 300w, https:\/\/revistaepocadigital.com.ar\/wp-content\/uploads\/2019\/02\/vidal-police-19-768x430.jpg 768w, https:\/\/revistaepocadigital.com.ar\/wp-content\/uploads\/2019\/02\/vidal-police-19-696x390.jpg 696w, https:\/\/revistaepocadigital.com.ar\/wp-content\/uploads\/2019\/02\/vidal-police-19-750x420.jpg 750w\" sizes=\"auto, (max-width: 900px) 100vw, 900px\" \/><figcaption id=\"caption-attachment-1497\" class=\"wp-caption-text\">La gobernadora en la Comisar\u00eda de la Mujer del partido de Ameghino. \u00bfvendr\u00e1 a Capilla del Se\u00f1or?<\/figcaption><\/figure>\n<p>Durante su permanencia en<strong> Ameghino, Vidal<\/strong> estuvo en la Comisar\u00eda de la Mujer,<em> &#8220;que es un avance de trabajo que venimos haciendo con el municipio, me reun\u00ed con el equipo que trabaja para atender m\u00e1s de 100 casos que tienen medidas cautelares solo en esa ciudad, y la problem\u00e1tica de mujeres que necesitan el apoyo del Estado\u201d,<\/em> dijo. La comisar\u00eda, inaugurada el 18 de enero pasado <em>\u201ces un ejemplo del equipamiento, no es s\u00f3lo el edificio, son las computadoras, los patrulleros y el fondo que implementamos con el intendente el primer a\u00f1o\u201d<\/em>, explic\u00f3 con respecto al Fondo Municipal de Fortalecimiento de la Seguridad del 2016.<\/p>\n<p>Previamente, la gobernadora y el subsecretario de gobierno y asuntos municipales, <strong>Alex Campbell,<\/strong> se reunieron con el intendente Tellechea, analizando temas de la gesti\u00f3n local, como el acceso a la localidad del Porvenir y el funcionamiento del hospital.<\/p>\n<p>Fotos: Secretar\u00eda de Medios de la provincia de Buenos Aires.<\/p>\n","protected":false},"excerpt":{"rendered":"<p>LA GOBERNADORA VISITA CIUDADES DEL INTERIOR PROVINCIAL.<\/p>\n","protected":false},"author":4,"featured_media":1496,"comment_status":"open","ping_status":"open","sticky":false,"template":"","format":"standard","meta":{"footnotes":"","jetpack_publicize_message":"","jetpack_publicize_feature_enabled":true,"jetpack_social_post_already_shared":false,"jetpack_social_options":{"image_generator_settings":{"template":"highway","default_image_id":0,"font":"","enabled":false},"version":2}},"categories":[15],"tags":[37,146,189],"class_list":["post-1492","post","type-post","status-publish","format-standard","has-post-thumbnail","hentry","category-lo-que-tenes-que-saber","tag-destacada","tag-vidal","tag-visitas"],"jetpack_publicize_connections":[],"jetpack_featured_media_url":"https:\/\/revistaepocadigital.com.ar\/wp-content\/uploads\/2019\/02\/vidal-19.jpg","jetpack_likes_enabled":true,"_links":{"self":[{"href":"https:\/\/revistaepocadigital.com.ar\/index.php?rest_route=\/wp\/v2\/posts\/1492","targetHints":{"allow":["GET"]}}],"collection":[{"href":"https:\/\/revistaepocadigital.com.ar\/index.php?rest_route=\/wp\/v2\/posts"}],"about":[{"href":"https:\/\/revistaepocadigital.com.ar\/index.php?rest_route=\/wp\/v2\/types\/post"}],"author":[{"embeddable":true,"href":"https:\/\/revistaepocadigital.com.ar\/index.php?rest_route=\/wp\/v2\/users\/4"}],"replies":[{"embeddable":true,"href":"https:\/\/revistaepocadigital.com.ar\/index.php?rest_route=%2Fwp%2Fv2%2Fcomments&post=1492"}],"version-history":[{"count":0,"href":"https:\/\/revistaepocadigital.com.ar\/index.php?rest_route=\/wp\/v2\/posts\/1492\/revisions"}],"wp:featuredmedia":[{"embeddable":true,"href":"https:\/\/revistaepocadigital.com.ar\/index.php?rest_route=\/wp\/v2\/media\/1496"}],"wp:attachment":[{"href":"https:\/\/revistaepocadigital.com.ar\/index.php?rest_route=%2Fwp%2Fv2%2Fmedia&parent=1492"}],"wp:term":[{"taxonomy":"category","embeddable":true,"href":"https:\/\/revistaepocadigital.com.ar\/index.php?rest_route=%2Fwp%2Fv2%2Fcategories&post=1492"},{"taxonomy":"post_tag","embeddable":true,"href":"https:\/\/revistaepocadigital.com.ar\/index.php?rest_route=%2Fwp%2Fv2%2Ftags&post=1492"}],"curies":[{"name":"wp","href":"https:\/\/api.w.org\/{rel}","templated":true}]}}