{"id":14937,"date":"2022-02-19T16:02:04","date_gmt":"2022-02-19T19:02:04","guid":{"rendered":"https:\/\/revistaepocadigital.com.ar\/?p=14937"},"modified":"2022-02-19T16:03:04","modified_gmt":"2022-02-19T19:03:04","slug":"carnaval-en-las-moras-solidario","status":"publish","type":"post","link":"https:\/\/revistaepocadigital.com.ar\/?p=14937","title":{"rendered":"El Carnaval en Las Moras y es solidario"},"content":{"rendered":"<p><strong>El viernes <\/strong><strong>25. Noche de Carnaval en el complejo gastron\u00f3mico y deportivo.<\/strong><!--more--><\/p>\n<p>Los Carnavales est\u00e1n muy arraigados en Exaltaci\u00f3n de la Cruz desde tiempos inmemoriales. Los vecinos y cada vez m\u00e1s, muchos visitantes, j\u00f3venes, grandes, familias enteras, le han puesto un gran marco a los corsos capillenses con gran repercusi\u00f3n y diferentes formatos.<\/p>\n<p><img loading=\"lazy\" decoding=\"async\" class=\"alignright size-full wp-image-14941\" src=\"https:\/\/revistaepocadigital.com.ar\/wp-content\/uploads\/2022\/02\/272957629_363858942231065_6401540622349441831_n.bmp\" alt=\"\" width=\"578\" height=\"892\" \/><\/p>\n<p>&nbsp;<\/p>\n<p>La pandemia como a tant\u00edsimos aspectos de la vida, impuso una pausa a los carnavales en Capilla del Se\u00f1or. Pero como el esp\u00edritu de carnavales sigue latente en los vecinos, el complejo Las Moras, ubicado como es sabido sobre la ruta 39 muy cerca del centro de la ciudad, organiz\u00f3 el Patio de Murga con la presentaci\u00f3n de la comparsa Los Inigualables<\/p>\n<p>&#8220;<em>La vida es un carnaval&#8221;,<\/em> suele decirse y m\u00e1s que nunca llegan las fechas de los carnavales. Y en el caso de este evento que te comentamos, un detalle de importancia y para resaltar. Los organizadores dispusieron que no se cobre entrada, en cambio los asistentes van a pedirte que colabores en la entrada con alg\u00fan art\u00edculo escolar (cuadernos, l\u00e1pices, t\u00e9mperas, lapiceras, entre otros). Las donaciones luego ser\u00e1n donados para ayudar a quienes necesiten \u00fatiles para el arranque de clases.<\/p>\n<p>Ya lo sab\u00e9s, es el viernes 25 de Febrero, la Noche de Carnaval en Las Moras.<\/p>\n","protected":false},"excerpt":{"rendered":"<p>El viernes 25. Noche de Carnaval en el complejo gastron\u00f3mico y deportivo.<\/p>\n","protected":false},"author":4,"featured_media":14941,"comment_status":"open","ping_status":"open","sticky":false,"template":"","format":"standard","meta":{"footnotes":"","jetpack_publicize_message":"","jetpack_publicize_feature_enabled":true,"jetpack_social_post_already_shared":false,"jetpack_social_options":{"image_generator_settings":{"template":"highway","default_image_id":0,"font":"","enabled":false},"version":2}},"categories":[12],"tags":[1758,1470],"class_list":["post-14937","post","type-post","status-publish","format-standard","has-post-thumbnail","hentry","category-espectaculos","tag-carnaval","tag-las-moras"],"jetpack_publicize_connections":[],"jetpack_featured_media_url":"https:\/\/revistaepocadigital.com.ar\/wp-content\/uploads\/2022\/02\/272957629_363858942231065_6401540622349441831_n.bmp","jetpack_likes_enabled":true,"_links":{"self":[{"href":"https:\/\/revistaepocadigital.com.ar\/index.php?rest_route=\/wp\/v2\/posts\/14937","targetHints":{"allow":["GET"]}}],"collection":[{"href":"https:\/\/revistaepocadigital.com.ar\/index.php?rest_route=\/wp\/v2\/posts"}],"about":[{"href":"https:\/\/revistaepocadigital.com.ar\/index.php?rest_route=\/wp\/v2\/types\/post"}],"author":[{"embeddable":true,"href":"https:\/\/revistaepocadigital.com.ar\/index.php?rest_route=\/wp\/v2\/users\/4"}],"replies":[{"embeddable":true,"href":"https:\/\/revistaepocadigital.com.ar\/index.php?rest_route=%2Fwp%2Fv2%2Fcomments&post=14937"}],"version-history":[{"count":0,"href":"https:\/\/revistaepocadigital.com.ar\/index.php?rest_route=\/wp\/v2\/posts\/14937\/revisions"}],"wp:featuredmedia":[{"embeddable":true,"href":"https:\/\/revistaepocadigital.com.ar\/index.php?rest_route=\/wp\/v2\/media\/14941"}],"wp:attachment":[{"href":"https:\/\/revistaepocadigital.com.ar\/index.php?rest_route=%2Fwp%2Fv2%2Fmedia&parent=14937"}],"wp:term":[{"taxonomy":"category","embeddable":true,"href":"https:\/\/revistaepocadigital.com.ar\/index.php?rest_route=%2Fwp%2Fv2%2Fcategories&post=14937"},{"taxonomy":"post_tag","embeddable":true,"href":"https:\/\/revistaepocadigital.com.ar\/index.php?rest_route=%2Fwp%2Fv2%2Ftags&post=14937"}],"curies":[{"name":"wp","href":"https:\/\/api.w.org\/{rel}","templated":true}]}}