{"id":14948,"date":"2022-02-19T17:51:17","date_gmt":"2022-02-19T20:51:17","guid":{"rendered":"https:\/\/revistaepocadigital.com.ar\/?p=14948"},"modified":"2022-02-19T17:51:17","modified_gmt":"2022-02-19T20:51:17","slug":"las-escuelas-ante-el-inicio-de-las-clases","status":"publish","type":"post","link":"https:\/\/revistaepocadigital.com.ar\/?p=14948","title":{"rendered":"LAS ESCUELAS ANTE EL INICIO DE LAS CLASES"},"content":{"rendered":"<div class=\"kvgmc6g5 cxmmr5t8 oygrvhab hcukyx3x c1et5uql ii04i59q\">\n<div dir=\"auto\">\n<p><strong><strong>EL MANTENIMIENTO. UN ASPECTO ESENCIAL.<\/strong><\/strong><\/p>\n<div class=\"kvgmc6g5 cxmmr5t8 oygrvhab hcukyx3x c1et5uql ii04i59q\">\n<div dir=\"auto\"><\/div>\n<\/div>\n<p><!--more--><\/p>\n<\/div>\n<div dir=\"auto\"><\/div>\n<div dir=\"auto\">Ante el cada vez m\u00e1s cercano comienzo del ciclo lectivo 2022, desde el municipio han informado que se est\u00e1n acondicionando los establecimientos y los distintos predios que cobijar\u00e1n a los estudiantes en su vuelta a clases.<\/div>\n<div dir=\"auto\"><\/div>\n<\/div>\n<div class=\"cxmmr5t8 oygrvhab hcukyx3x c1et5uql o9v6fnle ii04i59q\">\n<div dir=\"auto\">Se trabajaba en el JIRIMM N\u00b05 de Etchegoyen, en el techo de la escuela media N\u00b0 1 de Los Cardales, y hab\u00edan culminado los trabajos de electricidad en las aulas modulares del N\u00b0 905 de Arroyo de la Cruz.<\/div>\n<div dir=\"auto\"><\/div>\n<\/div>\n<div class=\"cxmmr5t8 oygrvhab hcukyx3x c1et5uql o9v6fnle ii04i59q\">\n<div dir=\"auto\">Adem\u00e1s, hab\u00eda tareas de pintura y mantenimiento general en la EEE N\u00b0 501 y en el jard\u00edn N\u00b0 901 de Capilla del Se\u00f1or. En pr\u00f3ximos d\u00edas, tambi\u00e9n seg\u00fan informaron desde la municipalidad, los trabajos iban a seguir en todo el distrito.<\/div>\n<\/div>\n","protected":false},"excerpt":{"rendered":"<p>EL MANTENIMIENTO. UN ASPECTO ESENCIAL.<\/p>\n","protected":false},"author":4,"featured_media":14950,"comment_status":"open","ping_status":"open","sticky":false,"template":"","format":"standard","meta":{"footnotes":"","jetpack_publicize_message":"","jetpack_publicize_feature_enabled":true,"jetpack_social_post_already_shared":false,"jetpack_social_options":{"image_generator_settings":{"template":"highway","default_image_id":0,"font":"","enabled":false},"version":2}},"categories":[6],"tags":[],"class_list":["post-14948","post","type-post","status-publish","format-standard","has-post-thumbnail","hentry","category-barrios"],"jetpack_publicize_connections":[],"jetpack_featured_media_url":"https:\/\/revistaepocadigital.com.ar\/wp-content\/uploads\/2022\/02\/273951273_315535003956729_2330319975909958518_n.bmp","jetpack_likes_enabled":true,"_links":{"self":[{"href":"https:\/\/revistaepocadigital.com.ar\/index.php?rest_route=\/wp\/v2\/posts\/14948","targetHints":{"allow":["GET"]}}],"collection":[{"href":"https:\/\/revistaepocadigital.com.ar\/index.php?rest_route=\/wp\/v2\/posts"}],"about":[{"href":"https:\/\/revistaepocadigital.com.ar\/index.php?rest_route=\/wp\/v2\/types\/post"}],"author":[{"embeddable":true,"href":"https:\/\/revistaepocadigital.com.ar\/index.php?rest_route=\/wp\/v2\/users\/4"}],"replies":[{"embeddable":true,"href":"https:\/\/revistaepocadigital.com.ar\/index.php?rest_route=%2Fwp%2Fv2%2Fcomments&post=14948"}],"version-history":[{"count":0,"href":"https:\/\/revistaepocadigital.com.ar\/index.php?rest_route=\/wp\/v2\/posts\/14948\/revisions"}],"wp:featuredmedia":[{"embeddable":true,"href":"https:\/\/revistaepocadigital.com.ar\/index.php?rest_route=\/wp\/v2\/media\/14950"}],"wp:attachment":[{"href":"https:\/\/revistaepocadigital.com.ar\/index.php?rest_route=%2Fwp%2Fv2%2Fmedia&parent=14948"}],"wp:term":[{"taxonomy":"category","embeddable":true,"href":"https:\/\/revistaepocadigital.com.ar\/index.php?rest_route=%2Fwp%2Fv2%2Fcategories&post=14948"},{"taxonomy":"post_tag","embeddable":true,"href":"https:\/\/revistaepocadigital.com.ar\/index.php?rest_route=%2Fwp%2Fv2%2Ftags&post=14948"}],"curies":[{"name":"wp","href":"https:\/\/api.w.org\/{rel}","templated":true}]}}