{"id":1500,"date":"2019-02-02T20:08:55","date_gmt":"2019-02-02T23:08:55","guid":{"rendered":"https:\/\/revistaepocadigital.com.ar\/?p=1500"},"modified":"2019-02-02T20:46:16","modified_gmt":"2019-02-02T23:46:16","slug":"storage-compat-de-exaltacion-de-la-cruz-al-mundo","status":"publish","type":"post","link":"https:\/\/revistaepocadigital.com.ar\/?p=1500","title":{"rendered":"Storage Compat, de Exaltaci\u00f3n de la Cruz al mundo"},"content":{"rendered":"<section class=\"pagina contenido\">\n<div class=\"container\">\n<div class=\"row\">\n<div class=\"col-md-8\">\n<div class=\"contenido-central-pagina\">\n<article id=\"noticia-22\" class=\"cuerpo-principal contenido noticia\">\n<header>\n<div class=\"info\"><\/div>\n<div class=\"detalle\"><strong>EL GRUPO FAMI.<\/strong><\/div>\n<div><\/div>\n<div class=\"detalle\">Naci\u00f3 en un peque\u00f1o pueblo italiano en 1929, desde ah\u00ed recorri\u00f3 un largo camino de evoluci\u00f3n a trav\u00e9s de la historia de la maquinaria industrial. Su \u00fanica filial en la Argentina (y en toda Am\u00e9rica), <strong>Storage Compat<\/strong>, se mud\u00f3 al partido de <strong>Exaltaci\u00f3n de la Cruz<\/strong> y comenz\u00f3 a <strong>ampliar su f\u00e1brica<\/strong> para redoblar la apuesta.<\/div>\n<\/header>\n<div class=\"imagen-principal fullpost__imagen_principal\">\n<div><\/div>\n<\/div>\n<div class=\"cuerpo fullpost__cuerpo\">\n<p>Estanter\u00edas desmontables sin tornillos, cajones apilables de pl\u00e1stico ultra-resistentes y armarios \u201cinteligentes\u201d que se utilizan tanto en laboratorios como automotrices y empresas de aeron\u00e1utica. Storage Compat se ocupa de un nicho de <strong>mercado muy particular:<\/strong> equipamiento estandarizado de \u00faltima generaci\u00f3n que se exporta desde la<strong> Argentina a Brasil, Chile, Uruguay, Bolivia, Colombia, M\u00e9xico<\/strong> y hasta varios estados sure\u00f1os de los <strong>Estados Unidos.<\/strong><\/p>\n<p>El orden y la practicidad para el almacenamiento pueden ser claves para mejorar el funcionamiento de distintas industrias. No se trata de un quiebre tecnol\u00f3gico de punta, ni del descubrimiento de nuevos materiales o sustancias con capacidades desconocidas para el hombre. En este caso, la <strong>gran diferencia<\/strong> la logra un elemento tan simple como un armario -con dise\u00f1o especial- que es capaz de mejorar la log\u00edstica, el orden, la productividad y la seguridad de distintas industrias.<\/p>\n<p><em>\u201cPensamos en el desarrollo de nuestros productos para mejorar la competitividad de la industria latinoamericana, pensando en el ahorro de espacio, tiempo,<\/em> movimiento de materiales, normalizando procesos y reduciendo costos encubiertos\u201d, explica J<strong>ulieta Lavorgna,<\/strong> Directora Comercial de Storage Compat.<\/p>\n<\/div>\n<figure id=\"attachment_1503\" aria-describedby=\"caption-attachment-1503\" style=\"width: 600px\" class=\"wp-caption alignnone\"><img loading=\"lazy\" decoding=\"async\" class=\"size-full wp-image-1503\" src=\"https:\/\/revistaepocadigital.com.ar\/wp-content\/uploads\/2019\/02\/VMwhJzW9.jpg\" alt=\"\" width=\"600\" height=\"314\" srcset=\"https:\/\/revistaepocadigital.com.ar\/wp-content\/uploads\/2019\/02\/VMwhJzW9.jpg 600w, https:\/\/revistaepocadigital.com.ar\/wp-content\/uploads\/2019\/02\/VMwhJzW9-300x157.jpg 300w\" sizes=\"auto, (max-width: 600px) 100vw, 600px\" \/><figcaption id=\"caption-attachment-1503\" class=\"wp-caption-text\">As\u00ed se ver\u00e1 la nueva planta de equipamiento industrial de Fami y Storage Compat en Capilla del Se\u00f1or.<\/figcaption><\/figure>\n<div class=\"cuerpo fullpost__cuerpo\">\n<p>Su <strong>producto estrella a nivel mundial,<\/strong> seg\u00fan explica Julieta Lavorgna, es a su vez uno de los m\u00e1s sencillos y pr\u00e1cticos:<strong> un armario porta herramientas de dise\u00f1o est\u00e1ndar que solo durante 2016 vendi\u00f3 154.000 unidades.<\/strong> \u00bfPero qu\u00e9 los distingue del resto?<\/p>\n<p><strong>Capacidad:\u00a0<\/strong>uno de los puntos m\u00e1s importantes que hace que este producto se destaque es su notable capacidad de carga real de 800kg, que lo hace ideal para necesidades de almacenamiento y orden a nivel industrial.<\/p>\n<p><strong>Funcionalidad:<\/strong>\u00a0este armario met\u00e1lico puede no ser de dise\u00f1o futurista, sofiticado ni intrincado. Pero su secreto radica justamente en esta simpleza e \u201cinteligencia\u201d, que surgen de un profundo estudio y experiencia previa de parte del equipo de dise\u00f1adores de Storage Compat: \u201cson muy \u00fatiles porque dentro de un solo armario pueden almacenarse todos los elementos necesarios de alto valor para llevar a cabo un trabajo puntual\u201d, agrega.<\/p>\n<p><strong>Adaptabilidad:\u00a0<\/strong>adem\u00e1s, para crear estos armarios, se estudiaron las medidas y pesos est\u00e1ndar tanto de las herramientas m\u00e1s comunes y universales como las m\u00e1s espec\u00edficas de cada industria, y as\u00ed dar con un producto que sea capaz de mejorar el orden y la seguridad en cualquier espacio de trabajo o dep\u00f3sito. Estos armarios cuentan adem\u00e1s con accesorios totalmente intercambiables que permiten modificarlo de acuerdo a la necesidad de cada cliente en particular, lo que les permite ser desde un sencillo armario de herramientas con gran capacidad de carga a una suerte de caja de seguridad para el resguardo de materiales u objetos fr\u00e1giles y costosos.<\/p>\n<p><strong>Durabilidad:<\/strong>\u00a0otra de las claves, seg\u00fan Lavorgna, radica en la calidad de los materiales con las que se fabrican. Su s\u00f3lida construcci\u00f3n los convierte en una soluci\u00f3n a largo plazo, con una vida \u00fatil mucho m\u00e1s extensa que las de sus contrapartes gen\u00e9ricas de madera, pl\u00e1stico u otras aleaciones met\u00e1licas de menor calidad.<\/p>\n<p><strong>EN EXALTACI\u00d3N DE LA CRUZ<\/strong><\/p>\n<p><strong>Storage Compat<\/strong> se convirti\u00f3 en 2011 en el brazo del grupo italiano en el continente. Luego de un crecimiento sostenido, la firma est\u00e1 en v\u00edas de ampliarsem con una mudanza a una nueva planta industrial de 100.000 m2 ubicada en <strong>Capilla del Se\u00f1or, partido de Exaltaci\u00f3n de la Cruz,<\/strong> mediante una importante inversi\u00f3n.<\/p>\n<p><strong>\u00bfEl objetivo?<\/strong> potenciar la fabricaci\u00f3n de uno de sus productos estrella que se vende a toda <strong>Am\u00e9rica<\/strong>: sus <strong>armarios met\u00e1licos industriales<\/strong> con una capacidad de carga real de 800 kg, adem\u00e1s de la llegada de maquinaria automatizada de \u00faltima generaci\u00f3n, y una nueva disposici\u00f3n de moldes de contenedores, cajas y gavetas pl\u00e1sticos para el sector automotriz, farmac\u00e9utico, log\u00edstico, alimenticio y textil.<\/p>\n<p><em>\u201cDesde 2011 trabajamos en este proyecto y crecimiento productivo en Argentina, que nos permita continuar aportando tecnolog\u00eda a nuestra producci\u00f3n nacional para abastecer eficientemente al mercado interno as\u00ed como continuar aumentando las exportaciones a diversos pa\u00edses de Am\u00e9rica\u201d<\/em>, cuenta el presidente de Storage Compat, <strong>Alejandro Lavorgna.<\/strong><\/p>\n<p>El crecimiento de Storage Compat, no obstante, no se limitar\u00e1 a la parte mec\u00e1nica, sino que tambi\u00e9n abarcar\u00e1 un crecimiento desde su capital humano; y se espera que entrado el 2019 su f\u00e1brica cuente con capacidad para 150 empleados m\u00e1s, en puestos de producci\u00f3n t\u00e9cnicos y profesionales de alta capacitaci\u00f3n.<\/p>\n<p><strong>HERENCIA ITALIANA<\/strong><\/p>\n<p>La compa\u00f1\u00eda que desarroll\u00f3 estos armarios, tiene una larga tradici\u00f3n en la b\u00fasqueda de soluciones industriales de mediana y gran escala. El<strong> grupo Fami<\/strong>, nacido en el peque\u00f1o pueblo italiano de<strong> Bassano del Grappa<\/strong>, donde su fundador, <strong>Mario Milani<\/strong>, comenz\u00f3 a trabajar con un peque\u00f1o taller de acero en 1929. Otro salto en sus productos se vivi\u00f3 a partir de los `70, cuando la compa\u00f1\u00eda hizo un gran esfuerzo por lograr la normalizaci\u00f3n de sus productos a partir de normas internacionales vigentes en Europa.<\/p>\n<p>Siguiendo la historia de cientos de miles de familias italianas, su influencia y visi\u00f3n llegaron a nuestras tierras, donde surgi\u00f3 esta \u201chermandad\u201d con Storage Compat en la d\u00e9cada de los `90.<\/p>\n<p>Hoy sus productos se encuentran en los cinco continentes y este grupo, por s\u00ed mismo, convierte anualmente ocho millones de kilogramos de acero en productos pensados para diferentes industrias: <em>\u201cen esta etapa se dio un fuerte crecimiento de la necesidad de nuestros productos por el crecimiento de la industria automotriz en Latinoam\u00e9rica\u201d<\/em>, explica Lavorgna.<\/p>\n<p>Muchas automotrices importantes presentes en nuestro pa\u00eds y Am\u00e9rica Latina, adem\u00e1s de algunos de los laboratorios m\u00e1s importantes de la regi\u00f3n, cuentan con sus productos para lograr producciones m\u00e1s eficientes y seguras.<\/p>\n<\/div>\n<\/article>\n<p>Publicado en: nexoindustrial.medios.com.ar<\/p>\n<\/div>\n<\/div>\n<\/div>\n<\/div>\n<\/section>\n<p>&nbsp;<\/p>\n","protected":false},"excerpt":{"rendered":"<p>EL GRUPO FAMI. Naci\u00f3 en un peque\u00f1o pueblo italiano en 1929, desde ah\u00ed recorri\u00f3 un largo camino de evoluci\u00f3n a trav\u00e9s de la historia de la maquinaria industrial. Su \u00fanica filial en la Argentina (y en toda Am\u00e9rica), Storage Compat, se mud\u00f3 al partido de Exaltaci\u00f3n de la Cruz y comenz\u00f3 a ampliar su f\u00e1brica [&hellip;]<\/p>\n","protected":false},"author":3,"featured_media":1503,"comment_status":"open","ping_status":"open","sticky":false,"template":"","format":"standard","meta":{"footnotes":"","jetpack_publicize_message":"","jetpack_publicize_feature_enabled":true,"jetpack_social_post_already_shared":false,"jetpack_social_options":{"image_generator_settings":{"template":"highway","default_image_id":0,"font":"","enabled":false},"version":2}},"categories":[15],"tags":[190,99],"class_list":["post-1500","post","type-post","status-publish","format-standard","has-post-thumbnail","hentry","category-lo-que-tenes-que-saber","tag-empresas","tag-recomendada"],"jetpack_publicize_connections":[],"jetpack_featured_media_url":"https:\/\/revistaepocadigital.com.ar\/wp-content\/uploads\/2019\/02\/VMwhJzW9.jpg","jetpack_likes_enabled":true,"_links":{"self":[{"href":"https:\/\/revistaepocadigital.com.ar\/index.php?rest_route=\/wp\/v2\/posts\/1500","targetHints":{"allow":["GET"]}}],"collection":[{"href":"https:\/\/revistaepocadigital.com.ar\/index.php?rest_route=\/wp\/v2\/posts"}],"about":[{"href":"https:\/\/revistaepocadigital.com.ar\/index.php?rest_route=\/wp\/v2\/types\/post"}],"author":[{"embeddable":true,"href":"https:\/\/revistaepocadigital.com.ar\/index.php?rest_route=\/wp\/v2\/users\/3"}],"replies":[{"embeddable":true,"href":"https:\/\/revistaepocadigital.com.ar\/index.php?rest_route=%2Fwp%2Fv2%2Fcomments&post=1500"}],"version-history":[{"count":0,"href":"https:\/\/revistaepocadigital.com.ar\/index.php?rest_route=\/wp\/v2\/posts\/1500\/revisions"}],"wp:featuredmedia":[{"embeddable":true,"href":"https:\/\/revistaepocadigital.com.ar\/index.php?rest_route=\/wp\/v2\/media\/1503"}],"wp:attachment":[{"href":"https:\/\/revistaepocadigital.com.ar\/index.php?rest_route=%2Fwp%2Fv2%2Fmedia&parent=1500"}],"wp:term":[{"taxonomy":"category","embeddable":true,"href":"https:\/\/revistaepocadigital.com.ar\/index.php?rest_route=%2Fwp%2Fv2%2Fcategories&post=1500"},{"taxonomy":"post_tag","embeddable":true,"href":"https:\/\/revistaepocadigital.com.ar\/index.php?rest_route=%2Fwp%2Fv2%2Ftags&post=1500"}],"curies":[{"name":"wp","href":"https:\/\/api.w.org\/{rel}","templated":true}]}}