{"id":15087,"date":"2022-02-26T16:20:51","date_gmt":"2022-02-26T19:20:51","guid":{"rendered":"https:\/\/revistaepocadigital.com.ar\/?p=15087"},"modified":"2022-02-26T16:23:29","modified_gmt":"2022-02-26T19:23:29","slug":"hcd-la-concejal-dreier-llego-de-la-mano-de-sancho-y-jamas-represento-a-la-ucr","status":"publish","type":"post","link":"https:\/\/revistaepocadigital.com.ar\/?p=15087","title":{"rendered":"HCD. La concejal Dreier lleg\u00f3 de la mano de Sancho y &#8220;jam\u00e1s represent\u00f3 a la UCR&#8221;"},"content":{"rendered":"<p><strong>VOCES QUE SIGUEN ESCUCH\u00c1NDOSE Y PERSISTEN DIVERGENCIAS <\/strong><!--more--><\/p>\n<p>El esc\u00e1ndalo pol\u00edtico originado por la concejal Ver\u00f3nica Dreier, contin\u00faa generando repercusiones, y abre diferencias en la oposici\u00f3n.<\/p>\n<p>&nbsp;<\/p>\n<h2 class=\"gmql0nx0 l94mrbxd p1ri9a11 lzcic4wl aahdfvyu\"><img loading=\"lazy\" decoding=\"async\" class=\"alignright size-large wp-image-15088\" src=\"https:\/\/revistaepocadigital.com.ar\/wp-content\/uploads\/2022\/02\/273965880_10227598202649761_5133542884825798337_n-1058x1200.jpg\" alt=\"\" width=\"696\" height=\"789\" srcset=\"https:\/\/revistaepocadigital.com.ar\/wp-content\/uploads\/2022\/02\/273965880_10227598202649761_5133542884825798337_n-1058x1200.jpg 1058w, https:\/\/revistaepocadigital.com.ar\/wp-content\/uploads\/2022\/02\/273965880_10227598202649761_5133542884825798337_n-264x300.jpg 264w, https:\/\/revistaepocadigital.com.ar\/wp-content\/uploads\/2022\/02\/273965880_10227598202649761_5133542884825798337_n-768x871.jpg 768w, https:\/\/revistaepocadigital.com.ar\/wp-content\/uploads\/2022\/02\/273965880_10227598202649761_5133542884825798337_n-696x789.jpg 696w, https:\/\/revistaepocadigital.com.ar\/wp-content\/uploads\/2022\/02\/273965880_10227598202649761_5133542884825798337_n-1068x1211.jpg 1068w, https:\/\/revistaepocadigital.com.ar\/wp-content\/uploads\/2022\/02\/273965880_10227598202649761_5133542884825798337_n-370x420.jpg 370w, https:\/\/revistaepocadigital.com.ar\/wp-content\/uploads\/2022\/02\/273965880_10227598202649761_5133542884825798337_n-741x840.jpg 741w, https:\/\/revistaepocadigital.com.ar\/wp-content\/uploads\/2022\/02\/273965880_10227598202649761_5133542884825798337_n.jpg 1080w\" sizes=\"auto, (max-width: 696px) 100vw, 696px\" \/><\/h2>\n<p>Cynthia Gisella<\/p>\n<p><img loading=\"lazy\" decoding=\"async\" class=\"alignright size-full wp-image-15089\" src=\"https:\/\/revistaepocadigital.com.ar\/wp-content\/uploads\/2022\/02\/272965989_10227598200809715_4410141609615353410_n.jpg\" alt=\"\" width=\"960\" height=\"788\" srcset=\"https:\/\/revistaepocadigital.com.ar\/wp-content\/uploads\/2022\/02\/272965989_10227598200809715_4410141609615353410_n.jpg 960w, https:\/\/revistaepocadigital.com.ar\/wp-content\/uploads\/2022\/02\/272965989_10227598200809715_4410141609615353410_n-300x246.jpg 300w, https:\/\/revistaepocadigital.com.ar\/wp-content\/uploads\/2022\/02\/272965989_10227598200809715_4410141609615353410_n-768x630.jpg 768w, https:\/\/revistaepocadigital.com.ar\/wp-content\/uploads\/2022\/02\/272965989_10227598200809715_4410141609615353410_n-696x571.jpg 696w, https:\/\/revistaepocadigital.com.ar\/wp-content\/uploads\/2022\/02\/272965989_10227598200809715_4410141609615353410_n-512x420.jpg 512w\" sizes=\"auto, (max-width: 960px) 100vw, 960px\" \/><\/p>\n<p>Marina Ferreyra, dirigente radical en Exaltaci\u00f3n de la Cruz.<\/p>\n<p>&nbsp;<\/p>\n","protected":false},"excerpt":{"rendered":"<p>VOCES QUE SIGUEN ESCUCH\u00c1NDOSE Y PERSISTEN DIVERGENCIAS<\/p>\n","protected":false},"author":4,"featured_media":15089,"comment_status":"open","ping_status":"open","sticky":false,"template":"","format":"standard","meta":{"footnotes":"","jetpack_publicize_message":"","jetpack_publicize_feature_enabled":true,"jetpack_social_post_already_shared":false,"jetpack_social_options":{"image_generator_settings":{"template":"highway","default_image_id":0,"font":"","enabled":false},"version":2}},"categories":[17],"tags":[1694,508],"class_list":["post-15087","post","type-post","status-publish","format-standard","has-post-thumbnail","hentry","category-politica","tag-dreier","tag-polemica"],"jetpack_publicize_connections":[],"jetpack_featured_media_url":"https:\/\/revistaepocadigital.com.ar\/wp-content\/uploads\/2022\/02\/272965989_10227598200809715_4410141609615353410_n.jpg","jetpack_likes_enabled":true,"_links":{"self":[{"href":"https:\/\/revistaepocadigital.com.ar\/index.php?rest_route=\/wp\/v2\/posts\/15087","targetHints":{"allow":["GET"]}}],"collection":[{"href":"https:\/\/revistaepocadigital.com.ar\/index.php?rest_route=\/wp\/v2\/posts"}],"about":[{"href":"https:\/\/revistaepocadigital.com.ar\/index.php?rest_route=\/wp\/v2\/types\/post"}],"author":[{"embeddable":true,"href":"https:\/\/revistaepocadigital.com.ar\/index.php?rest_route=\/wp\/v2\/users\/4"}],"replies":[{"embeddable":true,"href":"https:\/\/revistaepocadigital.com.ar\/index.php?rest_route=%2Fwp%2Fv2%2Fcomments&post=15087"}],"version-history":[{"count":0,"href":"https:\/\/revistaepocadigital.com.ar\/index.php?rest_route=\/wp\/v2\/posts\/15087\/revisions"}],"wp:featuredmedia":[{"embeddable":true,"href":"https:\/\/revistaepocadigital.com.ar\/index.php?rest_route=\/wp\/v2\/media\/15089"}],"wp:attachment":[{"href":"https:\/\/revistaepocadigital.com.ar\/index.php?rest_route=%2Fwp%2Fv2%2Fmedia&parent=15087"}],"wp:term":[{"taxonomy":"category","embeddable":true,"href":"https:\/\/revistaepocadigital.com.ar\/index.php?rest_route=%2Fwp%2Fv2%2Fcategories&post=15087"},{"taxonomy":"post_tag","embeddable":true,"href":"https:\/\/revistaepocadigital.com.ar\/index.php?rest_route=%2Fwp%2Fv2%2Ftags&post=15087"}],"curies":[{"name":"wp","href":"https:\/\/api.w.org\/{rel}","templated":true}]}}