{"id":15099,"date":"2022-02-26T17:51:51","date_gmt":"2022-02-26T20:51:51","guid":{"rendered":"https:\/\/revistaepocadigital.com.ar\/?p=15099"},"modified":"2022-02-26T17:51:51","modified_gmt":"2022-02-26T20:51:51","slug":"instituto-jose-manuel-estrada-asamblea-general-ordinaria","status":"publish","type":"post","link":"https:\/\/revistaepocadigital.com.ar\/?p=15099","title":{"rendered":"INSTITUTO JOS\u00c9 MANUEL ESTRADA. ASAMBLEA GENERAL ORDINARIA"},"content":{"rendered":"<h1>ASOCIACION COOPERADORA DEL INSTITUTO JOSE MANUEL ESTRADA<\/h1>\n<h2>DE CAPILLA DEL SE\u00d1OR<\/h2>\n<p>-Mateo\u00a0 S. Casco 637, Capilla del Se\u00f1or-<\/p>\n<p>&nbsp;<\/p>\n<p style=\"text-align: center;\"><strong>ASAMBLEA GENERAL ORDINARIA.<\/strong><\/p>\n<p>Ll\u00e1mese a Asamblea General Ordinaria para el 28 de Marzo de 2022, a las 20,30 horas, en primera convocatoria y 21 horas en segunda convocatoria, a realizarse en nuestra sede social de Mateo S. Casco 637 de Capilla del Se\u00f1or, a efectos de tratar el siguiente:<\/p>\n<h3 style=\"text-align: center;\">Orden del D\u00eda<\/h3>\n<ul>\n<li>Elecci\u00f3n de dos (2) Asamble\u00edstas para la firma del Acta.<\/li>\n<li><\/li>\n<li>Lectura y Consideraci\u00f3n de la Memoria y Balance General, Cuadro de P\u00e9rdidas y Ganancias e Informe de Comisi\u00f3n Revisora de Cuentas por el Ejercicio finalizado el 31\/12\/2021.<\/li>\n<li><\/li>\n<li>Designaci\u00f3n de Junta Escrutadora, compuesta por tres (3) miembros.<\/li>\n<li><\/li>\n<li>Elecci\u00f3n de los siguientes cargos de la Comisi\u00f3n Directiva por dos (2) a\u00f1os:<\/li>\n<\/ul>\n<p>&#8211; Cinco Vocales Titulares.<\/p>\n<p>&#8211; Un Vocal Suplente.<\/p>\n<ul>\n<li>Elecci\u00f3n de la Comisi\u00f3n Revisora de Cuentas:<\/li>\n<\/ul>\n<p>-Tres Revisores de Cuentas Titulares por un (1) a\u00f1o.<\/p>\n<p>-Un Revisor de Cuentas Suplente por un (1) a\u00f1o.<\/p>\n<p>&nbsp;<\/p>\n<p>Para participar de la Asamblea los socios deber\u00e1n encontrarse dentro de las condiciones que marca el art. 35\u00ba de nuestro Estatuto.<\/p>\n<p>&nbsp;<\/p>\n<p>Esperanza Saavedra\u00a0\u00a0\u00a0\u00a0\u00a0\u00a0\u00a0\u00a0\u00a0\u00a0\u00a0\u00a0\u00a0\u00a0\u00a0\u00a0\u00a0\u00a0\u00a0\u00a0\u00a0\u00a0\u00a0\u00a0\u00a0\u00a0\u00a0\u00a0\u00a0\u00a0\u00a0\u00a0\u00a0\u00a0\u00a0\u00a0\u00a0\u00a0\u00a0\u00a0\u00a0\u00a0\u00a0\u00a0\u00a0\u00a0\u00a0\u00a0\u00a0\u00a0\u00a0\u00a0\u00a0\u00a0\u00a0\u00a0\u00a0\u00a0\u00a0\u00a0\u00a0\u00a0\u00a0\u00a0\u00a0\u00a0\u00a0\u00a0\u00a0\u00a0\u00a0 Griselda\u00a0 \u00a0Malvicino\u00a0 \u00a0 \u00a0 \u00a0 \u00a0 \u00a0Secretaria\u00a0\u00a0\u00a0\u00a0\u00a0\u00a0\u00a0\u00a0\u00a0\u00a0\u00a0\u00a0\u00a0\u00a0\u00a0\u00a0\u00a0\u00a0\u00a0\u00a0\u00a0\u00a0\u00a0\u00a0\u00a0\u00a0\u00a0\u00a0\u00a0\u00a0\u00a0\u00a0\u00a0\u00a0\u00a0\u00a0\u00a0\u00a0\u00a0\u00a0\u00a0\u00a0\u00a0\u00a0\u00a0\u00a0\u00a0\u00a0\u00a0\u00a0\u00a0\u00a0\u00a0\u00a0\u00a0\u00a0\u00a0\u00a0\u00a0 \u00a0\u00a0\u00a0\u00a0\u00a0\u00a0\u00a0\u00a0\u00a0\u00a0\u00a0\u00a0\u00a0\u00a0\u00a0\u00a0\u00a0\u00a0\u00a0\u00a0\u00a0\u00a0\u00a0\u00a0\u00a0\u00a0\u00a0\u00a0Presidente<\/p>\n","protected":false},"excerpt":{"rendered":"<p>ASOCIACION COOPERADORA DEL INSTITUTO JOSE MANUEL ESTRADA DE CAPILLA DEL SE\u00d1OR -Mateo\u00a0 S. Casco 637, Capilla del Se\u00f1or- &nbsp; ASAMBLEA GENERAL ORDINARIA. Ll\u00e1mese a Asamblea General Ordinaria para el 28 de Marzo de 2022, a las 20,30 horas, en primera convocatoria y 21 horas en segunda convocatoria, a realizarse en nuestra sede social de Mateo [&hellip;]<\/p>\n","protected":false},"author":3,"featured_media":15102,"comment_status":"open","ping_status":"open","sticky":false,"template":"","format":"standard","meta":{"footnotes":"","jetpack_publicize_message":"","jetpack_publicize_feature_enabled":true,"jetpack_social_post_already_shared":false,"jetpack_social_options":{"image_generator_settings":{"template":"highway","default_image_id":0,"font":"","enabled":false},"version":2}},"categories":[10],"tags":[1775,1774,37],"class_list":["post-15099","post","type-post","status-publish","format-standard","has-post-thumbnail","hentry","category-editorial","tag-asamblea-2021","tag-asoc-coop-inst-estrada","tag-destacada"],"jetpack_publicize_connections":[],"jetpack_featured_media_url":"https:\/\/revistaepocadigital.com.ar\/wp-content\/uploads\/2022\/02\/instituto-jose-manuel-estrada-banner_1.bmp","jetpack_likes_enabled":true,"_links":{"self":[{"href":"https:\/\/revistaepocadigital.com.ar\/index.php?rest_route=\/wp\/v2\/posts\/15099","targetHints":{"allow":["GET"]}}],"collection":[{"href":"https:\/\/revistaepocadigital.com.ar\/index.php?rest_route=\/wp\/v2\/posts"}],"about":[{"href":"https:\/\/revistaepocadigital.com.ar\/index.php?rest_route=\/wp\/v2\/types\/post"}],"author":[{"embeddable":true,"href":"https:\/\/revistaepocadigital.com.ar\/index.php?rest_route=\/wp\/v2\/users\/3"}],"replies":[{"embeddable":true,"href":"https:\/\/revistaepocadigital.com.ar\/index.php?rest_route=%2Fwp%2Fv2%2Fcomments&post=15099"}],"version-history":[{"count":0,"href":"https:\/\/revistaepocadigital.com.ar\/index.php?rest_route=\/wp\/v2\/posts\/15099\/revisions"}],"wp:featuredmedia":[{"embeddable":true,"href":"https:\/\/revistaepocadigital.com.ar\/index.php?rest_route=\/wp\/v2\/media\/15102"}],"wp:attachment":[{"href":"https:\/\/revistaepocadigital.com.ar\/index.php?rest_route=%2Fwp%2Fv2%2Fmedia&parent=15099"}],"wp:term":[{"taxonomy":"category","embeddable":true,"href":"https:\/\/revistaepocadigital.com.ar\/index.php?rest_route=%2Fwp%2Fv2%2Fcategories&post=15099"},{"taxonomy":"post_tag","embeddable":true,"href":"https:\/\/revistaepocadigital.com.ar\/index.php?rest_route=%2Fwp%2Fv2%2Ftags&post=15099"}],"curies":[{"name":"wp","href":"https:\/\/api.w.org\/{rel}","templated":true}]}}