{"id":15155,"date":"2022-03-05T11:36:49","date_gmt":"2022-03-05T14:36:49","guid":{"rendered":"https:\/\/revistaepocadigital.com.ar\/?p=15155"},"modified":"2022-03-06T12:12:22","modified_gmt":"2022-03-06T15:12:22","slug":"ester-juncos-concejal-juntos-es-totalmente-falso-que-raul-sancho-aglutinaa-el-poder-el-esta-abierto-a-las-sugerencias","status":"publish","type":"post","link":"https:\/\/revistaepocadigital.com.ar\/?p=15155","title":{"rendered":"Ester Juncos, concejal. &#8220;Es totalmente falso que Ra\u00fal Sancho aglutina el poder en Juntos, el est\u00e1 abierto a las sugerencias&#8221;"},"content":{"rendered":"<p><strong>POR JUNTOS. OTRA MUJER CAPILLENSE EN EL CONCEJO DELIBERANTE. <\/strong><!--more--><\/p>\n<p><strong>Es Ester Juncos,<\/strong> concejal por Juntos en el Concejo Deliberante de Exaltaci\u00f3n de la Cruz. Vecina de Capilla del Se\u00f1or, 59 a\u00f1os, &#8220;<em>empleada dom\u00e9stica, pr\u00f3xima a jubilarme, je<\/em>&#8220;, apunta con una sonrisa. Se autodefine como<em> &#8220;exaltacrucense por adopci\u00f3n y de coraz\u00f3n&#8221;.<\/em> Habl\u00f3 con EPOCA.<\/p>\n<p>&nbsp;<\/p>\n<figure id=\"attachment_15159\" aria-describedby=\"caption-attachment-15159\" style=\"width: 295px\" class=\"wp-caption aligncenter\"><img loading=\"lazy\" decoding=\"async\" class=\"size-full wp-image-15159\" src=\"https:\/\/revistaepocadigital.com.ar\/wp-content\/uploads\/2022\/03\/JUNCO.png\" alt=\"\" width=\"295\" height=\"303\" srcset=\"https:\/\/revistaepocadigital.com.ar\/wp-content\/uploads\/2022\/03\/JUNCO.png 295w, https:\/\/revistaepocadigital.com.ar\/wp-content\/uploads\/2022\/03\/JUNCO-292x300.png 292w\" sizes=\"auto, (max-width: 295px) 100vw, 295px\" \/><figcaption id=\"caption-attachment-15159\" class=\"wp-caption-text\">Juncos en el Concejo.<\/figcaption><\/figure>\n<p><strong>-\u00bfCuando hace que trabaja en pol\u00edtica?<\/strong><br \/>\n&#8211;<em>Estoy en pol\u00edtica desde ni\u00f1a, desde que m\u00ed pap\u00e1 que era socialista nos ense\u00f1aba educaci\u00f3n c\u00edvica, la constituci\u00f3n, los valores. Y en cuanto a la pol\u00edtica partidaria, soy afiliada a la Coalici\u00f3n C\u00edvica ARI desde el a\u00f1o 2001, y respecto a lo que dice sobre trabajar en pol\u00edtica, no estoy de acuerdo, para m\u00ed la pol\u00edtica es una vocaci\u00f3n.<\/em><\/p>\n<p><strong>-\u00bfCual es el presente de la conjunci\u00f3n UCR-Juntos, luego de las elecciones del a\u00f1o pasado?<\/strong>.<br \/>\n<em>-Juntos, la UCR, fuimos una coalici\u00f3n que gobern\u00f3 al pa\u00eds en el per\u00edodo 2015- 2019, y luego con la asunci\u00f3n del actual gobierno tras las elecciones, representamos a una coalici\u00f3n opositora.<\/em><\/p>\n<p style=\"text-align: center;\"><strong>&#8212;&#8212;&#8212;&#8212;&#8212;&#8212;&#8212;&#8212;&#8212;&#8212;&#8212;&#8212;&#8212;&#8212;&#8212;&#8212;&#8212;&#8212;-<\/strong><\/p>\n<p><strong>REUNION CON VECINOS EN ARROYO DE LA CRUZ<\/strong><\/p>\n<figure id=\"attachment_15184\" aria-describedby=\"caption-attachment-15184\" style=\"width: 526px\" class=\"wp-caption aligncenter\"><a href=\"https:\/\/revistaepocadigital.com.ar\/wp-content\/uploads\/2022\/03\/sancho-veci-arro22.bmp\"><img loading=\"lazy\" decoding=\"async\" class=\"size-full wp-image-15184\" src=\"https:\/\/revistaepocadigital.com.ar\/wp-content\/uploads\/2022\/03\/sancho-veci-arro22.bmp\" alt=\"\" width=\"526\" height=\"525\" \/><\/a><figcaption id=\"caption-attachment-15184\" class=\"wp-caption-text\">En Arroyo de la Cruz, (5\/3) representantes de Juntos entre los que estuvieron ra\u00fal Sancho y Ester Juncos, se reunieron con vecinos. Conversaron sobre temas que los preocupan (Foto Facebook)<\/figcaption><\/figure>\n<p style=\"text-align: center;\"><strong>&#8212;&#8212;&#8212;&#8212;&#8212;&#8212;&#8212;&#8212;&#8212;&#8212;&#8212;&#8212;&#8212;&#8212;&#8212;&#8212;&#8212;&#8212;-<\/strong><\/p>\n<p><strong>-Como mujer, \u00bfque visi\u00f3n tiene sobre el proceder de la concejal Ver\u00f3nica Dreier, quien como es sabido, protagoniz\u00f3 un esc\u00e1ndalo pol\u00edtico en el Concejo Deliberante, del que mucho se ha hablado?, \u00bfSupone que actu\u00f3 por decisi\u00f3n personal, u oper\u00f3 gente del oficialismo?<\/strong><br \/>\n&#8211;<em>Es un tema muy serio, lo que puedo afirmar sin dudarlo, es que como mujer y persona, jam\u00e1s habr\u00eda tomando una decisi\u00f3n as\u00ed. No s\u00e9 porque la concejal tom\u00f3 esa actitud, cada cual es due\u00f1o de sus propios actos&#8230;<\/em><\/p>\n<p><strong>-Sobre la decisi\u00f3n de Dreier, Juntos la ha criticado y sigue haci\u00e9ndolo con gran dureza. Ahora bien han hecho en su espacio pol\u00edtico, una autocr\u00edtica sobre tal resonante episodio pol\u00edtico en Exaltaci\u00f3n de la Cruz?<\/strong><br \/>\n<em>-A ver, veamos; considero que no hay ninguna autocr\u00edtica para hacer, ya que era una concejal electa perteneciente al bloque de Juntos por el Cambio, y sobre lo que ella decidi\u00f3, no le encuentro explicaci\u00f3n alguna<\/em>.<\/p>\n<p><a style=\"text-align: center;\" href=\"https:\/\/revistaepocadigital.com.ar\/wp-content\/uploads\/2022\/03\/JUNCOS.bmp\"><img loading=\"lazy\" decoding=\"async\" class=\"size-full wp-image-15162\" src=\"https:\/\/revistaepocadigital.com.ar\/wp-content\/uploads\/2022\/03\/JUNCOS.bmp\" alt=\"\" width=\"1238\" height=\"991\" \/><\/a><\/p>\n<p>Junto a Ra\u00fal Sancho y Patricio Diez, referentes de Juntos en el distrito (foto archivo).<strong>-Existe di\u00e1logo, intercambio de ideas, en PRO\/Cambiemos?, se habla que la figura de Ra\u00fal Sancho aglutina el poder y tambi\u00e9n las decisiones en el partido.<\/strong><br \/>\n<em>-Por supuesto!, se da el di\u00e1logo entre todos y se da un trabajo en conjunto en cada actividad. Hace seis a\u00f1os he acompa\u00f1ado a Ra\u00fal (Sancho) y puedo dar fe de lo que estoy diciendo; trabajo junto a Ra\u00fal desde la mesa pol\u00edtica de la coalici\u00f3n. Y respecto a eso que puede decirse sobre que Ra\u00fal aglutina el poder, es algo totalmente falso, el siempre est\u00e1 abierto a las sugerencias del equipo de trabajo.<\/em><\/p>\n<figure id=\"attachment_15164\" aria-describedby=\"caption-attachment-15164\" style=\"width: 295px\" class=\"wp-caption aligncenter\"><img loading=\"lazy\" decoding=\"async\" class=\"size-full wp-image-15164\" src=\"https:\/\/revistaepocadigital.com.ar\/wp-content\/uploads\/2022\/03\/JUNCO-CARRRI.png\" alt=\"\" width=\"295\" height=\"305\" srcset=\"https:\/\/revistaepocadigital.com.ar\/wp-content\/uploads\/2022\/03\/JUNCO-CARRRI.png 295w, https:\/\/revistaepocadigital.com.ar\/wp-content\/uploads\/2022\/03\/JUNCO-CARRRI-290x300.png 290w\" sizes=\"auto, (max-width: 295px) 100vw, 295px\" \/><figcaption id=\"caption-attachment-15164\" class=\"wp-caption-text\">Con Elisa Carrio, tambien vecina capillense, con quien ha venido manteniendo una continua vinculaci\u00f3n pol\u00edtica.<\/figcaption><\/figure>\n<p>&#8211;<strong>El a\u00f1o 2023 \u00bfser\u00e1 la \u00faltima posibilidad de Juntos para ganar las elecciones y llegar al gobierno de Exaltaci\u00f3n de la Cruz?<\/strong><br \/>\n<em>-No estoy de acuerdo, mi visi\u00f3n es distinta. Seg\u00fan mi punto de vista, considero que ser\u00eda todo lo contrario. Vemos en el 2023 una posibilidad muy latente de llegar al poder, m\u00e1s incluso que en etapas anteriores. Sucede que venimos creciendo constantemente, y vemos, notamos que el apoyo del electorado d\u00eda a d\u00eda es mayor.<\/em><\/p>\n<p><strong>Es Ester Juncos<\/strong>, concejal por Juntos. Conf\u00eda en la oposici\u00f3n a la que <em>&#8220;veo fuerte en un pa\u00eds devastado, algo que me ocasiona mucha tristeza y amargura&#8221;.<\/em><\/p>\n<p>&nbsp;<\/p>\n","protected":false},"excerpt":{"rendered":"<p>POR JUNTOS. OTRA MUJER CAPILLENSE EN EL CONCEJO DELIBERANTE.<\/p>\n","protected":false},"author":4,"featured_media":15158,"comment_status":"open","ping_status":"open","sticky":false,"template":"","format":"standard","meta":{"footnotes":"","jetpack_publicize_message":"","jetpack_publicize_feature_enabled":true,"jetpack_social_post_already_shared":false,"jetpack_social_options":{"image_generator_settings":{"template":"highway","default_image_id":0,"font":"","enabled":false},"version":2}},"categories":[17],"tags":[1783,379],"class_list":["post-15155","post","type-post","status-publish","format-standard","has-post-thumbnail","hentry","category-politica","tag-ester-juncos","tag-hcd"],"jetpack_publicize_connections":[],"jetpack_featured_media_url":"https:\/\/revistaepocadigital.com.ar\/wp-content\/uploads\/2022\/03\/JUNC.jpg","jetpack_likes_enabled":true,"_links":{"self":[{"href":"https:\/\/revistaepocadigital.com.ar\/index.php?rest_route=\/wp\/v2\/posts\/15155","targetHints":{"allow":["GET"]}}],"collection":[{"href":"https:\/\/revistaepocadigital.com.ar\/index.php?rest_route=\/wp\/v2\/posts"}],"about":[{"href":"https:\/\/revistaepocadigital.com.ar\/index.php?rest_route=\/wp\/v2\/types\/post"}],"author":[{"embeddable":true,"href":"https:\/\/revistaepocadigital.com.ar\/index.php?rest_route=\/wp\/v2\/users\/4"}],"replies":[{"embeddable":true,"href":"https:\/\/revistaepocadigital.com.ar\/index.php?rest_route=%2Fwp%2Fv2%2Fcomments&post=15155"}],"version-history":[{"count":0,"href":"https:\/\/revistaepocadigital.com.ar\/index.php?rest_route=\/wp\/v2\/posts\/15155\/revisions"}],"wp:featuredmedia":[{"embeddable":true,"href":"https:\/\/revistaepocadigital.com.ar\/index.php?rest_route=\/wp\/v2\/media\/15158"}],"wp:attachment":[{"href":"https:\/\/revistaepocadigital.com.ar\/index.php?rest_route=%2Fwp%2Fv2%2Fmedia&parent=15155"}],"wp:term":[{"taxonomy":"category","embeddable":true,"href":"https:\/\/revistaepocadigital.com.ar\/index.php?rest_route=%2Fwp%2Fv2%2Fcategories&post=15155"},{"taxonomy":"post_tag","embeddable":true,"href":"https:\/\/revistaepocadigital.com.ar\/index.php?rest_route=%2Fwp%2Fv2%2Ftags&post=15155"}],"curies":[{"name":"wp","href":"https:\/\/api.w.org\/{rel}","templated":true}]}}