{"id":15203,"date":"2022-03-08T01:14:01","date_gmt":"2022-03-08T04:14:01","guid":{"rendered":"https:\/\/revistaepocadigital.com.ar\/?p=15203"},"modified":"2022-03-08T01:14:01","modified_gmt":"2022-03-08T04:14:01","slug":"valentino-diamante-debuto-en-karting-el-campeon-que-viene","status":"publish","type":"post","link":"https:\/\/revistaepocadigital.com.ar\/?p=15203","title":{"rendered":"Valentino Diamante, debut\u00f3 en karting. El campe\u00f3n que viene"},"content":{"rendered":"<p><strong>HIJO DE VALERIO, EL CAPILLENSE CAMPE\u00d3N EN VARIAS CATEGOR\u00cdAS DEL AUTOMOVILISMO.<\/strong><!--more--><\/p>\n<p>El chico acompa\u00f1ado por su madre Roc\u00edo y su padre Valerio, y su abuelo e hincha n\u00famero 1, Daniel. Debut\u00f3 en la categor\u00eda de karting Kart Plus Mini y anduvo muy fuerte! con el kart alistado por el equipo de Ricky G\u00f3mez. Reci\u00e9n tiene 7 a\u00f1os apenas! y en la primera carrera, en su debut, culmin\u00f3 7\u00ba entre los 20 chicos que corriereon, y claro emocion\u00f3 a los padres y al abuelo<\/p>\n<p>.<\/p>\n<p><a href=\"https:\/\/revistaepocadigital.com.ar\/wp-content\/uploads\/2022\/03\/DIAM-VALENINO.bmp\"><img loading=\"lazy\" decoding=\"async\" class=\"aligncenter size-full wp-image-15204\" src=\"https:\/\/revistaepocadigital.com.ar\/wp-content\/uploads\/2022\/03\/DIAM-VALENINO.bmp\" alt=\"\" width=\"576\" height=\"1280\" \/><\/a><\/p>\n<p><a href=\"https:\/\/revistaepocadigital.com.ar\/wp-content\/uploads\/2022\/03\/PHOTO-2022-03-07-21-19-11.bmp\"><img loading=\"lazy\" decoding=\"async\" class=\"aligncenter size-full wp-image-15207\" src=\"https:\/\/revistaepocadigital.com.ar\/wp-content\/uploads\/2022\/03\/PHOTO-2022-03-07-21-19-11.bmp\" alt=\"\" width=\"640\" height=\"427\" \/><\/a><\/p>\n","protected":false},"excerpt":{"rendered":"<p>HIJO DE VALERIO, EL CAPILLENSE CAMPE\u00d3N EN VARIAS CATEGOR\u00cdAS DEL AUTOMOVILISMO.<\/p>\n","protected":false},"author":4,"featured_media":15206,"comment_status":"open","ping_status":"open","sticky":false,"template":"","format":"standard","meta":{"footnotes":"","jetpack_publicize_message":"","jetpack_publicize_feature_enabled":true,"jetpack_social_post_already_shared":false,"jetpack_social_options":{"image_generator_settings":{"template":"highway","default_image_id":0,"font":"","enabled":false},"version":2}},"categories":[9],"tags":[1788,1787],"class_list":["post-15203","post","type-post","status-publish","format-standard","has-post-thumbnail","hentry","category-deportes","tag-karting","tag-valentino-diamate"],"jetpack_publicize_connections":[],"jetpack_featured_media_url":"https:\/\/revistaepocadigital.com.ar\/wp-content\/uploads\/2022\/03\/DIAM-VALENINO.bmpW_.bmp","jetpack_likes_enabled":true,"_links":{"self":[{"href":"https:\/\/revistaepocadigital.com.ar\/index.php?rest_route=\/wp\/v2\/posts\/15203","targetHints":{"allow":["GET"]}}],"collection":[{"href":"https:\/\/revistaepocadigital.com.ar\/index.php?rest_route=\/wp\/v2\/posts"}],"about":[{"href":"https:\/\/revistaepocadigital.com.ar\/index.php?rest_route=\/wp\/v2\/types\/post"}],"author":[{"embeddable":true,"href":"https:\/\/revistaepocadigital.com.ar\/index.php?rest_route=\/wp\/v2\/users\/4"}],"replies":[{"embeddable":true,"href":"https:\/\/revistaepocadigital.com.ar\/index.php?rest_route=%2Fwp%2Fv2%2Fcomments&post=15203"}],"version-history":[{"count":0,"href":"https:\/\/revistaepocadigital.com.ar\/index.php?rest_route=\/wp\/v2\/posts\/15203\/revisions"}],"wp:featuredmedia":[{"embeddable":true,"href":"https:\/\/revistaepocadigital.com.ar\/index.php?rest_route=\/wp\/v2\/media\/15206"}],"wp:attachment":[{"href":"https:\/\/revistaepocadigital.com.ar\/index.php?rest_route=%2Fwp%2Fv2%2Fmedia&parent=15203"}],"wp:term":[{"taxonomy":"category","embeddable":true,"href":"https:\/\/revistaepocadigital.com.ar\/index.php?rest_route=%2Fwp%2Fv2%2Fcategories&post=15203"},{"taxonomy":"post_tag","embeddable":true,"href":"https:\/\/revistaepocadigital.com.ar\/index.php?rest_route=%2Fwp%2Fv2%2Ftags&post=15203"}],"curies":[{"name":"wp","href":"https:\/\/api.w.org\/{rel}","templated":true}]}}