{"id":15223,"date":"2022-03-08T09:02:17","date_gmt":"2022-03-08T12:02:17","guid":{"rendered":"https:\/\/revistaepocadigital.com.ar\/?p=15223"},"modified":"2022-03-08T09:04:18","modified_gmt":"2022-03-08T12:04:18","slug":"taller-en-el-sindicato-empleados-de-comercio-por-el-dia-de-la-mujer","status":"publish","type":"post","link":"https:\/\/revistaepocadigital.com.ar\/?p=15223","title":{"rendered":"Por el D\u00eda de la Mujer. Taller en el Sindicato Empleados de Comercio"},"content":{"rendered":"<div dir=\"ltr\"><strong>INFO UTIL.<\/strong><\/div>\n<div dir=\"ltr\"><\/div>\n<div dir=\"ltr\">Desde el Sindicato han hecho saber: <em>Las invitamos a todas nuestras afiliadas titulares para participar de este Taller Presencial \u201cCrea tu 2022 Pleno y Saludable\u201d.<\/em><\/div>\n<div dir=\"ltr\"><em>Para inscripci\u00f3n debes enviarnos un WhatsApp al n\u00famero que figura en la gr\u00e1fica con:<\/em><\/div>\n<div dir=\"ltr\"><em>nombre, apellido y n\u00famero de titular afiliada.<\/em><\/div>\n<div dir=\"ltr\"><\/div>\n<div dir=\"ltr\"><a href=\"https:\/\/revistaepocadigital.com.ar\/wp-content\/uploads\/2022\/03\/PHOTO-2022-03-08-08-28-09.bmp99.bmp\"><img loading=\"lazy\" decoding=\"async\" class=\"aligncenter size-full wp-image-15226\" src=\"https:\/\/revistaepocadigital.com.ar\/wp-content\/uploads\/2022\/03\/PHOTO-2022-03-08-08-28-09.bmp99.bmp\" alt=\"\" width=\"583\" height=\"583\" \/><\/a><\/div>\n","protected":false},"excerpt":{"rendered":"<p>INFO UTIL. Desde el Sindicato han hecho saber: Las invitamos a todas nuestras afiliadas titulares para participar de este Taller Presencial \u201cCrea tu 2022 Pleno y Saludable\u201d. Para inscripci\u00f3n debes enviarnos un WhatsApp al n\u00famero que figura en la gr\u00e1fica con: nombre, apellido y n\u00famero de titular afiliada.<\/p>\n","protected":false},"author":3,"featured_media":15225,"comment_status":"open","ping_status":"open","sticky":false,"template":"","format":"standard","meta":{"footnotes":"","jetpack_publicize_message":"","jetpack_publicize_feature_enabled":true,"jetpack_social_post_already_shared":false,"jetpack_social_options":{"image_generator_settings":{"template":"highway","default_image_id":0,"font":"","enabled":false},"version":2}},"categories":[151,11],"tags":[695],"class_list":["post-15223","post","type-post","status-publish","format-standard","has-post-thumbnail","hentry","category-empleados-de-comercio","category-entidades","tag-sindicato-comercio"],"jetpack_publicize_connections":[],"jetpack_featured_media_url":"https:\/\/revistaepocadigital.com.ar\/wp-content\/uploads\/2022\/03\/PHOTO-2022-03-08-08-28-09.bmp","jetpack_likes_enabled":true,"_links":{"self":[{"href":"https:\/\/revistaepocadigital.com.ar\/index.php?rest_route=\/wp\/v2\/posts\/15223","targetHints":{"allow":["GET"]}}],"collection":[{"href":"https:\/\/revistaepocadigital.com.ar\/index.php?rest_route=\/wp\/v2\/posts"}],"about":[{"href":"https:\/\/revistaepocadigital.com.ar\/index.php?rest_route=\/wp\/v2\/types\/post"}],"author":[{"embeddable":true,"href":"https:\/\/revistaepocadigital.com.ar\/index.php?rest_route=\/wp\/v2\/users\/3"}],"replies":[{"embeddable":true,"href":"https:\/\/revistaepocadigital.com.ar\/index.php?rest_route=%2Fwp%2Fv2%2Fcomments&post=15223"}],"version-history":[{"count":0,"href":"https:\/\/revistaepocadigital.com.ar\/index.php?rest_route=\/wp\/v2\/posts\/15223\/revisions"}],"wp:featuredmedia":[{"embeddable":true,"href":"https:\/\/revistaepocadigital.com.ar\/index.php?rest_route=\/wp\/v2\/media\/15225"}],"wp:attachment":[{"href":"https:\/\/revistaepocadigital.com.ar\/index.php?rest_route=%2Fwp%2Fv2%2Fmedia&parent=15223"}],"wp:term":[{"taxonomy":"category","embeddable":true,"href":"https:\/\/revistaepocadigital.com.ar\/index.php?rest_route=%2Fwp%2Fv2%2Fcategories&post=15223"},{"taxonomy":"post_tag","embeddable":true,"href":"https:\/\/revistaepocadigital.com.ar\/index.php?rest_route=%2Fwp%2Fv2%2Ftags&post=15223"}],"curies":[{"name":"wp","href":"https:\/\/api.w.org\/{rel}","templated":true}]}}