{"id":15231,"date":"2022-03-08T09:23:57","date_gmt":"2022-03-08T12:23:57","guid":{"rendered":"https:\/\/revistaepocadigital.com.ar\/?p=15231"},"modified":"2022-03-08T09:23:57","modified_gmt":"2022-03-08T12:23:57","slug":"en-la-semana-de-la-mujer-testea-tu-corazon","status":"publish","type":"post","link":"https:\/\/revistaepocadigital.com.ar\/?p=15231","title":{"rendered":"En la Semana de la Mujer, teste\u00e1 tu coraz\u00f3n"},"content":{"rendered":"<p><strong>LA PREVENCI\u00d3N, SIEMPRE.<\/strong><!--more--><\/p>\n<p>En el marco de la semana de la mujer, que se realiza del 7 al 13 de marzo, desde la municipalidad de Exaltaci\u00f3n de la\u00a0 Cruz, las invitaron &#8220;<em>a testear tu coraz\u00f3n para la prevenci\u00f3n de la ECV (enfermedad cardiovascular).<\/em><br \/>\n<em>Es importante que tomes conciencia acerca de la importancia que tiene para la mujer cuidar su coraz\u00f3n y prevenir los factores de riesgo que lo enferman.<\/em><br \/>\n<em>La ECV es la primera causa de muerte en las mujeres, seg\u00fan estad\u00edsticas mundiales y son prevenibles y\/o controlables en la mayor\u00eda de los casos.<\/em><br \/>\n<em>La detecci\u00f3n temprana resulta fundamental con la consulta peri\u00f3dica a tu m\u00e9dico, se deben conocer los valores de presi\u00f3n arterial, colesterol y niveles de az\u00facar en sangre.<\/em><br \/>\n<em>Adem\u00e1s, es importante el ejercicio f\u00edsico, no fumar, mantener una dieta equilibrada y conocer el historial m\u00e9dico familiar.<\/em><br \/>\n<em>Durante toda la semana compartiremos experiencias de vida y consejos para cuidar tu coraz\u00f3n, adem\u00e1s de poner a disposici\u00f3n diversos QR con informaci\u00f3n importante acerca de esta enfermedad.<\/em><\/p>\n","protected":false},"excerpt":{"rendered":"<p>LA PREVENCI\u00d3N, SIEMPRE.<\/p>\n","protected":false},"author":3,"featured_media":15233,"comment_status":"open","ping_status":"open","sticky":false,"template":"","format":"standard","meta":{"footnotes":"","jetpack_publicize_message":"","jetpack_publicize_feature_enabled":true,"jetpack_social_post_already_shared":false,"jetpack_social_options":{"image_generator_settings":{"template":"highway","default_image_id":0,"font":"","enabled":false},"version":2}},"categories":[4],"tags":[1790],"class_list":["post-15231","post","type-post","status-publish","format-standard","has-post-thumbnail","hentry","category-aqui-los-cardales","tag-semana-de-mujer"],"jetpack_publicize_connections":[],"jetpack_featured_media_url":"https:\/\/revistaepocadigital.com.ar\/wp-content\/uploads\/2022\/03\/MUY.bmp","jetpack_likes_enabled":true,"_links":{"self":[{"href":"https:\/\/revistaepocadigital.com.ar\/index.php?rest_route=\/wp\/v2\/posts\/15231","targetHints":{"allow":["GET"]}}],"collection":[{"href":"https:\/\/revistaepocadigital.com.ar\/index.php?rest_route=\/wp\/v2\/posts"}],"about":[{"href":"https:\/\/revistaepocadigital.com.ar\/index.php?rest_route=\/wp\/v2\/types\/post"}],"author":[{"embeddable":true,"href":"https:\/\/revistaepocadigital.com.ar\/index.php?rest_route=\/wp\/v2\/users\/3"}],"replies":[{"embeddable":true,"href":"https:\/\/revistaepocadigital.com.ar\/index.php?rest_route=%2Fwp%2Fv2%2Fcomments&post=15231"}],"version-history":[{"count":0,"href":"https:\/\/revistaepocadigital.com.ar\/index.php?rest_route=\/wp\/v2\/posts\/15231\/revisions"}],"wp:featuredmedia":[{"embeddable":true,"href":"https:\/\/revistaepocadigital.com.ar\/index.php?rest_route=\/wp\/v2\/media\/15233"}],"wp:attachment":[{"href":"https:\/\/revistaepocadigital.com.ar\/index.php?rest_route=%2Fwp%2Fv2%2Fmedia&parent=15231"}],"wp:term":[{"taxonomy":"category","embeddable":true,"href":"https:\/\/revistaepocadigital.com.ar\/index.php?rest_route=%2Fwp%2Fv2%2Fcategories&post=15231"},{"taxonomy":"post_tag","embeddable":true,"href":"https:\/\/revistaepocadigital.com.ar\/index.php?rest_route=%2Fwp%2Fv2%2Ftags&post=15231"}],"curies":[{"name":"wp","href":"https:\/\/api.w.org\/{rel}","templated":true}]}}