{"id":15239,"date":"2022-03-09T00:15:31","date_gmt":"2022-03-09T03:15:31","guid":{"rendered":"https:\/\/revistaepocadigital.com.ar\/?p=15239"},"modified":"2022-03-09T00:15:31","modified_gmt":"2022-03-09T03:15:31","slug":"becas-progresar-beneficiaria-una-chica-y-asi-seguira-estudiando","status":"publish","type":"post","link":"https:\/\/revistaepocadigital.com.ar\/?p=15239","title":{"rendered":"Becas Progresar, beneficiaria una chica y as\u00ed seguir\u00e1 estudiando"},"content":{"rendered":"<p><strong>ESTUDIANTE.<\/strong><!--more--><\/p>\n<p>La informaci\u00f3n difundida desde la Direcci\u00f3n de Ni\u00f1ez y Adolescencia, perteneciente a la Secretar\u00eda de Desarrollo de la Comunidad, indic\u00f3 que acompa\u00f1aron al Secretario General de Anses, Santiago Fraschina y al jefe de la oficina local, Emmanuel Mart\u00ednez, en la visita a Nancy Ayel\u00e9n Urquizo.<\/p>\n<p>La estudiante de 16 a\u00f1os, vecina de Los Cardales que, a trav\u00e9s de los operativos de inscripci\u00f3n al Progresar, result\u00f3 la beneficiaria y terminar\u00e1 sus estudios secundarios.<\/p>\n","protected":false},"excerpt":{"rendered":"<p>ESTUDIANTE.<\/p>\n","protected":false},"author":3,"featured_media":15240,"comment_status":"open","ping_status":"open","sticky":false,"template":"","format":"standard","meta":{"footnotes":"","jetpack_publicize_message":"","jetpack_publicize_feature_enabled":true,"jetpack_social_post_already_shared":false,"jetpack_social_options":{"image_generator_settings":{"template":"highway","default_image_id":0,"font":"","enabled":false},"version":2}},"categories":[4],"tags":[1792],"class_list":["post-15239","post","type-post","status-publish","format-standard","has-post-thumbnail","hentry","category-aqui-los-cardales","tag-becas-progresar"],"jetpack_publicize_connections":[],"jetpack_featured_media_url":"https:\/\/revistaepocadigital.com.ar\/wp-content\/uploads\/2022\/03\/becas.jpg","jetpack_likes_enabled":true,"_links":{"self":[{"href":"https:\/\/revistaepocadigital.com.ar\/index.php?rest_route=\/wp\/v2\/posts\/15239","targetHints":{"allow":["GET"]}}],"collection":[{"href":"https:\/\/revistaepocadigital.com.ar\/index.php?rest_route=\/wp\/v2\/posts"}],"about":[{"href":"https:\/\/revistaepocadigital.com.ar\/index.php?rest_route=\/wp\/v2\/types\/post"}],"author":[{"embeddable":true,"href":"https:\/\/revistaepocadigital.com.ar\/index.php?rest_route=\/wp\/v2\/users\/3"}],"replies":[{"embeddable":true,"href":"https:\/\/revistaepocadigital.com.ar\/index.php?rest_route=%2Fwp%2Fv2%2Fcomments&post=15239"}],"version-history":[{"count":0,"href":"https:\/\/revistaepocadigital.com.ar\/index.php?rest_route=\/wp\/v2\/posts\/15239\/revisions"}],"wp:featuredmedia":[{"embeddable":true,"href":"https:\/\/revistaepocadigital.com.ar\/index.php?rest_route=\/wp\/v2\/media\/15240"}],"wp:attachment":[{"href":"https:\/\/revistaepocadigital.com.ar\/index.php?rest_route=%2Fwp%2Fv2%2Fmedia&parent=15239"}],"wp:term":[{"taxonomy":"category","embeddable":true,"href":"https:\/\/revistaepocadigital.com.ar\/index.php?rest_route=%2Fwp%2Fv2%2Fcategories&post=15239"},{"taxonomy":"post_tag","embeddable":true,"href":"https:\/\/revistaepocadigital.com.ar\/index.php?rest_route=%2Fwp%2Fv2%2Ftags&post=15239"}],"curies":[{"name":"wp","href":"https:\/\/api.w.org\/{rel}","templated":true}]}}